{"id":7786,"date":"2023-05-16T17:34:52","date_gmt":"2023-05-16T20:34:52","guid":{"rendered":"https:\/\/queijosnobrasil.com.br\/site\/?p=7786"},"modified":"2023-09-17T08:10:53","modified_gmt":"2023-09-17T11:10:53","slug":"queijo-de-coalho-2","status":"publish","type":"post","link":"https:\/\/queijosnobrasil.com.br\/site\/queijo-de-coalho-2\/","title":{"rendered":"Queijo de Coalho"},"content":{"rendered":"<p><img fetchpriority=\"high\" decoding=\"async\" class=\"alignnone size-medium wp-image-8063\" src=\"https:\/\/queijosnobrasil.com.br\/site\/wp-content\/uploads\/2023\/05\/coalho-300x286.jpg\" alt=\"\" width=\"300\" height=\"286\" srcset=\"https:\/\/queijosnobrasil.com.br\/site\/wp-content\/uploads\/2023\/05\/coalho-300x286.jpg 300w, https:\/\/queijosnobrasil.com.br\/site\/wp-content\/uploads\/2023\/05\/coalho-1024x975.jpg 1024w, https:\/\/queijosnobrasil.com.br\/site\/wp-content\/uploads\/2023\/05\/coalho-768x731.jpg 768w, https:\/\/queijosnobrasil.com.br\/site\/wp-content\/uploads\/2023\/05\/coalho-1536x1462.jpg 1536w, https:\/\/queijosnobrasil.com.br\/site\/wp-content\/uploads\/2023\/05\/coalho-2048x1950.jpg 2048w\" sizes=\"(max-width: 300px) 100vw, 300px\" \/><\/p>\n<p><span style=\"font-family: verdana, geneva, sans-serif; color: #00ccff;\">1. Caracter\u00edsticas:<\/span><\/p>\n<p><span style=\"font-family: verdana, geneva, sans-serif;\">Formato: retangular (3 quilos), bloco (6 quilos), fatias (80 gramas cada);<\/span><\/p>\n<p><span style=\"font-family: verdana, geneva, sans-serif;\">Sabor: levemente \u00e1cido e salgado;<\/span><\/p>\n<p><span style=\"font-family: verdana, geneva, sans-serif;\">Massa: cozida e prensada, com textura fechada.<\/span><\/p>\n<p><span style=\"font-family: verdana, geneva, sans-serif;\">Produto tipicamente nacional, fabricado extensivamente no Nordeste do Brasil, tamb\u00e9m denominado queijo do Sert\u00e3o, sem matura\u00e7\u00e3o e salgado. Ponto chave: este produto n\u00e3o deve \u201cfilar&#8221;.<\/span><\/p>\n<p><span style=\"font-family: verdana, geneva, sans-serif; color: #00ccff;\">2. Padr\u00e3o de qualidade<\/span><\/p>\n<table border=\"1\" cellspacing=\"0\" cellpadding=\"0\">\n<tbody>\n<tr>\n<td valign=\"top\" width=\"192\">\n<p align=\"center\"><span style=\"font-family: verdana, geneva, sans-serif; color: #00ccff;\">\u00cdndice<\/span><\/p>\n<\/td>\n<td valign=\"top\" width=\"175\">\n<p align=\"center\"><span style=\"font-family: verdana, geneva, sans-serif; color: #00ccff;\">Ap\u00f3s a salga<\/span><\/p>\n<\/td>\n<td valign=\"top\" width=\"209\">\n<p align=\"center\"><span style=\"font-family: verdana, geneva, sans-serif; color: #00ccff;\">Ap\u00f3s matura\u00e7\u00e3o<\/span><\/p>\n<\/td>\n<\/tr>\n<tr>\n<td valign=\"top\" width=\"192\">\n<p align=\"center\"><span style=\"font-family: verdana, geneva, sans-serif;\">% de umidade<\/span><\/p>\n<\/td>\n<td valign=\"top\" width=\"175\">\n<p align=\"center\"><span style=\"font-family: verdana, geneva, sans-serif;\">42 \u2013 46<\/span><\/p>\n<\/td>\n<td valign=\"top\" width=\"209\">\n<p align=\"center\"><span style=\"font-family: verdana, geneva, sans-serif;\">&#8211;<\/span><\/p>\n<\/td>\n<\/tr>\n<tr>\n<td valign=\"top\" width=\"192\">\n<p align=\"center\"><span style=\"font-family: verdana, geneva, sans-serif;\">% de sal<\/span><\/p>\n<\/td>\n<td valign=\"top\" width=\"175\">\n<p align=\"center\"><span style=\"font-family: verdana, geneva, sans-serif;\">1,8 \u2013 2,2<\/span><\/p>\n<\/td>\n<td valign=\"top\" width=\"209\">\n<p align=\"center\"><span style=\"font-family: verdana, geneva, sans-serif;\">&#8211;<\/span><\/p>\n<\/td>\n<\/tr>\n<tr>\n<td valign=\"top\" width=\"192\">\n<p align=\"center\"><span style=\"font-family: verdana, geneva, sans-serif;\">pH<\/span><\/p>\n<\/td>\n<td valign=\"top\" width=\"175\">\n<p align=\"center\"><span style=\"font-family: verdana, geneva, sans-serif;\">5,8 \u2013 6,4<\/span><\/p>\n<\/td>\n<td valign=\"top\" width=\"209\">\n<p align=\"center\"><span style=\"font-family: verdana, geneva, sans-serif;\">&#8211;<\/span><\/p>\n<\/td>\n<\/tr>\n<tr>\n<td valign=\"top\" width=\"192\">\n<p align=\"center\"><span style=\"font-family: verdana, geneva, sans-serif;\">% de GES (m\u00ednimo)<\/span><\/p>\n<\/td>\n<td valign=\"top\" width=\"175\">\n<p align=\"center\"><span style=\"font-family: verdana, geneva, sans-serif;\">48<\/span><\/p>\n<\/td>\n<td valign=\"top\" width=\"209\">\n<p align=\"center\"><span style=\"font-family: verdana, geneva, sans-serif;\">&#8211;<\/span><\/p>\n<\/td>\n<\/tr>\n<tr>\n<td valign=\"top\" width=\"192\">\n<p align=\"center\"><span style=\"font-family: verdana, geneva, sans-serif;\">% de prote\u00edna total<\/span><\/p>\n<\/td>\n<td valign=\"top\" width=\"175\">\n<p align=\"center\"><span style=\"font-family: verdana, geneva, sans-serif;\">24 \u2013 26%<\/span><\/p>\n<\/td>\n<td valign=\"top\" width=\"209\">\n<p align=\"center\"><span style=\"font-family: verdana, geneva, sans-serif;\">&#8211;<\/span><\/p>\n<\/td>\n<\/tr>\n<tr>\n<td valign=\"top\" width=\"192\">\n<p align=\"center\"><span style=\"font-family: verdana, geneva, sans-serif;\">% prote\u00edna sol\u00favel<\/span><\/p>\n<\/td>\n<td valign=\"top\" width=\"175\">\n<p align=\"center\"><span style=\"font-family: verdana, geneva, sans-serif;\">&#8211;<\/span><\/p>\n<\/td>\n<td valign=\"top\" width=\"209\">\n<p align=\"center\"><span style=\"font-family: verdana, geneva, sans-serif;\">&#8211;<\/span><\/p>\n<\/td>\n<\/tr>\n<tr>\n<td valign=\"top\" width=\"192\">\n<p align=\"center\"><span style=\"font-family: verdana, geneva, sans-serif;\">% \u00edndice de matura\u00e7\u00e3o<\/span><\/p>\n<\/td>\n<td valign=\"top\" width=\"175\">\n<p align=\"center\"><span style=\"font-family: verdana, geneva, sans-serif;\">&#8211;<\/span><\/p>\n<\/td>\n<td valign=\"top\" width=\"209\">\n<p align=\"center\"><span style=\"font-family: verdana, geneva, sans-serif;\">&#8211;<\/span><\/p>\n<\/td>\n<\/tr>\n<tr>\n<td valign=\"top\" width=\"192\">\n<p align=\"center\"><span style=\"font-family: verdana, geneva, sans-serif;\">Dias matura\u00e7\u00e3o<\/span><\/p>\n<\/td>\n<td valign=\"top\" width=\"175\">\n<p align=\"center\"><span style=\"font-family: verdana, geneva, sans-serif;\">n\u00e3o h\u00e1 matura\u00e7\u00e3o<\/span><\/p>\n<\/td>\n<td valign=\"top\" width=\"209\">\n<p align=\"center\"><span style=\"font-family: verdana, geneva, sans-serif;\">&#8211;<\/span><\/p>\n<\/td>\n<\/tr>\n<\/tbody>\n<\/table>\n<p><a href=\"https:\/\/www.queijosnobrasil.com\/kit-fabricar-queijo-coalho\"><span style=\"font-family: verdana, geneva, sans-serif; color: #00ccff;\">Conhe\u00e7a o KIT para fabrica\u00e7\u00e3o de Queijo de Coalho e fa\u00e7a em casa!<\/span><\/a><\/p>\n<p><span style=\"font-family: verdana, geneva, sans-serif;\">3. Tecnologia<\/span><\/p>\n<p><span style=\"font-family: verdana, geneva, sans-serif;\">Leite: filtrado, padronizado, pasteurizado acidez 15 a 18\u00baD (demais provas f\u00edsico-qu\u00edmicas conforme regulamento t\u00e9cnico).<\/span><\/p>\n<p><span style=\"font-family: verdana, geneva, sans-serif;\">Gordura: 3,0 a 3,2%<\/span><\/p>\n<p><span style=\"font-family: verdana, geneva, sans-serif;\">Cloreto de c\u00e1lcio (sol. 40% m\/m): 40 a 50 ml para 100 litros de leite.<\/span><\/p>\n<p><span style=\"font-family: verdana, geneva, sans-serif;\">Fermento l\u00e1tico: sem adi\u00e7\u00e3o de fermento.<\/span><\/p>\n<p><span style=\"font-family: verdana, geneva, sans-serif;\">Temperatura adi\u00e7\u00e3o do coagulante: 34 a 35\u00baC.<\/span><\/p>\n<p><span style=\"font-family: verdana, geneva, sans-serif;\"><a href=\"https:\/\/www.queijosnobrasil.com\/coagulantes\"><span style=\"color: #00ccff;\">COAGULANTE QUIMASE<\/span><\/a> na dosagem de 20 ml para cada 100 litros de leite.<\/span><\/p>\n<p><span style=\"font-family: verdana, geneva, sans-serif;\">Tempo de coagula\u00e7\u00e3o: 35 a 45 minutos.<\/span><\/p>\n<p><span style=\"font-family: verdana, geneva, sans-serif;\">Corte: lento.<\/span><\/p>\n<p><span style=\"font-family: verdana, geneva, sans-serif;\">Gr\u00e3o: 3 a 4 (gr\u00e3o 4 quando se desejar um queijo mais firme com maior durabilidade e resist\u00eancia ao assamento por carv\u00e3o).<\/span><\/p>\n<p><span style=\"font-family: verdana, geneva, sans-serif;\">Repouso: 5 minutos.<\/span><\/p>\n<p><span style=\"font-family: verdana, geneva, sans-serif;\">Mexedura: mexer lentamente por 5 e intervalos de repouso de 3 minutos. Ap\u00f3s 20 minutos fazer aquecimento at\u00e9 atingir a temperatura de 45\u00baC.<\/span><\/p>\n<p><span style=\"font-family: verdana, geneva, sans-serif;\">Ponto: em torno de 60 a 80 minutos, com os gr\u00e3os apresentando determinada caracter\u00edstica de consist\u00eancia. Verificar na pr\u00e1tica.<\/span><\/p>\n<p><span style=\"font-family: verdana, geneva, sans-serif;\">Dessoragem: retirar uma quantidade de soro at\u00e9 que a massa comece a aparecer. Fazer a salga na propor\u00e7\u00e3o de 1,5 at\u00e9 2 quilos de sal por cada 100 litros de leite.<\/span><\/p>\n<p><span style=\"font-family: verdana, geneva, sans-serif;\">Pr\u00e9 prensagem: com peso igual a 2 vezes mais ao peso da massa (podendo ser manual ou pneum\u00e1tica) por 20 minutos. Ap\u00f3s a pr\u00e9 prensagem faz-se a enformagem com as formas forradas com dessoradores de pano ou nylon.<\/span><\/p>\n<p><span style=\"font-family: verdana, geneva, sans-serif;\">Prensagem:<\/span><br \/>\n<span style=\"font-family: verdana, geneva, sans-serif;\">Press\u00e3o 1: 30 a 35 libras\/ 15 a 20 minutos e virar os queijos (pneum\u00e1tica).<\/span><\/p>\n<p><span style=\"font-family: verdana, geneva, sans-serif;\">Press\u00e3o 2: 40 a 45 libras\/ 60 minutos (pneum\u00e1tica).<\/span><\/p>\n<p><span style=\"font-family: verdana, geneva, sans-serif;\">Prensa manual: prensar 15 minutos com os pesos (15 quilos para cada coluna), virar os queijos e prensar novamente e deixar por mais 90 minutos.<\/span><\/p>\n<p><span style=\"font-family: verdana, geneva, sans-serif;\">Depois de prensados os queijos podem ser destinados para c\u00e2mara fria, permanecendo at\u00e9 o dia seguinte para serem fracionados e\/ou embalados.<\/span><\/p>\n<p><span style=\"font-family: verdana, geneva, sans-serif;\">O consumo pode ser imediato e a vida de prateleira \u00e9 condicionada \u00e0s BPFs, tipo, dose e adi\u00e7\u00e3o de fermento, condi\u00e7\u00f5es de armazenagem, etc.<\/span><\/p>\n<p><span style=\"font-family: verdana, geneva, sans-serif;\">Importante lembrar que este queijo \u00e9 destinado ao assamento em chapas, grelhas, churrasqueiras e sua resist\u00eancia a tais procedimentos est\u00e3o condicionadas ao ponto, estado de matura\u00e7\u00e3o, abaixamento de pH, etc.<\/span><\/p>\n<p><span style=\"font-family: verdana, geneva, sans-serif;\">Rendimento: 8,5 a 9,5 litros de leite por quilo de queijo.<\/span><\/p>\n<p><span style=\"font-family: verdana, geneva, sans-serif;\">Autor:<\/span><br \/>\n<span style=\"font-family: verdana, geneva, sans-serif;\">Prof\u00ba Fernando Rodrigues<\/span><br \/>\n<span style=\"font-family: verdana, geneva, sans-serif;\">Este material pode ser copiado ou reproduzido desde que\u00a0se cite a fonte.<\/span><\/p>\n<p><a href=\"https:\/\/www.queijosnobrasil.com\/\"><img decoding=\"async\" class=\"size-medium wp-image-7443 aligncenter\" src=\"https:\/\/queijosnobrasil.com.br\/site\/wp-content\/uploads\/2023\/05\/tira_loja-300x38.png\" alt=\"\" width=\"300\" height=\"38\" srcset=\"https:\/\/queijosnobrasil.com.br\/site\/wp-content\/uploads\/2023\/05\/tira_loja-300x38.png 300w, https:\/\/queijosnobrasil.com.br\/site\/wp-content\/uploads\/2023\/05\/tira_loja.png 583w\" sizes=\"(max-width: 300px) 100vw, 300px\" \/><\/a><\/p>\n","protected":false},"excerpt":{"rendered":"<p>1. Caracter\u00edsticas: Formato: retangular (3 quilos), bloco (6 quilos), fatias (80 gramas cada); Sabor: levemente \u00e1cido e salgado; Massa: cozida e prensada, com textura fechada. Produto tipicamente nacional, fabricado extensivamente no Nordeste do Brasil, tamb\u00e9m denominado queijo do Sert\u00e3o, sem matura\u00e7\u00e3o e salgado. Ponto chave: este produto n\u00e3o deve \u201cfilar&#8221;. 2. Padr\u00e3o de qualidade \u00cdndice [&hellip;]<\/p>\n","protected":false},"author":1,"featured_media":0,"comment_status":"open","ping_status":"open","sticky":false,"template":"","format":"standard","meta":{"footnotes":""},"categories":[214],"tags":[232,230,231],"class_list":["post-7786","post","type-post","status-publish","format-standard","hentry","category-tudo-sobre-queijo","tag-como-fazer-queijo","tag-curso-de-queijo","tag-queijo-coalho"],"yoast_head":"<!-- This site is optimized with the Yoast SEO plugin v27.2 - https:\/\/yoast.com\/product\/yoast-seo-wordpress\/ -->\n<title>Queijo de Coalho - Queijos no Brasil<\/title>\n<meta name=\"robots\" content=\"index, follow, max-snippet:-1, max-image-preview:large, max-video-preview:-1\" \/>\n<link rel=\"canonical\" href=\"https:\/\/queijosnobrasil.com.br\/site\/queijo-de-coalho-2\/\" \/>\n<meta property=\"og:locale\" content=\"pt_BR\" \/>\n<meta property=\"og:type\" content=\"article\" \/>\n<meta property=\"og:title\" content=\"Queijo de Coalho - Queijos no Brasil\" \/>\n<meta property=\"og:description\" content=\"1. Caracter\u00edsticas: Formato: retangular (3 quilos), bloco (6 quilos), fatias (80 gramas cada); Sabor: levemente \u00e1cido e salgado; Massa: cozida e prensada, com textura fechada. Produto tipicamente nacional, fabricado extensivamente no Nordeste do Brasil, tamb\u00e9m denominado queijo do Sert\u00e3o, sem matura\u00e7\u00e3o e salgado. Ponto chave: este produto n\u00e3o deve \u201cfilar&#8221;. 2. Padr\u00e3o de qualidade \u00cdndice [&hellip;]\" \/>\n<meta property=\"og:url\" content=\"https:\/\/queijosnobrasil.com.br\/site\/queijo-de-coalho-2\/\" \/>\n<meta property=\"og:site_name\" content=\"Queijos no Brasil\" \/>\n<meta property=\"article:published_time\" content=\"2023-05-16T20:34:52+00:00\" \/>\n<meta property=\"article:modified_time\" content=\"2023-09-17T11:10:53+00:00\" \/>\n<meta property=\"og:image\" content=\"https:\/\/queijosnobrasil.com.br\/site\/wp-content\/uploads\/2023\/05\/coalho-scaled.jpg\" \/>\n\t<meta property=\"og:image:width\" content=\"2560\" \/>\n\t<meta property=\"og:image:height\" content=\"2437\" \/>\n\t<meta property=\"og:image:type\" content=\"image\/jpeg\" \/>\n<meta name=\"author\" content=\"Queijos no Brasil\" \/>\n<meta name=\"twitter:card\" content=\"summary_large_image\" \/>\n<meta name=\"twitter:label1\" content=\"Escrito por\" \/>\n\t<meta name=\"twitter:data1\" content=\"Queijos no Brasil\" \/>\n\t<meta name=\"twitter:label2\" content=\"Est. tempo de leitura\" \/>\n\t<meta name=\"twitter:data2\" content=\"2 minutos\" \/>\n<script type=\"application\/ld+json\" class=\"yoast-schema-graph\">{\"@context\":\"https:\/\/schema.org\",\"@graph\":[{\"@type\":\"Article\",\"@id\":\"https:\/\/queijosnobrasil.com.br\/site\/queijo-de-coalho-2\/#article\",\"isPartOf\":{\"@id\":\"https:\/\/queijosnobrasil.com.br\/site\/queijo-de-coalho-2\/\"},\"author\":{\"name\":\"Queijos no Brasil\",\"@id\":\"https:\/\/queijosnobrasil.com.br\/site\/#\/schema\/person\/ffd948f2dd090403c987eb626885f72c\"},\"headline\":\"Queijo de Coalho\",\"datePublished\":\"2023-05-16T20:34:52+00:00\",\"dateModified\":\"2023-09-17T11:10:53+00:00\",\"mainEntityOfPage\":{\"@id\":\"https:\/\/queijosnobrasil.com.br\/site\/queijo-de-coalho-2\/\"},\"wordCount\":470,\"commentCount\":0,\"publisher\":{\"@id\":\"https:\/\/queijosnobrasil.com.br\/site\/#organization\"},\"image\":{\"@id\":\"https:\/\/queijosnobrasil.com.br\/site\/queijo-de-coalho-2\/#primaryimage\"},\"thumbnailUrl\":\"https:\/\/queijosnobrasil.com.br\/site\/wp-content\/uploads\/2023\/05\/coalho-300x286.jpg\",\"keywords\":[\"como fazer queijo\",\"curso de queijo\",\"queijo coalho\"],\"articleSection\":[\"Tudo sobre Queijo\"],\"inLanguage\":\"pt-BR\",\"potentialAction\":[{\"@type\":\"CommentAction\",\"name\":\"Comment\",\"target\":[\"https:\/\/queijosnobrasil.com.br\/site\/queijo-de-coalho-2\/#respond\"]}]},{\"@type\":\"WebPage\",\"@id\":\"https:\/\/queijosnobrasil.com.br\/site\/queijo-de-coalho-2\/\",\"url\":\"https:\/\/queijosnobrasil.com.br\/site\/queijo-de-coalho-2\/\",\"name\":\"Queijo de Coalho - Queijos no Brasil\",\"isPartOf\":{\"@id\":\"https:\/\/queijosnobrasil.com.br\/site\/#website\"},\"primaryImageOfPage\":{\"@id\":\"https:\/\/queijosnobrasil.com.br\/site\/queijo-de-coalho-2\/#primaryimage\"},\"image\":{\"@id\":\"https:\/\/queijosnobrasil.com.br\/site\/queijo-de-coalho-2\/#primaryimage\"},\"thumbnailUrl\":\"https:\/\/queijosnobrasil.com.br\/site\/wp-content\/uploads\/2023\/05\/coalho-300x286.jpg\",\"datePublished\":\"2023-05-16T20:34:52+00:00\",\"dateModified\":\"2023-09-17T11:10:53+00:00\",\"breadcrumb\":{\"@id\":\"https:\/\/queijosnobrasil.com.br\/site\/queijo-de-coalho-2\/#breadcrumb\"},\"inLanguage\":\"pt-BR\",\"potentialAction\":[{\"@type\":\"ReadAction\",\"target\":[\"https:\/\/queijosnobrasil.com.br\/site\/queijo-de-coalho-2\/\"]}]},{\"@type\":\"ImageObject\",\"inLanguage\":\"pt-BR\",\"@id\":\"https:\/\/queijosnobrasil.com.br\/site\/queijo-de-coalho-2\/#primaryimage\",\"url\":\"https:\/\/queijosnobrasil.com.br\/site\/wp-content\/uploads\/2023\/05\/coalho-scaled.jpg\",\"contentUrl\":\"https:\/\/queijosnobrasil.com.br\/site\/wp-content\/uploads\/2023\/05\/coalho-scaled.jpg\",\"width\":2560,\"height\":2437},{\"@type\":\"BreadcrumbList\",\"@id\":\"https:\/\/queijosnobrasil.com.br\/site\/queijo-de-coalho-2\/#breadcrumb\",\"itemListElement\":[{\"@type\":\"ListItem\",\"position\":1,\"name\":\"In\u00edcio\",\"item\":\"https:\/\/queijosnobrasil.com.br\/site\/\"},{\"@type\":\"ListItem\",\"position\":2,\"name\":\"Queijo de Coalho\"}]},{\"@type\":\"WebSite\",\"@id\":\"https:\/\/queijosnobrasil.com.br\/site\/#website\",\"url\":\"https:\/\/queijosnobrasil.com.br\/site\/\",\"name\":\"Queijos no Brasil\",\"description\":\"Empresa voltada a difus\u00e3o de t\u00e9cnicas de fabrica\u00e7\u00e3o e com\u00e9rcio de ingredientes para produtos l\u00e1cteos : queijo (mussarela, Minas Frescal, coalho, ricota...), iogurte, coalhada, requeij\u00e3o, doce de leite e derivados l\u00e1ticos em geral.\",\"publisher\":{\"@id\":\"https:\/\/queijosnobrasil.com.br\/site\/#organization\"},\"potentialAction\":[{\"@type\":\"SearchAction\",\"target\":{\"@type\":\"EntryPoint\",\"urlTemplate\":\"https:\/\/queijosnobrasil.com.br\/site\/?s={search_term_string}\"},\"query-input\":{\"@type\":\"PropertyValueSpecification\",\"valueRequired\":true,\"valueName\":\"search_term_string\"}}],\"inLanguage\":\"pt-BR\"},{\"@type\":\"Organization\",\"@id\":\"https:\/\/queijosnobrasil.com.br\/site\/#organization\",\"name\":\"Queijos no Brasil\",\"url\":\"https:\/\/queijosnobrasil.com.br\/site\/\",\"logo\":{\"@type\":\"ImageObject\",\"inLanguage\":\"pt-BR\",\"@id\":\"https:\/\/queijosnobrasil.com.br\/site\/#\/schema\/logo\/image\/\",\"url\":\"https:\/\/queijosnobrasil.com.br\/site\/wp-content\/uploads\/2025\/04\/logo-1.webp\",\"contentUrl\":\"https:\/\/queijosnobrasil.com.br\/site\/wp-content\/uploads\/2025\/04\/logo-1.webp\",\"width\":288,\"height\":288,\"caption\":\"Queijos no Brasil\"},\"image\":{\"@id\":\"https:\/\/queijosnobrasil.com.br\/site\/#\/schema\/logo\/image\/\"},\"sameAs\":[\"https:\/\/www.youtube.com\/@queijosnobrasil1698\"]},{\"@type\":\"Person\",\"@id\":\"https:\/\/queijosnobrasil.com.br\/site\/#\/schema\/person\/ffd948f2dd090403c987eb626885f72c\",\"name\":\"Queijos no Brasil\",\"image\":{\"@type\":\"ImageObject\",\"inLanguage\":\"pt-BR\",\"@id\":\"https:\/\/secure.gravatar.com\/avatar\/670b886dc6ab5c07aeb3effa3b8646ea730b765de2cd4c96f5dd2d6a6b9867d0?s=96&d=mm&r=g\",\"url\":\"https:\/\/secure.gravatar.com\/avatar\/670b886dc6ab5c07aeb3effa3b8646ea730b765de2cd4c96f5dd2d6a6b9867d0?s=96&d=mm&r=g\",\"contentUrl\":\"https:\/\/secure.gravatar.com\/avatar\/670b886dc6ab5c07aeb3effa3b8646ea730b765de2cd4c96f5dd2d6a6b9867d0?s=96&d=mm&r=g\",\"caption\":\"Queijos no Brasil\"},\"url\":\"https:\/\/queijosnobrasil.com.br\/site\/author\/admin\/\"}]}<\/script>\n<!-- \/ Yoast SEO plugin. -->","yoast_head_json":{"title":"Queijo de Coalho - Queijos no Brasil","robots":{"index":"index","follow":"follow","max-snippet":"max-snippet:-1","max-image-preview":"max-image-preview:large","max-video-preview":"max-video-preview:-1"},"canonical":"https:\/\/queijosnobrasil.com.br\/site\/queijo-de-coalho-2\/","og_locale":"pt_BR","og_type":"article","og_title":"Queijo de Coalho - Queijos no Brasil","og_description":"1. Caracter\u00edsticas: Formato: retangular (3 quilos), bloco (6 quilos), fatias (80 gramas cada); Sabor: levemente \u00e1cido e salgado; Massa: cozida e prensada, com textura fechada. Produto tipicamente nacional, fabricado extensivamente no Nordeste do Brasil, tamb\u00e9m denominado queijo do Sert\u00e3o, sem matura\u00e7\u00e3o e salgado. Ponto chave: este produto n\u00e3o deve \u201cfilar&#8221;. 2. Padr\u00e3o de qualidade \u00cdndice [&hellip;]","og_url":"https:\/\/queijosnobrasil.com.br\/site\/queijo-de-coalho-2\/","og_site_name":"Queijos no Brasil","article_published_time":"2023-05-16T20:34:52+00:00","article_modified_time":"2023-09-17T11:10:53+00:00","og_image":[{"width":2560,"height":2437,"url":"https:\/\/queijosnobrasil.com.br\/site\/wp-content\/uploads\/2023\/05\/coalho-scaled.jpg","type":"image\/jpeg"}],"author":"Queijos no Brasil","twitter_card":"summary_large_image","twitter_misc":{"Escrito por":"Queijos no Brasil","Est. tempo de leitura":"2 minutos"},"schema":{"@context":"https:\/\/schema.org","@graph":[{"@type":"Article","@id":"https:\/\/queijosnobrasil.com.br\/site\/queijo-de-coalho-2\/#article","isPartOf":{"@id":"https:\/\/queijosnobrasil.com.br\/site\/queijo-de-coalho-2\/"},"author":{"name":"Queijos no Brasil","@id":"https:\/\/queijosnobrasil.com.br\/site\/#\/schema\/person\/ffd948f2dd090403c987eb626885f72c"},"headline":"Queijo de Coalho","datePublished":"2023-05-16T20:34:52+00:00","dateModified":"2023-09-17T11:10:53+00:00","mainEntityOfPage":{"@id":"https:\/\/queijosnobrasil.com.br\/site\/queijo-de-coalho-2\/"},"wordCount":470,"commentCount":0,"publisher":{"@id":"https:\/\/queijosnobrasil.com.br\/site\/#organization"},"image":{"@id":"https:\/\/queijosnobrasil.com.br\/site\/queijo-de-coalho-2\/#primaryimage"},"thumbnailUrl":"https:\/\/queijosnobrasil.com.br\/site\/wp-content\/uploads\/2023\/05\/coalho-300x286.jpg","keywords":["como fazer queijo","curso de queijo","queijo coalho"],"articleSection":["Tudo sobre Queijo"],"inLanguage":"pt-BR","potentialAction":[{"@type":"CommentAction","name":"Comment","target":["https:\/\/queijosnobrasil.com.br\/site\/queijo-de-coalho-2\/#respond"]}]},{"@type":"WebPage","@id":"https:\/\/queijosnobrasil.com.br\/site\/queijo-de-coalho-2\/","url":"https:\/\/queijosnobrasil.com.br\/site\/queijo-de-coalho-2\/","name":"Queijo de Coalho - Queijos no Brasil","isPartOf":{"@id":"https:\/\/queijosnobrasil.com.br\/site\/#website"},"primaryImageOfPage":{"@id":"https:\/\/queijosnobrasil.com.br\/site\/queijo-de-coalho-2\/#primaryimage"},"image":{"@id":"https:\/\/queijosnobrasil.com.br\/site\/queijo-de-coalho-2\/#primaryimage"},"thumbnailUrl":"https:\/\/queijosnobrasil.com.br\/site\/wp-content\/uploads\/2023\/05\/coalho-300x286.jpg","datePublished":"2023-05-16T20:34:52+00:00","dateModified":"2023-09-17T11:10:53+00:00","breadcrumb":{"@id":"https:\/\/queijosnobrasil.com.br\/site\/queijo-de-coalho-2\/#breadcrumb"},"inLanguage":"pt-BR","potentialAction":[{"@type":"ReadAction","target":["https:\/\/queijosnobrasil.com.br\/site\/queijo-de-coalho-2\/"]}]},{"@type":"ImageObject","inLanguage":"pt-BR","@id":"https:\/\/queijosnobrasil.com.br\/site\/queijo-de-coalho-2\/#primaryimage","url":"https:\/\/queijosnobrasil.com.br\/site\/wp-content\/uploads\/2023\/05\/coalho-scaled.jpg","contentUrl":"https:\/\/queijosnobrasil.com.br\/site\/wp-content\/uploads\/2023\/05\/coalho-scaled.jpg","width":2560,"height":2437},{"@type":"BreadcrumbList","@id":"https:\/\/queijosnobrasil.com.br\/site\/queijo-de-coalho-2\/#breadcrumb","itemListElement":[{"@type":"ListItem","position":1,"name":"In\u00edcio","item":"https:\/\/queijosnobrasil.com.br\/site\/"},{"@type":"ListItem","position":2,"name":"Queijo de Coalho"}]},{"@type":"WebSite","@id":"https:\/\/queijosnobrasil.com.br\/site\/#website","url":"https:\/\/queijosnobrasil.com.br\/site\/","name":"Queijos no Brasil","description":"Empresa voltada a difus\u00e3o de t\u00e9cnicas de fabrica\u00e7\u00e3o e com\u00e9rcio de ingredientes para produtos l\u00e1cteos : queijo (mussarela, Minas Frescal, coalho, ricota...), iogurte, coalhada, requeij\u00e3o, doce de leite e derivados l\u00e1ticos em geral.","publisher":{"@id":"https:\/\/queijosnobrasil.com.br\/site\/#organization"},"potentialAction":[{"@type":"SearchAction","target":{"@type":"EntryPoint","urlTemplate":"https:\/\/queijosnobrasil.com.br\/site\/?s={search_term_string}"},"query-input":{"@type":"PropertyValueSpecification","valueRequired":true,"valueName":"search_term_string"}}],"inLanguage":"pt-BR"},{"@type":"Organization","@id":"https:\/\/queijosnobrasil.com.br\/site\/#organization","name":"Queijos no Brasil","url":"https:\/\/queijosnobrasil.com.br\/site\/","logo":{"@type":"ImageObject","inLanguage":"pt-BR","@id":"https:\/\/queijosnobrasil.com.br\/site\/#\/schema\/logo\/image\/","url":"https:\/\/queijosnobrasil.com.br\/site\/wp-content\/uploads\/2025\/04\/logo-1.webp","contentUrl":"https:\/\/queijosnobrasil.com.br\/site\/wp-content\/uploads\/2025\/04\/logo-1.webp","width":288,"height":288,"caption":"Queijos no Brasil"},"image":{"@id":"https:\/\/queijosnobrasil.com.br\/site\/#\/schema\/logo\/image\/"},"sameAs":["https:\/\/www.youtube.com\/@queijosnobrasil1698"]},{"@type":"Person","@id":"https:\/\/queijosnobrasil.com.br\/site\/#\/schema\/person\/ffd948f2dd090403c987eb626885f72c","name":"Queijos no Brasil","image":{"@type":"ImageObject","inLanguage":"pt-BR","@id":"https:\/\/secure.gravatar.com\/avatar\/670b886dc6ab5c07aeb3effa3b8646ea730b765de2cd4c96f5dd2d6a6b9867d0?s=96&d=mm&r=g","url":"https:\/\/secure.gravatar.com\/avatar\/670b886dc6ab5c07aeb3effa3b8646ea730b765de2cd4c96f5dd2d6a6b9867d0?s=96&d=mm&r=g","contentUrl":"https:\/\/secure.gravatar.com\/avatar\/670b886dc6ab5c07aeb3effa3b8646ea730b765de2cd4c96f5dd2d6a6b9867d0?s=96&d=mm&r=g","caption":"Queijos no Brasil"},"url":"https:\/\/queijosnobrasil.com.br\/site\/author\/admin\/"}]}},"_links":{"self":[{"href":"https:\/\/queijosnobrasil.com.br\/site\/wp-json\/wp\/v2\/posts\/7786","targetHints":{"allow":["GET"]}}],"collection":[{"href":"https:\/\/queijosnobrasil.com.br\/site\/wp-json\/wp\/v2\/posts"}],"about":[{"href":"https:\/\/queijosnobrasil.com.br\/site\/wp-json\/wp\/v2\/types\/post"}],"author":[{"embeddable":true,"href":"https:\/\/queijosnobrasil.com.br\/site\/wp-json\/wp\/v2\/users\/1"}],"replies":[{"embeddable":true,"href":"https:\/\/queijosnobrasil.com.br\/site\/wp-json\/wp\/v2\/comments?post=7786"}],"version-history":[{"count":7,"href":"https:\/\/queijosnobrasil.com.br\/site\/wp-json\/wp\/v2\/posts\/7786\/revisions"}],"predecessor-version":[{"id":8006,"href":"https:\/\/queijosnobrasil.com.br\/site\/wp-json\/wp\/v2\/posts\/7786\/revisions\/8006"}],"wp:attachment":[{"href":"https:\/\/queijosnobrasil.com.br\/site\/wp-json\/wp\/v2\/media?parent=7786"}],"wp:term":[{"taxonomy":"category","embeddable":true,"href":"https:\/\/queijosnobrasil.com.br\/site\/wp-json\/wp\/v2\/categories?post=7786"},{"taxonomy":"post_tag","embeddable":true,"href":"https:\/\/queijosnobrasil.com.br\/site\/wp-json\/wp\/v2\/tags?post=7786"}],"curies":[{"name":"wp","href":"https:\/\/api.w.org\/{rel}","templated":true}]}}