{"id":7607,"date":"2023-05-16T16:04:04","date_gmt":"2023-05-16T19:04:04","guid":{"rendered":"https:\/\/queijosnobrasil.com.br\/site\/?p=7607"},"modified":"2024-11-25T20:59:43","modified_gmt":"2024-11-25T23:59:43","slug":"queijo-canastra-fabricacao-caseira","status":"publish","type":"post","link":"https:\/\/queijosnobrasil.com.br\/site\/queijo-canastra-fabricacao-caseira\/","title":{"rendered":"Queijo Canastra &#8211; Fabrica\u00e7\u00e3o Caseira"},"content":{"rendered":"<p><img fetchpriority=\"high\" decoding=\"async\" class=\"alignnone size-full wp-image-7609\" src=\"https:\/\/queijosnobrasil.com.br\/site\/wp-content\/uploads\/2023\/05\/canastra.gif\" alt=\"\" width=\"550\" height=\"367\" \/><br \/>\n<span style=\"font-family: verdana, geneva, sans-serif;\">O queijo Minas artesanal da Serra da Canastra \u00e9 um queijo elaborado a partir de leite cru que apresenta consist\u00eancia dita intermedi\u00e1ria (semidura) tendendo ao macio (reflexo do teor de gordura do leite integral, tempo de mexedura, extra\u00e7\u00e3o de soro e tempo de cura).<\/span><\/p>\n<p><span style=\"font-family: verdana, geneva, sans-serif;\">O formato \u00e9 cil\u00edndrico, com altura entre\u00a04,0 a 6,0\u00a0cm e di\u00e2metro entre\u00a015 a 17\u00a0cm o que se traduz em pe\u00e7as entre\u00a01 a 1,2\u00a0quilo.<\/span><\/p>\n<p><span style=\"font-family: verdana, geneva, sans-serif;\">O sabor \u00e9 marcante, caracter\u00edstico da fermenta\u00e7\u00e3o da flora natural end\u00f3gena, destacando-se notas \u00e1cidas, por\u00e9m n\u00e3o picantes.<\/span><\/p>\n<p><span style=\"font-family: verdana, geneva, sans-serif;\">O queijo mineiro produzido na Serra da Canastra assim como todo queijo elaborado em qualquer lugar do planeta passa por diversas etapas desde a obten\u00e7\u00e3o de um bom leite \u00e0 sua cura final.<\/span><\/p>\n<p><span style=\"font-family: verdana, geneva, sans-serif;\">Basicamente o processo de fabrica\u00e7\u00e3o compreende etapas que v\u00e3o desde a ordenha manual \u00e0 mecanizada conforme o investimento da propriedade. As queijarias s\u00e3o pr\u00f3ximas a \u00e1rea de ordenha, passando o leite por um filtro de linha ou simples filtros de tecidos que s\u00e3o rotineiramente higienizados.<\/span><\/p>\n<p><span style=\"font-family: verdana, geneva, sans-serif;\">Os queijos s\u00e3o elaborados a partir de apenas quatro ingredientes b\u00e1sicos:\u00a0leite integral cru, soro fermento (pingo), coalho e sal, nesta mesma sequ\u00eancia de trabalho e espera do tempo necess\u00e1rio para coagula\u00e7\u00e3o do leite.<\/span><\/p>\n<p><span style=\"font-family: verdana, geneva, sans-serif;\">Decorrido a coagula\u00e7\u00e3o, procede-se o corte da massa e mexedura por aproximadamente 50 a 60 minutos (tempo m\u00e9dio para queijos que apresentam o tipo de umidade que caracteriza o queijo mineiro).<\/span><\/p>\n<p><span style=\"font-family: verdana, geneva, sans-serif;\">Coleta-se a massa ap\u00f3s a separa\u00e7\u00e3o do soro e procede-se a enformagem em formas cil\u00edndricas, revestidas com tecido de algod\u00e3o ou tecido sint\u00e9tico. Na fase final, a prensagem \u00e9 feita com aux\u00edlio da press\u00e3o e calor das m\u00e3os (individualmente para cada pe\u00e7a elaborada).<\/span><\/p>\n<p><span style=\"font-family: verdana, geneva, sans-serif;\">A salga \u00e9 a seco no qual polvilha-se o sal grosso ou triturado em uma primeira face.\u00a0 Depois de um per\u00edodo que varia entre\u00a006 a 12 horas, vira-se o queijo e repete-se novamente o processo de salga sobre a outra face.<\/span><\/p>\n<p><span style=\"font-family: verdana, geneva, sans-serif;\">A cura ou matura\u00e7\u00e3o tradicional \u00e9 feita em prateleiras de madeira, com viragens, lavagem, secagem por um per\u00edodo entre\u00a017 a 22\u00a0dias (com o advento da comercializa\u00e7\u00e3o profissionalizada, muitas queijarias v\u00eam adotando a cura refrigerada, visando a const\u00e2ncia de qualidade e evitando-se perdas pelas varia\u00e7\u00f5es clim\u00e1ticas j\u00e1 que os queijos s\u00e3o fabricados em todas as \u00e9pocas do ano, inclusive nas mais quentes).<\/span><\/p>\n<p><span style=\"font-family: verdana, geneva, sans-serif;\">Apresentamos ao leitor a tecnologia para elabora\u00e7\u00e3o do queijo mineiro adaptada para condi\u00e7\u00f5es caseiras e um fermento desenvolvido para esta finalidade e\u00a0fabrica\u00e7\u00e3o do queijo com o leite pr\u00f3prio (obtido a partir de animais comprovadamente saud\u00e1veis).<\/span><\/p>\n<p><span style=\"font-family: verdana, geneva, sans-serif;\">Este\u00a01\u00ba Queijo\u00a0serve como o Queijo Mestre para o preparo do\u00a0PINGO (QUEIJO CANASTRA).\u00a0<\/span><\/p>\n<p><span style=\"font-family: verdana, geneva, sans-serif; color: #00ccff;\">Material necess\u00e1rio receita caseira &#8211; queijo Canastra:<\/span><\/p>\n<p><span style=\"font-family: verdana, geneva, sans-serif;\">01 term\u00f4metro;<\/span><\/p>\n<p><span style=\"font-family: verdana, geneva, sans-serif;\">01 forma para queijo completa;<\/span><\/p>\n<p><span style=\"font-family: verdana, geneva, sans-serif;\">01 envelope para preparo do soro fermento (pingo) &#8211; <span style=\"color: #00ccff;\"><a style=\"color: #00ccff;\" href=\"https:\/\/www.queijosnobrasil.com\/loja\/busca.php?loja=1346086&amp;palavra_busca=Fermento+Queijo\">Fermento Queijo Artesanal &#8211; 10 litros<\/a>;<\/span><\/span><\/p>\n<p><span style=\"font-family: verdana, geneva, sans-serif;\">01 frasco de <span style=\"color: #00ccff;\"><a style=\"color: #00ccff;\" href=\"https:\/\/www.queijosnobrasil.com\/coagulantes\">QUIMASE<\/a> <\/span>(para coalhar o leite);<\/span><\/p>\n<p><span style=\"font-family: verdana, geneva, sans-serif;\">Sal grosso;<\/span><\/p>\n<p><span style=\"font-family: verdana, geneva, sans-serif;\">10 litros de leite integral.<\/span><\/p>\n<p>&nbsp;<\/p>\n<table cellspacing=\"0\" cellpadding=\"0\" align=\"center\">\n<tbody>\n<tr>\n<td style=\"text-align: center;\" valign=\"top\" width=\"293\"><span style=\"font-family: verdana, geneva, sans-serif; color: #00ccff;\">Ingredientes<\/span><\/td>\n<td style=\"text-align: center;\" valign=\"top\" width=\"265\"><span style=\"font-family: verdana, geneva, sans-serif; color: #00ccff;\">Par\u00e2metros<\/span><\/td>\n<\/tr>\n<tr>\n<td valign=\"top\" width=\"293\"><span style=\"font-family: verdana, geneva, sans-serif;\">Leite cru integral<\/span><\/td>\n<td valign=\"top\" width=\"265\"><span style=\"font-family: verdana, geneva, sans-serif;\">10 litros<\/span><\/td>\n<\/tr>\n<tr>\n<td valign=\"top\" width=\"293\"><span style=\"font-family: verdana, geneva, sans-serif;\">Fermento Queijo Artesanal (1U)<\/span><\/td>\n<td valign=\"top\" width=\"265\"><span style=\"font-family: verdana, geneva, sans-serif;\">Fermento Queijo Artesanal\u00a0<\/span><span style=\"font-family: verdana, geneva, sans-serif;\">(Para utiliza\u00e7\u00e3o em 10 litros de leite)<\/span><\/p>\n<p><span style=\"font-family: verdana, geneva, sans-serif;\"><strong>ou<\/strong><\/span><\/p>\n<p><span style=\"font-family: verdana, geneva, sans-serif;\">150 ml de\u00a0PINGO<\/span><\/p>\n<p><span style=\"font-family: verdana, geneva, sans-serif;\">(depois de desenvolvido)<\/span><\/td>\n<\/tr>\n<tr>\n<td valign=\"top\" width=\"293\"><span style=\"font-family: verdana, geneva, sans-serif;\">Quimase<\/span><\/p>\n<p><span style=\"font-family: verdana, geneva, sans-serif;\">(coalhar o leite)<\/span><\/p>\n<p>&nbsp;<\/td>\n<td valign=\"top\" width=\"265\"><span style=\"font-family: verdana, geneva, sans-serif;\">3 ml<\/span><\/td>\n<\/tr>\n<tr>\n<td valign=\"top\" width=\"293\"><span style=\"font-family: verdana, geneva, sans-serif;\">Sal grosso ou triturado<\/span><\/td>\n<td valign=\"top\" width=\"265\"><span style=\"font-family: verdana, geneva, sans-serif;\">Quantidade suficiente para cada face<\/span><\/td>\n<\/tr>\n<\/tbody>\n<\/table>\n<p>&nbsp;<\/p>\n<p><span style=\"font-family: verdana, geneva, sans-serif;\">O leite para elabora\u00e7\u00e3o do queijo tipo mineiro\u00a0Canastra\u00a0dever\u00e1 ser proveniente de vacas bem alimentadas, preferencialmente soltas \u00e0 pasto e comprovadamente saud\u00e1veis, sendo coado ou filtrado e utilizado imediatamente ap\u00f3s a ordenha. A temperatura dever\u00e1 ser regulada para a faixa de 36\u00baC com aux\u00edlio do term\u00f4metro.<\/span><\/p>\n<p><span style=\"font-family: verdana, geneva, sans-serif;\">Na panela, uma vez regulada a temperatura, inicia-se a adi\u00e7\u00e3o dos ingredientes sempre na seguinte ordem:\u00a0<a href=\"https:\/\/www.queijosnobrasil.com\/fermento-lacteos\/fermento-pingo-canastra-detail\"><span style=\"color: #00ccff;\">Fermento Queijo Artesanal<\/span> &#8211; <span style=\"color: #00ccff;\">10 litros<\/span><\/a> &#8211; <span style=\"color: #00ccff;\">DOCINA<\/span> e <span style=\"color: #00ccff;\"><a style=\"color: #00ccff;\" href=\"https:\/\/www.queijosnobrasil.com\/coagulantes\">COAGULANTE QUIMASE.<\/a><\/span><\/span><\/p>\n<p><span style=\"font-family: verdana, geneva, sans-serif;\">Para todo e qualquer queijo o coagulante \u00e9 sempre o \u00faltimo ingrediente a ser adicionado, devendo ser dilu\u00eddo em \u00e1gua que n\u00e3o contenha cloro, bem distribu\u00eddo e com agita\u00e7\u00e3o por alguns segundos (o bom rendimento do queijo e a boa coagula\u00e7\u00e3o est\u00e1 tamb\u00e9m relacionado com a forma que se distribuem os ingredientes, principalmente o coalho).<\/span><\/p>\n<p><span style=\"font-family: verdana, geneva, sans-serif;\">A coagula\u00e7\u00e3o ocorre num per\u00edodo m\u00e9dio de 30 minutos. O leite bem coagulado deve apresentar uma consist\u00eancia firme, brilho de \u201cporcelana\u201d, sem desprendimento de soro ou gases, liberando um soro esverdeado quando testado.<\/span><\/p>\n<p><span style=\"font-family: verdana, geneva, sans-serif;\">A etapa seguinte \u00e9 o corte da massa ou co\u00e1gulo, fazendo-se o gr\u00e3o\u00a02\u00a0(gr\u00e3o de caro\u00e7o de azeitona com\u00a01.5 cm\u00a0de aresta) com aux\u00edlio de um mexedor manual.<\/span><\/p>\n<p><span style=\"font-family: verdana, geneva, sans-serif;\">Ap\u00f3s o corte, a massa deve permanecer em repouso por um per\u00edodo de 5 minutos (verifica-se a forma\u00e7\u00e3o de soro esverdeado). Marca-se a hora do corte (o ponto da massa do queijo ocorre entre\u00a050 a 60\u00a0minutos ap\u00f3s este momento.<\/span><\/p>\n<p><span style=\"font-family: verdana, geneva, sans-serif;\">Inicia-se ent\u00e3o a mexedura da massa lentamente nos primeiros minutos (uma regra b\u00e1sica para quase todos os tipos de queijos, pois a massa rec\u00e9m cortada encontra-se fr\u00e1gil n\u00e3o devendo ser agitada abruptamente).<\/span><\/p>\n<p><span style=\"font-family: verdana, geneva, sans-serif;\">No decorrer do tempo observa-se que a massa \u201csempre afunda\u201d (este um \u00e9 sinal que a mesma vai ficando mais pesada pela sa\u00edda do soro dos gr\u00e3os).<\/span><\/p>\n<p><span style=\"font-family: verdana, geneva, sans-serif;\">O ponto da massa deste queijo ocorre no tempo mencionado (contados a partir do momento do corte da massa), com os gr\u00e3os apresentando determinada caracter\u00edstica de consist\u00eancia.<\/span><\/p>\n<p><span style=\"font-family: verdana, geneva, sans-serif;\">Ap\u00f3s o ponto interrompe-se a mexedura e deixa-se que massa assente-se no fundo da panela, mantendo-a por tempo de 15 minutos.<\/span><\/p>\n<p><span style=\"font-family: verdana, geneva, sans-serif;\">A massa dever\u00e1 ser recolhida diretamente para o tecido (dessorador) e \u201cboleada\u201d manualmente moldando-a e expulsando soro (etapa correspondente a pr\u00e9 prensagem e prensagem na fabrica\u00e7\u00e3o industrial).<\/span><\/p>\n<p><span style=\"font-family: verdana, geneva, sans-serif;\">Feito isto a massa envolta em seu pano dessorador dever\u00e1 ser destinada para forma que permitir\u00e1 seu formato e acabamento final.<\/span><\/p>\n<table cellspacing=\"0\" cellpadding=\"0\" align=\"center\">\n<tbody>\n<tr>\n<td style=\"text-align: center;\" valign=\"top\" width=\"347\"><span style=\"font-family: verdana, geneva, sans-serif; color: #00ccff;\">Etapas<\/span><\/td>\n<td valign=\"top\" width=\"293\">\n<p style=\"text-align: center;\"><span style=\"font-family: verdana, geneva, sans-serif; color: #00ccff;\">Nota<\/span><\/p>\n<\/td>\n<\/tr>\n<tr>\n<td valign=\"top\" width=\"347\"><span style=\"font-family: verdana, geneva, sans-serif;\">Recolhimento da massa da panela para o tecido.<\/span><\/p>\n<p><span style=\"font-family: verdana, geneva, sans-serif;\">Expuls\u00e3o do soro da massa (regulando a umidade que \u00e9 sa\u00edda do soro do interior da massa).<\/span><\/td>\n<td valign=\"top\" width=\"293\"><span style=\"font-family: verdana, geneva, sans-serif;\">Tempo de poucos minutos.<\/span><\/td>\n<\/tr>\n<tr>\n<td valign=\"top\" width=\"347\"><span style=\"font-family: verdana, geneva, sans-serif;\">Ap\u00f3s o trabalho manual para enformagem da massa a mesma dever\u00e1 ser colocada na forma apropriada.<\/span><\/td>\n<td valign=\"top\" width=\"293\"><span style=\"font-family: verdana, geneva, sans-serif;\">A forma dar\u00e1 o formato da pe\u00e7a. A tampa complementa o acabamento final, dando certa rusticidade ao queijo acabado.<\/span><\/td>\n<\/tr>\n<tr>\n<td valign=\"top\" width=\"347\"><span style=\"font-family: verdana, geneva, sans-serif;\">Ap\u00f3s 60 minutos o tecido poder\u00e1 ser retirado. Um leve peso pode ser adicionado sobre a tampa (corrigindo poss\u00edvel defeito deixado pelo tecido).<\/span><\/p>\n<p><span style=\"font-family: verdana, geneva, sans-serif;\">Efetua-se a salga a seco numa primeira face com polvilhamento de sal grosso sobre a mesa.<\/span><\/p>\n<p><span style=\"font-family: verdana, geneva, sans-serif;\">Ap\u00f3s\u00a006\u00a0horas, retirar o excedente de sal e salgar a outra face.<\/span><\/td>\n<td valign=\"top\" width=\"293\"><span style=\"font-family: verdana, geneva, sans-serif;\">Etapa importante no acabamento da pe\u00e7a.<\/span><\/p>\n<p><span style=\"font-family: verdana, geneva, sans-serif;\">A forma que disponibilizamos permite um acabamento final principalmente para o queijeiro n\u00e3o profissional.<\/span><\/td>\n<\/tr>\n<\/tbody>\n<\/table>\n<p>&nbsp;<\/p>\n<p><span style=\"font-family: verdana, geneva, sans-serif; color: #00ccff;\">Matura\u00e7\u00e3o ou cura:<\/span><\/p>\n<p><span style=\"font-family: verdana, geneva, sans-serif;\">A matura\u00e7\u00e3o do queijo \u00e9 o per\u00edodo de envelhecimento (degrada\u00e7\u00e3o principalmente de gordura e prote\u00edna respons\u00e1vel pela identidade final do queijo).<\/span><\/p>\n<p><span style=\"font-family: verdana, geneva, sans-serif;\">Existem variadas metodologias aplicadas nesta etapa, em fun\u00e7\u00e3o da caracter\u00edstica do queijo e suas exig\u00eancias para que se consiga o equil\u00edbrio de sabor, aroma e caracter\u00edstica de massa.<\/span><\/p>\n<p>&nbsp;<\/p>\n<p>&nbsp;<\/p>\n<table cellspacing=\"0\" cellpadding=\"0\" align=\"center\">\n<tbody>\n<tr>\n<td style=\"text-align: center;\" valign=\"top\" width=\"281\"><span style=\"font-family: verdana, geneva, sans-serif; color: #00ccff;\">Etapas na cura<\/span><\/td>\n<td style=\"text-align: center;\" valign=\"top\" width=\"286\"><span style=\"font-family: verdana, geneva, sans-serif; color: #00ccff;\">Procedimento\u00a0\u00a0na cura para forma\u00e7\u00e3o de crosta e colora\u00e7\u00e3o t\u00edpica<\/span><\/td>\n<\/tr>\n<tr>\n<td valign=\"top\" width=\"281\"><span style=\"font-family: verdana, geneva, sans-serif;\">Salga final<\/span><\/p>\n<p>&nbsp;<\/td>\n<td valign=\"top\" width=\"286\"><span style=\"font-family: verdana, geneva, sans-serif;\">Finaliza praticamente ap\u00f3s 24 horas da fabrica\u00e7\u00e3o do queijo.<\/span><\/p>\n<p><span style=\"font-family: verdana, geneva, sans-serif;\">Nestas horas que sucedem o preparo da massa ocorre tamb\u00e9m a a\u00e7\u00e3o do pingo (soro fermento). O queijo permanecer em um ambiente preferencialmente refrigerado (temperatura de 12\u00baC).<\/span><\/p>\n<p><span style=\"font-family: verdana, geneva, sans-serif;\">O excedente da \u00e1gua de sal dever\u00e1 evaporar, permitindo assim que os queijos adentrem a um ambiente de matura\u00e7\u00e3o ou cura.<\/span><\/td>\n<\/tr>\n<tr>\n<td valign=\"top\" width=\"281\"><span style=\"font-family: verdana, geneva, sans-serif;\">Matura\u00e7\u00e3o &#8211; tempo<\/span><\/td>\n<td valign=\"top\" width=\"286\"><span style=\"font-family: verdana, geneva, sans-serif;\">Tempo de matura\u00e7\u00e3o em torno de 17 a 22 dias. Quanto maior o tempo, maior a identidade do queijo (sabor e textura).<\/span><\/td>\n<\/tr>\n<tr>\n<td valign=\"top\" width=\"281\"><span style=\"font-family: verdana, geneva, sans-serif;\">Matura\u00e7\u00e3o \u2013 condi\u00e7\u00f5es ideais:<\/span><\/p>\n<p>&nbsp;<\/p>\n<p><span style=\"font-family: verdana, geneva, sans-serif;\">Geladeira ou refrigeradores adaptados<\/span><\/td>\n<td valign=\"top\" width=\"286\"><span style=\"font-family: verdana, geneva, sans-serif;\">A condi\u00e7\u00e3o de matura\u00e7\u00e3o ideal para este tipo de queijo \u00e9 sob refrigera\u00e7\u00e3o (12 a 14\u00baC). Observar se n\u00e3o h\u00e1 ressecamento excessivo da pe\u00e7a pelo tipo de refrigerador (frost free resseca demasiadamente).<\/span><\/td>\n<\/tr>\n<tr>\n<td valign=\"top\" width=\"281\"><span style=\"font-family: verdana, geneva, sans-serif;\">1\u00aa semana de matura\u00e7\u00e3o (contados a partir do dia seguinte ap\u00f3s a fabrica\u00e7\u00e3o).<\/span><\/td>\n<td valign=\"top\" width=\"286\"><span style=\"font-family: verdana, geneva, sans-serif;\">Virar as pe\u00e7as todos os dias.<\/span><\/td>\n<\/tr>\n<tr>\n<td valign=\"top\" width=\"281\"><span style=\"font-family: verdana, geneva, sans-serif;\">10 dias de matura\u00e7\u00e3o<\/span><\/td>\n<td valign=\"top\" width=\"286\"><span style=\"font-family: verdana, geneva, sans-serif;\">Tratamento com solu\u00e7\u00e3o alc\u00f3olica.<\/span><\/p>\n<p><span style=\"font-family: verdana, geneva, sans-serif;\">Passar com um pano de algod\u00e3o levemente umedecido.<\/span><\/p>\n<p><span style=\"font-family: verdana, geneva, sans-serif;\">Deixar secar e dar o acabamento final.<\/span><\/td>\n<\/tr>\n<tr>\n<td valign=\"top\" width=\"281\"><span style=\"font-family: verdana, geneva, sans-serif;\">25 dias de matura\u00e7\u00e3o<\/span><\/td>\n<td valign=\"top\" width=\"286\"><span style=\"font-family: verdana, geneva, sans-serif;\">Acabamento final com revestimento para queijos incolor, \u00f3leo de milho ou azeite.<\/span><\/td>\n<\/tr>\n<\/tbody>\n<\/table>\n<p><a href=\"https:\/\/www.queijosnobrasil.com\/\"><img decoding=\"async\" class=\" wp-image-7443 aligncenter\" src=\"https:\/\/queijosnobrasil.com.br\/site\/wp-content\/uploads\/2023\/05\/tira_loja-300x38.png\" alt=\"\" width=\"363\" height=\"46\" srcset=\"https:\/\/queijosnobrasil.com.br\/site\/wp-content\/uploads\/2023\/05\/tira_loja-300x38.png 300w, https:\/\/queijosnobrasil.com.br\/site\/wp-content\/uploads\/2023\/05\/tira_loja.png 583w\" sizes=\"(max-width: 363px) 100vw, 363px\" \/><\/a><\/p>\n","protected":false},"excerpt":{"rendered":"<p>O queijo Minas artesanal da Serra da Canastra \u00e9 um queijo elaborado a partir de leite cru que apresenta consist\u00eancia dita intermedi\u00e1ria (semidura) tendendo ao macio (reflexo do teor de gordura do leite integral, tempo de mexedura, extra\u00e7\u00e3o de soro e tempo de cura). O formato \u00e9 cil\u00edndrico, com altura entre\u00a04,0 a 6,0\u00a0cm e di\u00e2metro [&hellip;]<\/p>\n","protected":false},"author":1,"featured_media":0,"comment_status":"open","ping_status":"open","sticky":false,"template":"","format":"standard","meta":{"footnotes":""},"categories":[214],"tags":[281,274,267,280,249,284,283,282],"class_list":["post-7607","post","type-post","status-publish","format-standard","hentry","category-tudo-sobre-queijo","tag-canastra","tag-como-fazer-queijo-canastra","tag-fazer-queijo","tag-fazer-queijo-canastra","tag-queijo-canastra","tag-queijo-caseiro","tag-queijo-da-canastra","tag-queijo-da-serra-da-canastra"],"yoast_head":"<!-- This site is optimized with the Yoast SEO plugin v27.2 - https:\/\/yoast.com\/product\/yoast-seo-wordpress\/ -->\n<title>Queijo Canastra - Fabrica\u00e7\u00e3o Caseira - Queijos no Brasil<\/title>\n<meta name=\"robots\" content=\"index, follow, max-snippet:-1, max-image-preview:large, max-video-preview:-1\" \/>\n<link rel=\"canonical\" href=\"https:\/\/queijosnobrasil.com.br\/site\/queijo-canastra-fabricacao-caseira\/\" \/>\n<meta property=\"og:locale\" content=\"pt_BR\" \/>\n<meta property=\"og:type\" content=\"article\" \/>\n<meta property=\"og:title\" content=\"Queijo Canastra - Fabrica\u00e7\u00e3o Caseira - Queijos no Brasil\" \/>\n<meta property=\"og:description\" content=\"O queijo Minas artesanal da Serra da Canastra \u00e9 um queijo elaborado a partir de leite cru que apresenta consist\u00eancia dita intermedi\u00e1ria (semidura) tendendo ao macio (reflexo do teor de gordura do leite integral, tempo de mexedura, extra\u00e7\u00e3o de soro e tempo de cura). O formato \u00e9 cil\u00edndrico, com altura entre\u00a04,0 a 6,0\u00a0cm e di\u00e2metro [&hellip;]\" \/>\n<meta property=\"og:url\" content=\"https:\/\/queijosnobrasil.com.br\/site\/queijo-canastra-fabricacao-caseira\/\" \/>\n<meta property=\"og:site_name\" content=\"Queijos no Brasil\" \/>\n<meta property=\"article:published_time\" content=\"2023-05-16T19:04:04+00:00\" \/>\n<meta property=\"article:modified_time\" content=\"2024-11-25T23:59:43+00:00\" \/>\n<meta property=\"og:image\" content=\"https:\/\/queijosnobrasil.com.br\/site\/wp-content\/uploads\/2023\/05\/canastra.gif\" \/>\n\t<meta property=\"og:image:width\" content=\"550\" \/>\n\t<meta property=\"og:image:height\" content=\"367\" \/>\n\t<meta property=\"og:image:type\" content=\"image\/gif\" \/>\n<meta name=\"author\" content=\"Queijos no Brasil\" \/>\n<meta name=\"twitter:card\" content=\"summary_large_image\" \/>\n<meta name=\"twitter:label1\" content=\"Escrito por\" \/>\n\t<meta name=\"twitter:data1\" content=\"Queijos no Brasil\" \/>\n\t<meta name=\"twitter:label2\" content=\"Est. tempo de leitura\" \/>\n\t<meta name=\"twitter:data2\" content=\"7 minutos\" \/>\n<script type=\"application\/ld+json\" class=\"yoast-schema-graph\">{\"@context\":\"https:\/\/schema.org\",\"@graph\":[{\"@type\":\"Article\",\"@id\":\"https:\/\/queijosnobrasil.com.br\/site\/queijo-canastra-fabricacao-caseira\/#article\",\"isPartOf\":{\"@id\":\"https:\/\/queijosnobrasil.com.br\/site\/queijo-canastra-fabricacao-caseira\/\"},\"author\":{\"name\":\"Queijos no Brasil\",\"@id\":\"https:\/\/queijosnobrasil.com.br\/site\/#\/schema\/person\/ffd948f2dd090403c987eb626885f72c\"},\"headline\":\"Queijo Canastra &#8211; Fabrica\u00e7\u00e3o Caseira\",\"datePublished\":\"2023-05-16T19:04:04+00:00\",\"dateModified\":\"2024-11-25T23:59:43+00:00\",\"mainEntityOfPage\":{\"@id\":\"https:\/\/queijosnobrasil.com.br\/site\/queijo-canastra-fabricacao-caseira\/\"},\"wordCount\":1385,\"commentCount\":0,\"publisher\":{\"@id\":\"https:\/\/queijosnobrasil.com.br\/site\/#organization\"},\"image\":{\"@id\":\"https:\/\/queijosnobrasil.com.br\/site\/queijo-canastra-fabricacao-caseira\/#primaryimage\"},\"thumbnailUrl\":\"https:\/\/queijosnobrasil.com.br\/site\/wp-content\/uploads\/2023\/05\/canastra.gif\",\"keywords\":[\"canastra\",\"como fazer queijo canastra\",\"fazer queijo\",\"fazer queijo canastra\",\"queijo canastra\",\"queijo caseiro\",\"queijo da canastra\",\"queijo da serra da canastra\"],\"articleSection\":[\"Tudo sobre Queijo\"],\"inLanguage\":\"pt-BR\",\"potentialAction\":[{\"@type\":\"CommentAction\",\"name\":\"Comment\",\"target\":[\"https:\/\/queijosnobrasil.com.br\/site\/queijo-canastra-fabricacao-caseira\/#respond\"]}]},{\"@type\":\"WebPage\",\"@id\":\"https:\/\/queijosnobrasil.com.br\/site\/queijo-canastra-fabricacao-caseira\/\",\"url\":\"https:\/\/queijosnobrasil.com.br\/site\/queijo-canastra-fabricacao-caseira\/\",\"name\":\"Queijo Canastra - Fabrica\u00e7\u00e3o Caseira - Queijos no Brasil\",\"isPartOf\":{\"@id\":\"https:\/\/queijosnobrasil.com.br\/site\/#website\"},\"primaryImageOfPage\":{\"@id\":\"https:\/\/queijosnobrasil.com.br\/site\/queijo-canastra-fabricacao-caseira\/#primaryimage\"},\"image\":{\"@id\":\"https:\/\/queijosnobrasil.com.br\/site\/queijo-canastra-fabricacao-caseira\/#primaryimage\"},\"thumbnailUrl\":\"https:\/\/queijosnobrasil.com.br\/site\/wp-content\/uploads\/2023\/05\/canastra.gif\",\"datePublished\":\"2023-05-16T19:04:04+00:00\",\"dateModified\":\"2024-11-25T23:59:43+00:00\",\"breadcrumb\":{\"@id\":\"https:\/\/queijosnobrasil.com.br\/site\/queijo-canastra-fabricacao-caseira\/#breadcrumb\"},\"inLanguage\":\"pt-BR\",\"potentialAction\":[{\"@type\":\"ReadAction\",\"target\":[\"https:\/\/queijosnobrasil.com.br\/site\/queijo-canastra-fabricacao-caseira\/\"]}]},{\"@type\":\"ImageObject\",\"inLanguage\":\"pt-BR\",\"@id\":\"https:\/\/queijosnobrasil.com.br\/site\/queijo-canastra-fabricacao-caseira\/#primaryimage\",\"url\":\"https:\/\/queijosnobrasil.com.br\/site\/wp-content\/uploads\/2023\/05\/canastra.gif\",\"contentUrl\":\"https:\/\/queijosnobrasil.com.br\/site\/wp-content\/uploads\/2023\/05\/canastra.gif\",\"width\":550,\"height\":367},{\"@type\":\"BreadcrumbList\",\"@id\":\"https:\/\/queijosnobrasil.com.br\/site\/queijo-canastra-fabricacao-caseira\/#breadcrumb\",\"itemListElement\":[{\"@type\":\"ListItem\",\"position\":1,\"name\":\"In\u00edcio\",\"item\":\"https:\/\/queijosnobrasil.com.br\/site\/\"},{\"@type\":\"ListItem\",\"position\":2,\"name\":\"Queijo Canastra &#8211; Fabrica\u00e7\u00e3o Caseira\"}]},{\"@type\":\"WebSite\",\"@id\":\"https:\/\/queijosnobrasil.com.br\/site\/#website\",\"url\":\"https:\/\/queijosnobrasil.com.br\/site\/\",\"name\":\"Queijos no Brasil\",\"description\":\"Empresa voltada a difus\u00e3o de t\u00e9cnicas de fabrica\u00e7\u00e3o e com\u00e9rcio de ingredientes para produtos l\u00e1cteos : queijo (mussarela, Minas Frescal, coalho, ricota...), iogurte, coalhada, requeij\u00e3o, doce de leite e derivados l\u00e1ticos em geral.\",\"publisher\":{\"@id\":\"https:\/\/queijosnobrasil.com.br\/site\/#organization\"},\"potentialAction\":[{\"@type\":\"SearchAction\",\"target\":{\"@type\":\"EntryPoint\",\"urlTemplate\":\"https:\/\/queijosnobrasil.com.br\/site\/?s={search_term_string}\"},\"query-input\":{\"@type\":\"PropertyValueSpecification\",\"valueRequired\":true,\"valueName\":\"search_term_string\"}}],\"inLanguage\":\"pt-BR\"},{\"@type\":\"Organization\",\"@id\":\"https:\/\/queijosnobrasil.com.br\/site\/#organization\",\"name\":\"Queijos no Brasil\",\"url\":\"https:\/\/queijosnobrasil.com.br\/site\/\",\"logo\":{\"@type\":\"ImageObject\",\"inLanguage\":\"pt-BR\",\"@id\":\"https:\/\/queijosnobrasil.com.br\/site\/#\/schema\/logo\/image\/\",\"url\":\"https:\/\/queijosnobrasil.com.br\/site\/wp-content\/uploads\/2025\/04\/logo-1.webp\",\"contentUrl\":\"https:\/\/queijosnobrasil.com.br\/site\/wp-content\/uploads\/2025\/04\/logo-1.webp\",\"width\":288,\"height\":288,\"caption\":\"Queijos no Brasil\"},\"image\":{\"@id\":\"https:\/\/queijosnobrasil.com.br\/site\/#\/schema\/logo\/image\/\"},\"sameAs\":[\"https:\/\/www.youtube.com\/@queijosnobrasil1698\"]},{\"@type\":\"Person\",\"@id\":\"https:\/\/queijosnobrasil.com.br\/site\/#\/schema\/person\/ffd948f2dd090403c987eb626885f72c\",\"name\":\"Queijos no Brasil\",\"image\":{\"@type\":\"ImageObject\",\"inLanguage\":\"pt-BR\",\"@id\":\"https:\/\/secure.gravatar.com\/avatar\/670b886dc6ab5c07aeb3effa3b8646ea730b765de2cd4c96f5dd2d6a6b9867d0?s=96&d=mm&r=g\",\"url\":\"https:\/\/secure.gravatar.com\/avatar\/670b886dc6ab5c07aeb3effa3b8646ea730b765de2cd4c96f5dd2d6a6b9867d0?s=96&d=mm&r=g\",\"contentUrl\":\"https:\/\/secure.gravatar.com\/avatar\/670b886dc6ab5c07aeb3effa3b8646ea730b765de2cd4c96f5dd2d6a6b9867d0?s=96&d=mm&r=g\",\"caption\":\"Queijos no Brasil\"},\"url\":\"https:\/\/queijosnobrasil.com.br\/site\/author\/admin\/\"}]}<\/script>\n<!-- \/ Yoast SEO plugin. -->","yoast_head_json":{"title":"Queijo Canastra - Fabrica\u00e7\u00e3o Caseira - Queijos no Brasil","robots":{"index":"index","follow":"follow","max-snippet":"max-snippet:-1","max-image-preview":"max-image-preview:large","max-video-preview":"max-video-preview:-1"},"canonical":"https:\/\/queijosnobrasil.com.br\/site\/queijo-canastra-fabricacao-caseira\/","og_locale":"pt_BR","og_type":"article","og_title":"Queijo Canastra - Fabrica\u00e7\u00e3o Caseira - Queijos no Brasil","og_description":"O queijo Minas artesanal da Serra da Canastra \u00e9 um queijo elaborado a partir de leite cru que apresenta consist\u00eancia dita intermedi\u00e1ria (semidura) tendendo ao macio (reflexo do teor de gordura do leite integral, tempo de mexedura, extra\u00e7\u00e3o de soro e tempo de cura). O formato \u00e9 cil\u00edndrico, com altura entre\u00a04,0 a 6,0\u00a0cm e di\u00e2metro [&hellip;]","og_url":"https:\/\/queijosnobrasil.com.br\/site\/queijo-canastra-fabricacao-caseira\/","og_site_name":"Queijos no Brasil","article_published_time":"2023-05-16T19:04:04+00:00","article_modified_time":"2024-11-25T23:59:43+00:00","og_image":[{"width":550,"height":367,"url":"https:\/\/queijosnobrasil.com.br\/site\/wp-content\/uploads\/2023\/05\/canastra.gif","type":"image\/gif"}],"author":"Queijos no Brasil","twitter_card":"summary_large_image","twitter_misc":{"Escrito por":"Queijos no Brasil","Est. tempo de leitura":"7 minutos"},"schema":{"@context":"https:\/\/schema.org","@graph":[{"@type":"Article","@id":"https:\/\/queijosnobrasil.com.br\/site\/queijo-canastra-fabricacao-caseira\/#article","isPartOf":{"@id":"https:\/\/queijosnobrasil.com.br\/site\/queijo-canastra-fabricacao-caseira\/"},"author":{"name":"Queijos no Brasil","@id":"https:\/\/queijosnobrasil.com.br\/site\/#\/schema\/person\/ffd948f2dd090403c987eb626885f72c"},"headline":"Queijo Canastra &#8211; Fabrica\u00e7\u00e3o Caseira","datePublished":"2023-05-16T19:04:04+00:00","dateModified":"2024-11-25T23:59:43+00:00","mainEntityOfPage":{"@id":"https:\/\/queijosnobrasil.com.br\/site\/queijo-canastra-fabricacao-caseira\/"},"wordCount":1385,"commentCount":0,"publisher":{"@id":"https:\/\/queijosnobrasil.com.br\/site\/#organization"},"image":{"@id":"https:\/\/queijosnobrasil.com.br\/site\/queijo-canastra-fabricacao-caseira\/#primaryimage"},"thumbnailUrl":"https:\/\/queijosnobrasil.com.br\/site\/wp-content\/uploads\/2023\/05\/canastra.gif","keywords":["canastra","como fazer queijo canastra","fazer queijo","fazer queijo canastra","queijo canastra","queijo caseiro","queijo da canastra","queijo da serra da canastra"],"articleSection":["Tudo sobre Queijo"],"inLanguage":"pt-BR","potentialAction":[{"@type":"CommentAction","name":"Comment","target":["https:\/\/queijosnobrasil.com.br\/site\/queijo-canastra-fabricacao-caseira\/#respond"]}]},{"@type":"WebPage","@id":"https:\/\/queijosnobrasil.com.br\/site\/queijo-canastra-fabricacao-caseira\/","url":"https:\/\/queijosnobrasil.com.br\/site\/queijo-canastra-fabricacao-caseira\/","name":"Queijo Canastra - Fabrica\u00e7\u00e3o Caseira - Queijos no Brasil","isPartOf":{"@id":"https:\/\/queijosnobrasil.com.br\/site\/#website"},"primaryImageOfPage":{"@id":"https:\/\/queijosnobrasil.com.br\/site\/queijo-canastra-fabricacao-caseira\/#primaryimage"},"image":{"@id":"https:\/\/queijosnobrasil.com.br\/site\/queijo-canastra-fabricacao-caseira\/#primaryimage"},"thumbnailUrl":"https:\/\/queijosnobrasil.com.br\/site\/wp-content\/uploads\/2023\/05\/canastra.gif","datePublished":"2023-05-16T19:04:04+00:00","dateModified":"2024-11-25T23:59:43+00:00","breadcrumb":{"@id":"https:\/\/queijosnobrasil.com.br\/site\/queijo-canastra-fabricacao-caseira\/#breadcrumb"},"inLanguage":"pt-BR","potentialAction":[{"@type":"ReadAction","target":["https:\/\/queijosnobrasil.com.br\/site\/queijo-canastra-fabricacao-caseira\/"]}]},{"@type":"ImageObject","inLanguage":"pt-BR","@id":"https:\/\/queijosnobrasil.com.br\/site\/queijo-canastra-fabricacao-caseira\/#primaryimage","url":"https:\/\/queijosnobrasil.com.br\/site\/wp-content\/uploads\/2023\/05\/canastra.gif","contentUrl":"https:\/\/queijosnobrasil.com.br\/site\/wp-content\/uploads\/2023\/05\/canastra.gif","width":550,"height":367},{"@type":"BreadcrumbList","@id":"https:\/\/queijosnobrasil.com.br\/site\/queijo-canastra-fabricacao-caseira\/#breadcrumb","itemListElement":[{"@type":"ListItem","position":1,"name":"In\u00edcio","item":"https:\/\/queijosnobrasil.com.br\/site\/"},{"@type":"ListItem","position":2,"name":"Queijo Canastra &#8211; Fabrica\u00e7\u00e3o Caseira"}]},{"@type":"WebSite","@id":"https:\/\/queijosnobrasil.com.br\/site\/#website","url":"https:\/\/queijosnobrasil.com.br\/site\/","name":"Queijos no Brasil","description":"Empresa voltada a difus\u00e3o de t\u00e9cnicas de fabrica\u00e7\u00e3o e com\u00e9rcio de ingredientes para produtos l\u00e1cteos : queijo (mussarela, Minas Frescal, coalho, ricota...), iogurte, coalhada, requeij\u00e3o, doce de leite e derivados l\u00e1ticos em geral.","publisher":{"@id":"https:\/\/queijosnobrasil.com.br\/site\/#organization"},"potentialAction":[{"@type":"SearchAction","target":{"@type":"EntryPoint","urlTemplate":"https:\/\/queijosnobrasil.com.br\/site\/?s={search_term_string}"},"query-input":{"@type":"PropertyValueSpecification","valueRequired":true,"valueName":"search_term_string"}}],"inLanguage":"pt-BR"},{"@type":"Organization","@id":"https:\/\/queijosnobrasil.com.br\/site\/#organization","name":"Queijos no Brasil","url":"https:\/\/queijosnobrasil.com.br\/site\/","logo":{"@type":"ImageObject","inLanguage":"pt-BR","@id":"https:\/\/queijosnobrasil.com.br\/site\/#\/schema\/logo\/image\/","url":"https:\/\/queijosnobrasil.com.br\/site\/wp-content\/uploads\/2025\/04\/logo-1.webp","contentUrl":"https:\/\/queijosnobrasil.com.br\/site\/wp-content\/uploads\/2025\/04\/logo-1.webp","width":288,"height":288,"caption":"Queijos no Brasil"},"image":{"@id":"https:\/\/queijosnobrasil.com.br\/site\/#\/schema\/logo\/image\/"},"sameAs":["https:\/\/www.youtube.com\/@queijosnobrasil1698"]},{"@type":"Person","@id":"https:\/\/queijosnobrasil.com.br\/site\/#\/schema\/person\/ffd948f2dd090403c987eb626885f72c","name":"Queijos no Brasil","image":{"@type":"ImageObject","inLanguage":"pt-BR","@id":"https:\/\/secure.gravatar.com\/avatar\/670b886dc6ab5c07aeb3effa3b8646ea730b765de2cd4c96f5dd2d6a6b9867d0?s=96&d=mm&r=g","url":"https:\/\/secure.gravatar.com\/avatar\/670b886dc6ab5c07aeb3effa3b8646ea730b765de2cd4c96f5dd2d6a6b9867d0?s=96&d=mm&r=g","contentUrl":"https:\/\/secure.gravatar.com\/avatar\/670b886dc6ab5c07aeb3effa3b8646ea730b765de2cd4c96f5dd2d6a6b9867d0?s=96&d=mm&r=g","caption":"Queijos no Brasil"},"url":"https:\/\/queijosnobrasil.com.br\/site\/author\/admin\/"}]}},"_links":{"self":[{"href":"https:\/\/queijosnobrasil.com.br\/site\/wp-json\/wp\/v2\/posts\/7607","targetHints":{"allow":["GET"]}}],"collection":[{"href":"https:\/\/queijosnobrasil.com.br\/site\/wp-json\/wp\/v2\/posts"}],"about":[{"href":"https:\/\/queijosnobrasil.com.br\/site\/wp-json\/wp\/v2\/types\/post"}],"author":[{"embeddable":true,"href":"https:\/\/queijosnobrasil.com.br\/site\/wp-json\/wp\/v2\/users\/1"}],"replies":[{"embeddable":true,"href":"https:\/\/queijosnobrasil.com.br\/site\/wp-json\/wp\/v2\/comments?post=7607"}],"version-history":[{"count":8,"href":"https:\/\/queijosnobrasil.com.br\/site\/wp-json\/wp\/v2\/posts\/7607\/revisions"}],"predecessor-version":[{"id":8956,"href":"https:\/\/queijosnobrasil.com.br\/site\/wp-json\/wp\/v2\/posts\/7607\/revisions\/8956"}],"wp:attachment":[{"href":"https:\/\/queijosnobrasil.com.br\/site\/wp-json\/wp\/v2\/media?parent=7607"}],"wp:term":[{"taxonomy":"category","embeddable":true,"href":"https:\/\/queijosnobrasil.com.br\/site\/wp-json\/wp\/v2\/categories?post=7607"},{"taxonomy":"post_tag","embeddable":true,"href":"https:\/\/queijosnobrasil.com.br\/site\/wp-json\/wp\/v2\/tags?post=7607"}],"curies":[{"name":"wp","href":"https:\/\/api.w.org\/{rel}","templated":true}]}}