{"id":7367,"date":"2023-05-10T15:50:51","date_gmt":"2023-05-10T18:50:51","guid":{"rendered":"https:\/\/queijosnobrasil.com.br\/site\/?p=7367"},"modified":"2023-09-16T14:51:55","modified_gmt":"2023-09-16T17:51:55","slug":"curso-intensivo-de-queijos-de-leite-de-cabra","status":"publish","type":"post","link":"https:\/\/queijosnobrasil.com.br\/site\/curso-intensivo-de-queijos-de-leite-de-cabra\/","title":{"rendered":"Curso Intensivo de Queijos de Leite de Cabra"},"content":{"rendered":"<p style=\"text-align: justify; line-height: normal;\"><span style=\"font-family: arial, helvetica, sans-serif; color: gray; font-size: 14pt;\"><img decoding=\"async\" style=\"margin: 5px; float: left;\" src=\"images\/queijo-mofado.gif\" alt=\"\" \/><\/span><\/p>\n<p style=\"font-family: Verdana, helvetica, sans-serif; font-size: 12px; text-align: justify; line-height: normal;\"><img fetchpriority=\"high\" decoding=\"async\" class=\"wp-image-7368 alignleft\" src=\"https:\/\/queijosnobrasil.com.br\/site\/wp-content\/uploads\/2023\/05\/queijo-mofado-300x222.gif\" alt=\"\" width=\"464\" height=\"343\" \/><\/p>\n<p style=\"font-family: Verdana, helvetica, sans-serif; font-size: 12px; text-align: justify; line-height: normal;\"><span style=\"color: #000000; font-family: verdana, geneva, sans-serif; font-size: 12pt; text-align: justify; background-color: #ffffff;\">O Curso Fabrica\u00e7\u00e3o de Queijos de Leite de Cabra \u00e9 um curso din\u00e2mico de car\u00e1ter pr\u00e1tico, ministrado por profissionais t\u00e9cnicos com vasta e longa experi\u00eancia.<\/span><\/p>\n<p style=\"font-family: Verdana, helvetica, sans-serif; font-size: 12px; text-align: justify; line-height: normal;\"><span style=\"color: #000000; font-family: verdana, geneva, sans-serif; font-size: 12pt; text-align: justify; background-color: #ffffff;\">Apresenta formato intensivo (in\u00e9dito no Brasil por seu rico conte\u00fado e proposta did\u00e1tica), ministrado num per\u00edodo de 3 dias em nosso laborat\u00f3rio tecnol\u00f3gico localizado na Escola de Queijos na cidade de Juiz de Fora &#8211; MG.<\/span><\/p>\n<p><span style=\"font-family: verdana, geneva, sans-serif; color: #00ccff; font-size: 12pt;\">CONTE\u00daDO PROGRAM\u00c1TICO:<\/span><\/p>\n<p><span style=\"font-family: verdana, geneva, sans-serif; font-size: 12pt;\"><span style=\"color: #00ccff;\">AULA 1<\/span><strong> &#8211;<\/strong>\u00a0O QUEIJO ARTESANAL &#8211;\u00a0Principais caracter\u00edsticas do leite de cabra para produ\u00e7\u00e3o de queijos.\u00a0<\/span><\/p>\n<p><span style=\"font-family: verdana, geneva, sans-serif; font-size: 12pt;\"><span style=\"color: #00ccff;\">AULA 2<\/span>\u00a0&#8211;\u00a0An\u00e1lises b\u00e1sicas do LEITE DE CABRA.<\/span><\/p>\n<p><span style=\"font-family: verdana, geneva, sans-serif; font-size: 12pt;\"><span style=\"color: #00ccff;\">AULA 3<\/span>\u00a0&#8211;\u00a0Como preparar o SORO FERMENTO para queijos estilo CAPRINO \u2013 CASCA DURA \u2013 LONGA MATURA\u00c7\u00c3O (GRANA DE LEITE DE CABRA).<\/span><\/p>\n<p><span style=\"font-family: verdana, geneva, sans-serif; font-size: 12pt;\"><span style=\"color: #00ccff;\">AULA 4<\/span>\u00a0&#8211;\u00a0MATURA\u00c7\u00c3O E AFINA\u00c7\u00c3O DE QUEIJOS &#8211; condi\u00e7\u00f5es\u00a0ambientais para matura\u00e7\u00e3o em fun\u00e7\u00e3o da necessidade tecnol\u00f3gica que envolve os diferentes tipos de queijos.<\/span><\/p>\n<p><span style=\"font-family: verdana, geneva, sans-serif; font-size: 12pt;\"><span style=\"color: #00ccff;\">AULA 5<\/span>&#8211;\u00a0Sele\u00e7\u00e3o e PASTEURIZA\u00c7\u00c3O do leite de cabra &#8211; como pasteurizar na queijaria artesanal.\u00a0LEITE CRU PARA QUEIJOS ARTESANAIS &#8211; foco pr\u00e1tico.\u00a0<\/span><\/p>\n<p><span style=\"font-family: verdana, geneva, sans-serif; font-size: 12pt;\"><span style=\"color: #00ccff;\">AULA 6<\/span>\u00a0&#8211;\u00a0FROMAGE FRAIS &#8211; fresco e boursin \u2013 cl\u00e1ssicos da queijaria caprina. Uso de especiarias, condimentos e azeites.<\/span><\/p>\n<p><span style=\"font-family: verdana, geneva, sans-serif; font-size: 12pt;\"><span style=\"color: #00ccff;\">AULA 7\u00a0<\/span>&#8211;\u00a0Elabora\u00e7\u00e3o do QUEIJO CAPRINO \u2013 ESTILO GRANA com uso de soro fermento. Inspirado no queijo italiano Grana Padano, com a cl\u00e1ssica metodologia do uso de\u00a0<em>siero innesto<\/em>.<\/span><\/p>\n<p><span style=\"font-family: verdana, geneva, sans-serif; font-size: 12pt;\"><span style=\"color: #00ccff;\">AULA 8<\/span>\u00a0&#8211;\u00a0Elabora\u00e7\u00e3o do CHEVROTIN, fresco e meia cura.<\/span><\/p>\n<p><span style=\"font-family: verdana, geneva, sans-serif; font-size: 12pt;\"><span style=\"color: #00ccff;\">AULA 9<\/span>\u00a0&#8211;\u00a0Elabora\u00e7\u00e3o do QUEIJO AZUL, inspirado no GORGONZOLA, DOLCE de origem italiana e danablu dinamarqu\u00eas. Um verdadeiro cl\u00e1ssico que n\u00e3o pode faltar na queijaria artesanal com uso do leite de cabra.<\/span><\/p>\n<p><span style=\"font-family: verdana, geneva, sans-serif; font-size: 12pt;\"><span style=\"color: #00ccff;\">AULA 10<\/span>\u00a0&#8211;\u00a0Elabora\u00e7\u00e3o QUEIJO FUNGO BRANCO \u2013 a tecnologia foi inspirada no FRANC\u00caS BRIE, uma preciosidade de textura suave, delicada, maturado a partir do fungo P. camemberti, permitindo v\u00e1rios n\u00edveis de matura\u00e7\u00e3o e consequente cremosidade.<\/span><\/p>\n<p><span style=\"font-family: verdana, geneva, sans-serif; font-size: 12pt;\"><span style=\"color: #00ccff;\">AULA 11<\/span>&#8211;\u00a0Elabora\u00e7\u00e3o SAINT-VALENTIN um queijo com massa e crosta lavada, inspirado em alguns cl\u00e1ssicos como Port Salut e Saint Paulin. Aplica\u00e7\u00e3o de especiarias e carv\u00e3o.<\/span><\/p>\n<p><span style=\"font-family: verdana, geneva, sans-serif; font-size: 12pt;\"><span style=\"color: #00ccff;\">AULA 12<\/span>\u00a0&#8211;\u00a0Elabora\u00e7\u00e3o de QUEIJO COALHO, outro brasileiro not\u00f3rio, especialmente elaborado a partir do leite de cabra e adicionado de condimentos.<\/span><\/p>\n<p><span style=\"font-family: verdana, geneva, sans-serif; font-size: 12pt;\"><span style=\"color: #00ccff;\">AULA 13<\/span>\u00a0&#8211;\u00a0Elabora\u00e7\u00e3o de P\u00c3O DE QUEIJO.<\/span><\/p>\n<p><span style=\"font-family: verdana, geneva, sans-serif; color: #00ccff; font-size: 12pt;\">\u00a0 \u00a0 <\/span><\/p>\n<p><span style=\"font-family: verdana, geneva, sans-serif; color: #00ccff; font-size: 12pt;\">A ESCOLA OFERECE COMO CORTESIA:<\/span><\/p>\n<ul>\n<li><span style=\"font-family: verdana, geneva, sans-serif; font-size: 12pt;\">MODELO DE MANUAL DE BOAS PR\u00c1TICAS DE FABRICA\u00c7\u00c3O PARA QUEIJARIA.<\/span><\/li>\n<li><span style=\"font-family: verdana, geneva, sans-serif; font-size: 12pt;\">PROJETO COMPLETO PARA QUEIJARIA LEITE DE CABRA PARA SELO ARTE.<\/span><\/li>\n<li><span style=\"font-family: verdana, geneva, sans-serif; font-size: 12pt;\">ALMO\u00c7O E LANCHE.<\/span><\/li>\n<\/ul>\n<p><span style=\"font-family: verdana, geneva, sans-serif; font-size: 12pt;\">\u00a0 \u00a0<\/span><\/p>\n<p><span style=\"font-family: verdana, geneva, sans-serif; color: #00ccff; font-size: 12pt;\">INFORMA\u00c7\u00d5ES:<\/span><\/p>\n<ul>\n<li><span style=\"font-family: verdana, geneva, sans-serif; font-size: 12pt;\">Carga hor\u00e1ria: 4 dias (come\u00e7ando \u00e0s 8:00 horas e terminando \u00e0s 17:00 horas) &#8211; totalizando 32 horas.<\/span><\/li>\n<li><span style=\"font-family: verdana, geneva, sans-serif; font-size: 12pt;\">\u00a0Vagas: m\u00e1ximo de (12) DOZE participantes (as vagas dever\u00e3o ser preenchidas e asseguradas ap\u00f3s o ato da inscri\u00e7\u00e3o &#8211; n\u00e3o reservamos vagas antecipadamente sem que se fa\u00e7a a inscri\u00e7\u00e3o).\u00a0<\/span><\/li>\n<\/ul>\n<ul>\n<li><span style=\"font-family: verdana, geneva, sans-serif; font-size: 12pt;\">\u00c9 necess\u00e1rio que o aluno utilize\u00a0<strong>UNIFORME BRANCO<\/strong>\u00a0(roupa branca para uso exclusivo no decorrer das aulas e\u00a0<strong>CAL\u00c7ADO<\/strong>\u00a0tamb\u00e9m para uso em latic\u00ednios ou cozinha industrial).\u00a0<\/span><\/li>\n<li><span style=\"font-family: verdana, geneva, sans-serif; font-size: 12pt;\">Nos casos de desist\u00eancia do curso por parte do aluno, fazemos o reembolso do valor pago, descontadas despesas relativas \u00e0s taxas cobradas pelas operadoras de cart\u00f5es de cr\u00e9dito ou operadoras financeiras (apenas sobre o valor pago at\u00e9 a data comunicada), considerando que a op\u00e7\u00e3o de pagamento foi a escolhida pelo aluno. Quando se tratar de valores em dep\u00f3sitos ou pix (em que n\u00e3o h\u00e1 a incid\u00eancia das taxas financeiras aplicadas) o valor restitu\u00eddo ser\u00e1 o integral. <\/span><\/li>\n<li><span style=\"font-family: verdana, geneva, sans-serif; font-size: 12pt;\">A emiss\u00e3o da nota fiscal \u00e9 efetivada no ato do pagamento integral, ou seja, ap\u00f3s a quita\u00e7\u00e3o do curso. Isto n\u00e3o se aplica a remarca\u00e7\u00e3o de uma nova data, caso seja necess\u00e1rio faz\u00ea-lo.<\/span><\/li>\n<li><span style=\"font-family: verdana, geneva, sans-serif; font-size: 12pt;\">Reservamo-nos no direito de cancelar o curso caso n\u00e3o atinja o n\u00famero m\u00ednimo de 6 (SEIS) participantes com anteced\u00eancia de 10 (dez) dias e restitui\u00e7\u00e3o integral do valor da inscri\u00e7\u00e3o.\u00a0Em caso de remarca\u00e7\u00f5es ou solicita\u00e7\u00f5es de reembolsos das inscri\u00e7\u00f5es dos cursos presenciais por parte do aluno, n\u00f3s cobramos uma taxa de 10%.\u00a0<\/span><\/li>\n<\/ul>\n<ul>\n<li><span style=\"font-family: verdana, geneva, sans-serif; font-size: 12pt;\">INSCRI\u00c7\u00d5ES E INFORMA\u00c7\u00d5ES contatem-nos pelo\u00a0<span style=\"color: #00ccff;\">WhatsAPP (32) 3224 1205<\/span>\u00a0ou telefone (32) 3224 3016.<\/span><\/li>\n<\/ul>\n<p>&nbsp;<\/p>\n<p style=\"font-family: Verdana, helvetica, sans-serif; font-size: 12px; line-height: normal; text-align: center;\"><span style=\"font-family: verdana, geneva, sans-serif; color: #00ccff;\">\u00a0<span style=\"font-size: 1.5em; font-weight: normal;\">DATA DO PR\u00d3XIMO CURSO<\/span><\/span><\/p>\n<p><center><button class=\"btn btn-info btn-lg btn-block\" type=\"button\">07, 08, 09 e 10 de NOVEMBRO de 2023<\/button><\/center><\/p>\n<p style=\"text-align: justify; line-height: normal;\"><a href=\"https:\/\/www.queijosnobrasil.com\/curso-presencial\"><img decoding=\"async\" src=\"images\/bannercurso.png\" alt=\"\" \/><img decoding=\"async\" class=\"aligncenter wp-image-7369 size-full\" src=\"https:\/\/queijosnobrasil.com.br\/site\/wp-content\/uploads\/2023\/05\/bannercurso.png\" alt=\"\" width=\"680\" height=\"90\" srcset=\"https:\/\/queijosnobrasil.com.br\/site\/wp-content\/uploads\/2023\/05\/bannercurso.png 680w, https:\/\/queijosnobrasil.com.br\/site\/wp-content\/uploads\/2023\/05\/bannercurso-300x40.png 300w\" sizes=\"(max-width: 680px) 100vw, 680px\" \/><\/a><\/p>\n","protected":false},"excerpt":{"rendered":"<p>O Curso Fabrica\u00e7\u00e3o de Queijos de Leite de Cabra \u00e9 um curso din\u00e2mico de car\u00e1ter pr\u00e1tico, ministrado por profissionais t\u00e9cnicos com vasta e longa experi\u00eancia. Apresenta formato intensivo (in\u00e9dito no Brasil por seu rico conte\u00fado e proposta did\u00e1tica), ministrado num per\u00edodo de 3 dias em nosso laborat\u00f3rio tecnol\u00f3gico localizado na Escola de Queijos na cidade [&hellip;]<\/p>\n","protected":false},"author":1,"featured_media":0,"comment_status":"open","ping_status":"open","sticky":false,"template":"","format":"standard","meta":{"footnotes":""},"categories":[222],"tags":[],"class_list":["post-7367","post","type-post","status-publish","format-standard","hentry","category-cursos-presenciais"],"yoast_head":"<!-- This site is optimized with the Yoast SEO plugin v27.2 - https:\/\/yoast.com\/product\/yoast-seo-wordpress\/ -->\n<title>Curso Intensivo de Queijos de Leite de Cabra - Queijos no Brasil<\/title>\n<meta name=\"robots\" content=\"index, follow, max-snippet:-1, max-image-preview:large, max-video-preview:-1\" \/>\n<link rel=\"canonical\" href=\"https:\/\/queijosnobrasil.com.br\/site\/curso-intensivo-de-queijos-de-leite-de-cabra\/\" \/>\n<meta property=\"og:locale\" content=\"pt_BR\" \/>\n<meta property=\"og:type\" content=\"article\" \/>\n<meta property=\"og:title\" content=\"Curso Intensivo de Queijos de Leite de Cabra - Queijos no Brasil\" \/>\n<meta property=\"og:description\" content=\"O Curso Fabrica\u00e7\u00e3o de Queijos de Leite de Cabra \u00e9 um curso din\u00e2mico de car\u00e1ter pr\u00e1tico, ministrado por profissionais t\u00e9cnicos com vasta e longa experi\u00eancia. Apresenta formato intensivo (in\u00e9dito no Brasil por seu rico conte\u00fado e proposta did\u00e1tica), ministrado num per\u00edodo de 3 dias em nosso laborat\u00f3rio tecnol\u00f3gico localizado na Escola de Queijos na cidade [&hellip;]\" \/>\n<meta property=\"og:url\" content=\"https:\/\/queijosnobrasil.com.br\/site\/curso-intensivo-de-queijos-de-leite-de-cabra\/\" \/>\n<meta property=\"og:site_name\" content=\"Queijos no Brasil\" \/>\n<meta property=\"article:published_time\" content=\"2023-05-10T18:50:51+00:00\" \/>\n<meta property=\"article:modified_time\" content=\"2023-09-16T17:51:55+00:00\" \/>\n<meta property=\"og:image\" content=\"https:\/\/queijosnobrasil.com.br\/site\/wp-content\/uploads\/2023\/05\/queijo-mofado-300x222.gif\" \/>\n<meta name=\"author\" content=\"Queijos no Brasil\" \/>\n<meta name=\"twitter:card\" content=\"summary_large_image\" \/>\n<meta name=\"twitter:label1\" content=\"Escrito por\" \/>\n\t<meta name=\"twitter:data1\" content=\"Queijos no Brasil\" \/>\n\t<meta name=\"twitter:label2\" content=\"Est. tempo de leitura\" \/>\n\t<meta name=\"twitter:data2\" content=\"3 minutos\" \/>\n<script type=\"application\/ld+json\" class=\"yoast-schema-graph\">{\"@context\":\"https:\/\/schema.org\",\"@graph\":[{\"@type\":\"Article\",\"@id\":\"https:\/\/queijosnobrasil.com.br\/site\/curso-intensivo-de-queijos-de-leite-de-cabra\/#article\",\"isPartOf\":{\"@id\":\"https:\/\/queijosnobrasil.com.br\/site\/curso-intensivo-de-queijos-de-leite-de-cabra\/\"},\"author\":{\"name\":\"Queijos no Brasil\",\"@id\":\"https:\/\/queijosnobrasil.com.br\/site\/#\/schema\/person\/ffd948f2dd090403c987eb626885f72c\"},\"headline\":\"Curso Intensivo de Queijos de Leite de Cabra\",\"datePublished\":\"2023-05-10T18:50:51+00:00\",\"dateModified\":\"2023-09-16T17:51:55+00:00\",\"mainEntityOfPage\":{\"@id\":\"https:\/\/queijosnobrasil.com.br\/site\/curso-intensivo-de-queijos-de-leite-de-cabra\/\"},\"wordCount\":700,\"commentCount\":0,\"publisher\":{\"@id\":\"https:\/\/queijosnobrasil.com.br\/site\/#organization\"},\"image\":{\"@id\":\"https:\/\/queijosnobrasil.com.br\/site\/curso-intensivo-de-queijos-de-leite-de-cabra\/#primaryimage\"},\"thumbnailUrl\":\"https:\/\/queijosnobrasil.com.br\/site\/wp-content\/uploads\/2023\/05\/queijo-mofado-300x222.gif\",\"articleSection\":[\"Cursos Presenciais\"],\"inLanguage\":\"pt-BR\",\"potentialAction\":[{\"@type\":\"CommentAction\",\"name\":\"Comment\",\"target\":[\"https:\/\/queijosnobrasil.com.br\/site\/curso-intensivo-de-queijos-de-leite-de-cabra\/#respond\"]}]},{\"@type\":\"WebPage\",\"@id\":\"https:\/\/queijosnobrasil.com.br\/site\/curso-intensivo-de-queijos-de-leite-de-cabra\/\",\"url\":\"https:\/\/queijosnobrasil.com.br\/site\/curso-intensivo-de-queijos-de-leite-de-cabra\/\",\"name\":\"Curso Intensivo de Queijos de Leite de Cabra - Queijos no Brasil\",\"isPartOf\":{\"@id\":\"https:\/\/queijosnobrasil.com.br\/site\/#website\"},\"primaryImageOfPage\":{\"@id\":\"https:\/\/queijosnobrasil.com.br\/site\/curso-intensivo-de-queijos-de-leite-de-cabra\/#primaryimage\"},\"image\":{\"@id\":\"https:\/\/queijosnobrasil.com.br\/site\/curso-intensivo-de-queijos-de-leite-de-cabra\/#primaryimage\"},\"thumbnailUrl\":\"https:\/\/queijosnobrasil.com.br\/site\/wp-content\/uploads\/2023\/05\/queijo-mofado-300x222.gif\",\"datePublished\":\"2023-05-10T18:50:51+00:00\",\"dateModified\":\"2023-09-16T17:51:55+00:00\",\"breadcrumb\":{\"@id\":\"https:\/\/queijosnobrasil.com.br\/site\/curso-intensivo-de-queijos-de-leite-de-cabra\/#breadcrumb\"},\"inLanguage\":\"pt-BR\",\"potentialAction\":[{\"@type\":\"ReadAction\",\"target\":[\"https:\/\/queijosnobrasil.com.br\/site\/curso-intensivo-de-queijos-de-leite-de-cabra\/\"]}]},{\"@type\":\"ImageObject\",\"inLanguage\":\"pt-BR\",\"@id\":\"https:\/\/queijosnobrasil.com.br\/site\/curso-intensivo-de-queijos-de-leite-de-cabra\/#primaryimage\",\"url\":\"https:\/\/queijosnobrasil.com.br\/site\/wp-content\/uploads\/2023\/05\/queijo-mofado.gif\",\"contentUrl\":\"https:\/\/queijosnobrasil.com.br\/site\/wp-content\/uploads\/2023\/05\/queijo-mofado.gif\",\"width\":400,\"height\":296},{\"@type\":\"BreadcrumbList\",\"@id\":\"https:\/\/queijosnobrasil.com.br\/site\/curso-intensivo-de-queijos-de-leite-de-cabra\/#breadcrumb\",\"itemListElement\":[{\"@type\":\"ListItem\",\"position\":1,\"name\":\"In\u00edcio\",\"item\":\"https:\/\/queijosnobrasil.com.br\/site\/\"},{\"@type\":\"ListItem\",\"position\":2,\"name\":\"Curso Intensivo de Queijos de Leite de Cabra\"}]},{\"@type\":\"WebSite\",\"@id\":\"https:\/\/queijosnobrasil.com.br\/site\/#website\",\"url\":\"https:\/\/queijosnobrasil.com.br\/site\/\",\"name\":\"Queijos no Brasil\",\"description\":\"Empresa voltada a difus\u00e3o de t\u00e9cnicas de fabrica\u00e7\u00e3o e com\u00e9rcio de ingredientes para produtos l\u00e1cteos : queijo (mussarela, Minas Frescal, coalho, ricota...), iogurte, coalhada, requeij\u00e3o, doce de leite e derivados l\u00e1ticos em geral.\",\"publisher\":{\"@id\":\"https:\/\/queijosnobrasil.com.br\/site\/#organization\"},\"potentialAction\":[{\"@type\":\"SearchAction\",\"target\":{\"@type\":\"EntryPoint\",\"urlTemplate\":\"https:\/\/queijosnobrasil.com.br\/site\/?s={search_term_string}\"},\"query-input\":{\"@type\":\"PropertyValueSpecification\",\"valueRequired\":true,\"valueName\":\"search_term_string\"}}],\"inLanguage\":\"pt-BR\"},{\"@type\":\"Organization\",\"@id\":\"https:\/\/queijosnobrasil.com.br\/site\/#organization\",\"name\":\"Queijos no Brasil\",\"url\":\"https:\/\/queijosnobrasil.com.br\/site\/\",\"logo\":{\"@type\":\"ImageObject\",\"inLanguage\":\"pt-BR\",\"@id\":\"https:\/\/queijosnobrasil.com.br\/site\/#\/schema\/logo\/image\/\",\"url\":\"https:\/\/queijosnobrasil.com.br\/site\/wp-content\/uploads\/2025\/04\/logo-1.webp\",\"contentUrl\":\"https:\/\/queijosnobrasil.com.br\/site\/wp-content\/uploads\/2025\/04\/logo-1.webp\",\"width\":288,\"height\":288,\"caption\":\"Queijos no Brasil\"},\"image\":{\"@id\":\"https:\/\/queijosnobrasil.com.br\/site\/#\/schema\/logo\/image\/\"},\"sameAs\":[\"https:\/\/www.youtube.com\/@queijosnobrasil1698\"]},{\"@type\":\"Person\",\"@id\":\"https:\/\/queijosnobrasil.com.br\/site\/#\/schema\/person\/ffd948f2dd090403c987eb626885f72c\",\"name\":\"Queijos no Brasil\",\"image\":{\"@type\":\"ImageObject\",\"inLanguage\":\"pt-BR\",\"@id\":\"https:\/\/secure.gravatar.com\/avatar\/670b886dc6ab5c07aeb3effa3b8646ea730b765de2cd4c96f5dd2d6a6b9867d0?s=96&d=mm&r=g\",\"url\":\"https:\/\/secure.gravatar.com\/avatar\/670b886dc6ab5c07aeb3effa3b8646ea730b765de2cd4c96f5dd2d6a6b9867d0?s=96&d=mm&r=g\",\"contentUrl\":\"https:\/\/secure.gravatar.com\/avatar\/670b886dc6ab5c07aeb3effa3b8646ea730b765de2cd4c96f5dd2d6a6b9867d0?s=96&d=mm&r=g\",\"caption\":\"Queijos no Brasil\"},\"url\":\"https:\/\/queijosnobrasil.com.br\/site\/author\/admin\/\"}]}<\/script>\n<!-- \/ Yoast SEO plugin. -->","yoast_head_json":{"title":"Curso Intensivo de Queijos de Leite de Cabra - Queijos no Brasil","robots":{"index":"index","follow":"follow","max-snippet":"max-snippet:-1","max-image-preview":"max-image-preview:large","max-video-preview":"max-video-preview:-1"},"canonical":"https:\/\/queijosnobrasil.com.br\/site\/curso-intensivo-de-queijos-de-leite-de-cabra\/","og_locale":"pt_BR","og_type":"article","og_title":"Curso Intensivo de Queijos de Leite de Cabra - Queijos no Brasil","og_description":"O Curso Fabrica\u00e7\u00e3o de Queijos de Leite de Cabra \u00e9 um curso din\u00e2mico de car\u00e1ter pr\u00e1tico, ministrado por profissionais t\u00e9cnicos com vasta e longa experi\u00eancia. Apresenta formato intensivo (in\u00e9dito no Brasil por seu rico conte\u00fado e proposta did\u00e1tica), ministrado num per\u00edodo de 3 dias em nosso laborat\u00f3rio tecnol\u00f3gico localizado na Escola de Queijos na cidade [&hellip;]","og_url":"https:\/\/queijosnobrasil.com.br\/site\/curso-intensivo-de-queijos-de-leite-de-cabra\/","og_site_name":"Queijos no Brasil","article_published_time":"2023-05-10T18:50:51+00:00","article_modified_time":"2023-09-16T17:51:55+00:00","og_image":[{"url":"https:\/\/queijosnobrasil.com.br\/site\/wp-content\/uploads\/2023\/05\/queijo-mofado-300x222.gif","type":"","width":"","height":""}],"author":"Queijos no Brasil","twitter_card":"summary_large_image","twitter_misc":{"Escrito por":"Queijos no Brasil","Est. tempo de leitura":"3 minutos"},"schema":{"@context":"https:\/\/schema.org","@graph":[{"@type":"Article","@id":"https:\/\/queijosnobrasil.com.br\/site\/curso-intensivo-de-queijos-de-leite-de-cabra\/#article","isPartOf":{"@id":"https:\/\/queijosnobrasil.com.br\/site\/curso-intensivo-de-queijos-de-leite-de-cabra\/"},"author":{"name":"Queijos no Brasil","@id":"https:\/\/queijosnobrasil.com.br\/site\/#\/schema\/person\/ffd948f2dd090403c987eb626885f72c"},"headline":"Curso Intensivo de Queijos de Leite de Cabra","datePublished":"2023-05-10T18:50:51+00:00","dateModified":"2023-09-16T17:51:55+00:00","mainEntityOfPage":{"@id":"https:\/\/queijosnobrasil.com.br\/site\/curso-intensivo-de-queijos-de-leite-de-cabra\/"},"wordCount":700,"commentCount":0,"publisher":{"@id":"https:\/\/queijosnobrasil.com.br\/site\/#organization"},"image":{"@id":"https:\/\/queijosnobrasil.com.br\/site\/curso-intensivo-de-queijos-de-leite-de-cabra\/#primaryimage"},"thumbnailUrl":"https:\/\/queijosnobrasil.com.br\/site\/wp-content\/uploads\/2023\/05\/queijo-mofado-300x222.gif","articleSection":["Cursos Presenciais"],"inLanguage":"pt-BR","potentialAction":[{"@type":"CommentAction","name":"Comment","target":["https:\/\/queijosnobrasil.com.br\/site\/curso-intensivo-de-queijos-de-leite-de-cabra\/#respond"]}]},{"@type":"WebPage","@id":"https:\/\/queijosnobrasil.com.br\/site\/curso-intensivo-de-queijos-de-leite-de-cabra\/","url":"https:\/\/queijosnobrasil.com.br\/site\/curso-intensivo-de-queijos-de-leite-de-cabra\/","name":"Curso Intensivo de Queijos de Leite de Cabra - Queijos no Brasil","isPartOf":{"@id":"https:\/\/queijosnobrasil.com.br\/site\/#website"},"primaryImageOfPage":{"@id":"https:\/\/queijosnobrasil.com.br\/site\/curso-intensivo-de-queijos-de-leite-de-cabra\/#primaryimage"},"image":{"@id":"https:\/\/queijosnobrasil.com.br\/site\/curso-intensivo-de-queijos-de-leite-de-cabra\/#primaryimage"},"thumbnailUrl":"https:\/\/queijosnobrasil.com.br\/site\/wp-content\/uploads\/2023\/05\/queijo-mofado-300x222.gif","datePublished":"2023-05-10T18:50:51+00:00","dateModified":"2023-09-16T17:51:55+00:00","breadcrumb":{"@id":"https:\/\/queijosnobrasil.com.br\/site\/curso-intensivo-de-queijos-de-leite-de-cabra\/#breadcrumb"},"inLanguage":"pt-BR","potentialAction":[{"@type":"ReadAction","target":["https:\/\/queijosnobrasil.com.br\/site\/curso-intensivo-de-queijos-de-leite-de-cabra\/"]}]},{"@type":"ImageObject","inLanguage":"pt-BR","@id":"https:\/\/queijosnobrasil.com.br\/site\/curso-intensivo-de-queijos-de-leite-de-cabra\/#primaryimage","url":"https:\/\/queijosnobrasil.com.br\/site\/wp-content\/uploads\/2023\/05\/queijo-mofado.gif","contentUrl":"https:\/\/queijosnobrasil.com.br\/site\/wp-content\/uploads\/2023\/05\/queijo-mofado.gif","width":400,"height":296},{"@type":"BreadcrumbList","@id":"https:\/\/queijosnobrasil.com.br\/site\/curso-intensivo-de-queijos-de-leite-de-cabra\/#breadcrumb","itemListElement":[{"@type":"ListItem","position":1,"name":"In\u00edcio","item":"https:\/\/queijosnobrasil.com.br\/site\/"},{"@type":"ListItem","position":2,"name":"Curso Intensivo de Queijos de Leite de Cabra"}]},{"@type":"WebSite","@id":"https:\/\/queijosnobrasil.com.br\/site\/#website","url":"https:\/\/queijosnobrasil.com.br\/site\/","name":"Queijos no Brasil","description":"Empresa voltada a difus\u00e3o de t\u00e9cnicas de fabrica\u00e7\u00e3o e com\u00e9rcio de ingredientes para produtos l\u00e1cteos : queijo (mussarela, Minas Frescal, coalho, ricota...), iogurte, coalhada, requeij\u00e3o, doce de leite e derivados l\u00e1ticos em geral.","publisher":{"@id":"https:\/\/queijosnobrasil.com.br\/site\/#organization"},"potentialAction":[{"@type":"SearchAction","target":{"@type":"EntryPoint","urlTemplate":"https:\/\/queijosnobrasil.com.br\/site\/?s={search_term_string}"},"query-input":{"@type":"PropertyValueSpecification","valueRequired":true,"valueName":"search_term_string"}}],"inLanguage":"pt-BR"},{"@type":"Organization","@id":"https:\/\/queijosnobrasil.com.br\/site\/#organization","name":"Queijos no Brasil","url":"https:\/\/queijosnobrasil.com.br\/site\/","logo":{"@type":"ImageObject","inLanguage":"pt-BR","@id":"https:\/\/queijosnobrasil.com.br\/site\/#\/schema\/logo\/image\/","url":"https:\/\/queijosnobrasil.com.br\/site\/wp-content\/uploads\/2025\/04\/logo-1.webp","contentUrl":"https:\/\/queijosnobrasil.com.br\/site\/wp-content\/uploads\/2025\/04\/logo-1.webp","width":288,"height":288,"caption":"Queijos no Brasil"},"image":{"@id":"https:\/\/queijosnobrasil.com.br\/site\/#\/schema\/logo\/image\/"},"sameAs":["https:\/\/www.youtube.com\/@queijosnobrasil1698"]},{"@type":"Person","@id":"https:\/\/queijosnobrasil.com.br\/site\/#\/schema\/person\/ffd948f2dd090403c987eb626885f72c","name":"Queijos no Brasil","image":{"@type":"ImageObject","inLanguage":"pt-BR","@id":"https:\/\/secure.gravatar.com\/avatar\/670b886dc6ab5c07aeb3effa3b8646ea730b765de2cd4c96f5dd2d6a6b9867d0?s=96&d=mm&r=g","url":"https:\/\/secure.gravatar.com\/avatar\/670b886dc6ab5c07aeb3effa3b8646ea730b765de2cd4c96f5dd2d6a6b9867d0?s=96&d=mm&r=g","contentUrl":"https:\/\/secure.gravatar.com\/avatar\/670b886dc6ab5c07aeb3effa3b8646ea730b765de2cd4c96f5dd2d6a6b9867d0?s=96&d=mm&r=g","caption":"Queijos no Brasil"},"url":"https:\/\/queijosnobrasil.com.br\/site\/author\/admin\/"}]}},"_links":{"self":[{"href":"https:\/\/queijosnobrasil.com.br\/site\/wp-json\/wp\/v2\/posts\/7367","targetHints":{"allow":["GET"]}}],"collection":[{"href":"https:\/\/queijosnobrasil.com.br\/site\/wp-json\/wp\/v2\/posts"}],"about":[{"href":"https:\/\/queijosnobrasil.com.br\/site\/wp-json\/wp\/v2\/types\/post"}],"author":[{"embeddable":true,"href":"https:\/\/queijosnobrasil.com.br\/site\/wp-json\/wp\/v2\/users\/1"}],"replies":[{"embeddable":true,"href":"https:\/\/queijosnobrasil.com.br\/site\/wp-json\/wp\/v2\/comments?post=7367"}],"version-history":[{"count":9,"href":"https:\/\/queijosnobrasil.com.br\/site\/wp-json\/wp\/v2\/posts\/7367\/revisions"}],"predecessor-version":[{"id":8254,"href":"https:\/\/queijosnobrasil.com.br\/site\/wp-json\/wp\/v2\/posts\/7367\/revisions\/8254"}],"wp:attachment":[{"href":"https:\/\/queijosnobrasil.com.br\/site\/wp-json\/wp\/v2\/media?parent=7367"}],"wp:term":[{"taxonomy":"category","embeddable":true,"href":"https:\/\/queijosnobrasil.com.br\/site\/wp-json\/wp\/v2\/categories?post=7367"},{"taxonomy":"post_tag","embeddable":true,"href":"https:\/\/queijosnobrasil.com.br\/site\/wp-json\/wp\/v2\/tags?post=7367"}],"curies":[{"name":"wp","href":"https:\/\/api.w.org\/{rel}","templated":true}]}}