{"id":6709,"date":"2022-12-20T20:40:44","date_gmt":"2022-12-20T23:40:44","guid":{"rendered":"https:\/\/queijosnobrasil.com.br\/site\/?p=6709"},"modified":"2023-11-04T15:13:26","modified_gmt":"2023-11-04T18:13:26","slug":"kefir","status":"publish","type":"post","link":"https:\/\/queijosnobrasil.com.br\/site\/kefir\/","title":{"rendered":"Kefir"},"content":{"rendered":"\r\n<p><img fetchpriority=\"high\" decoding=\"async\" class=\"size-full alignleft\" src=\"https:\/\/queijosnobrasil.com.br\/site\/images\/kefirveg.gif\" width=\"500\" height=\"442\" \/><span style=\"font-family: verdana, geneva, sans-serif;\">O kefir \u00e9 um dos produtos l\u00e1cteos fermentados mais antigos da humanidade, origin\u00e1rio das montanhas do C\u00e1ucaso, tradicionalmente elaborado a partir de leite de cabra integral e leites de outras esp\u00e9cies leiteiras como a vaca e ovelha.<\/span><\/p>\r\n<p><span style=\"font-family: verdana, geneva, sans-serif;\">\r\n\r\n\r\n\r\n<\/span><\/p>\r\n<p><span style=\"font-family: verdana, geneva, sans-serif;\">O nome kefir que se diga de passagem pronuncia-se \u201ckeff \u00e9-er\u201d remete-se principalmente a um sentimento, dif\u00edcil de ser traduzido, pela adversidade e multiplicidade de l\u00ednguas, povos e dialetos ancestrais. Mais pr\u00f3ximo seria dizer que kefir, de origem turca, reflete a bom sentimento e boa sa\u00fade, um alimento fermentado com uma simplicidade primitiva e uma complexidade microbiol\u00f3gica natural\u00a0<em>per si.<\/em><\/span><\/p>\r\n<p><span style=\"font-family: verdana, geneva, sans-serif;\">\r\n\r\n<\/span><\/p>\r\n<p><span style=\"font-family: verdana, geneva, sans-serif;\">Todos os atributos sensoriais resultam da complexidade desta flora microbiana combinada ao leite de origem, podendo apresentar consistente, cremoso, espesso por um lado ou tamb\u00e9m fluido, suave e menos viscoso por outro.<\/span><\/p>\r\n<p><span style=\"font-family: verdana, geneva, sans-serif;\">\r\n\r\n<\/span><\/p>\r\n<p><span style=\"font-family: verdana, geneva, sans-serif;\">O sabor pode ser suave ou intensamente \u00e1cido, com varia\u00e7\u00f5es de uma efervesc\u00eancia naturalmente carbonatada ao alco\u00f3lico (com n\u00edveis que podem chegar at\u00e9 2% de \u00e1lcool), derivados desta multiplicidade biol\u00f3gica.<\/span><\/p>\r\n<p><span style=\"font-family: verdana, geneva, sans-serif;\">\r\n\r\n<\/span><\/p>\r\n<p><span style=\"font-family: verdana, geneva, sans-serif;\">O que torna o kefir particularmente distinto dos outros leites fermentados (iogurte, coalhada, leite acid\u00f3filo) \u00e9 o uso dos \u201cgr\u00e3os de kefir\u201d cultivados no leite (n\u00e3o confunda com gr\u00e3os de cereais).<\/span><\/p>\r\n<p><span style=\"font-family: verdana, geneva, sans-serif;\">\r\n\r\n<\/span><\/p>\r\n<p><span style=\"font-family: verdana, geneva, sans-serif;\">Os gr\u00e3os assim denominados s\u00e3o formados por um complexo de case\u00edna, gordura e polissacar\u00eddeos fixados por col\u00f4nias de bact\u00e9rias \u00e1cido l\u00e1ticas, ac\u00e9ticas, fungos e leveduras espec\u00edficas, numa harm\u00f4nica rela\u00e7\u00e3o de simbiose.<\/span><\/p>\r\n<p><span style=\"font-family: verdana, geneva, sans-serif;\">\r\n\r\n<\/span><\/p>\r\n<p><span style=\"font-family: verdana, geneva, sans-serif;\">No jarg\u00e3o t\u00e9cnico os primeiros gr\u00e3os s\u00e3o denominados de \u201ccultivo ou cultura m\u00e3e\u201d, pois d\u00e3o origem \u00e0 uma continua descend\u00eancia no qual o mais importante \u00e9 a multiplicidade e const\u00e2ncia da flora original (esta flora n\u00e3o somente \u00e9 respons\u00e1vel por esta matriz biologicamente estruturada mas tamb\u00e9m s\u00e3o abrigadas pelas m\u00faltiplas estruturas por elas criadas, interior ou exteriormente).<\/span><\/p>\r\n<p><span style=\"font-family: verdana, geneva, sans-serif;\">\r\n\r\n<\/span><\/p>\r\n<p><span style=\"font-family: verdana, geneva, sans-serif;\">A dimens\u00e3o do gr\u00e3o pode variar desde o tamanho de uma castanha ou noz at\u00e9 a um gr\u00e3o de arroz ou trigo apresentando uma superf\u00edcie que apresenta algumas regi\u00f5es lisas e outras \u00e1speras (tamb\u00e9m combinadas) numa irregularidade caracter\u00edstica.<\/span><\/p>\r\n<p><span style=\"font-family: verdana, geneva, sans-serif;\">\r\n\r\n<\/span><\/p>\r\n<p><span style=\"font-family: verdana, geneva, sans-serif;\">O gr\u00e3o naturalmente estruturado e seco apresenta colora\u00e7\u00e3o palha tendendo ao creme mais intenso, sendo insol\u00faveis em \u00e1gua e em muitos solventes. Quando adicionados ao leite, incham-se, apresentando uma colora\u00e7\u00e3o branco\/ palha muito suave, ponto de partida para a fermenta\u00e7\u00e3o l\u00e1tica e alco\u00f3lica.<\/span><\/p>\r\n<p><span style=\"font-family: verdana, geneva, sans-serif;\">\r\n\r\n<\/span><\/p>\r\n<p><span style=\"font-family: verdana, geneva, sans-serif;\">O gr\u00e3o de kefir constitui-se portanto de um rico complexo formado por uma flora biologicamente ativa e dependentemente simbi\u00f3tica (uma organismo precisa do outro na manten\u00e7a da vida e continuidade via descend\u00eancia), assim sendo, as bact\u00e9rias l\u00e1cteas (lactobacilos e lactococos) hidrolisam o a\u00e7\u00facar presente no meio (quebram a lactose) em glicose e galactose (neste ponto, uma parte do processo acontece pela forma\u00e7\u00e3o de \u00e1cido l\u00e1tico\/ lactato), esta via estimula outros processos fermentativos via bacteriana e por leveduras, resultando tamb\u00e9m na forma\u00e7\u00e3o de \u00e1lcool, g\u00e1s e compostos arom\u00e1ticos.<\/span><\/p>\r\n<p><span style=\"font-family: verdana, geneva, sans-serif;\">\r\n\r\n<\/span><\/p>\r\n<p><span style=\"font-family: verdana, geneva, sans-serif;\">Estudos relatam que a adversidade dos diferentes tipos e esp\u00e9cies microbianas nos gr\u00e3os de kefir relaciona-se diretamente com certa regularidade na flora presente no kefir elaborado a partir de leite cru, no qual existe a flora nativa, denominada tamb\u00e9m de selvagem, numa rela\u00e7\u00e3o estreita e tamb\u00e9m simbi\u00f3tica com meio ambiente e a sazonalidade clim\u00e1tica. Este fen\u00f4meno \u00e9 desej\u00e1vel, visto que existe uma readapta\u00e7\u00e3o (com o surgimento e desaparecimento de estirpes) \u00e0 nova condi\u00e7\u00e3o (clima, por exemplo) traduzindo-se numa prote\u00e7\u00e3o localizada para o consumidor, isto \u00e9 uma adapta\u00e7\u00e3o biol\u00f3gica \u00e0 uma nova condi\u00e7\u00e3o.<span style=\"color: #00ccff;\"><strong> Lactobacilos presentes<\/strong><\/span>: Lb. acidophilus Lb. brevis Lb. casei Lb. paracaei spp paracaei Lb. casei ssp alactosus Lb. casei ssp Rhamnosus Lb. helveticus Lb. delbruechii ssp lactis Lb. delbruechii ssp bulgaricus Lb. lactis Lb. kefir Lb. kefiranofaciens Lb. Kefirgranum Lb. parakefir Lb. frutivoans Lb. hilgardii. <span style=\"color: #00ccff;\"><strong>Bact\u00e9rias l\u00e1ticas\/ cocos<\/strong><\/span>: Lc. lactis ssp lactis Lc. lactis var. diacetylactis Lc. lactis ssp cremoris Enterococcus durans Leuconostoc cremoris L.mesenteroides.<span style=\"color: #00ccff;\"> <strong>Leveduras<\/strong><\/span>: Kluyveromyces lactisK. bulgaricus Candida Kefir C. tenuis C. rancens Saccharomyces lactis Saccharomyces pseudotropicalis Saccharomyces kefir Torula kefir Saccharomyces carlsbergensis <span style=\"color: #00ccff;\"><strong>Acetobact\u00e9ria<\/strong><\/span>: cetobacter ransens Acetobacter aceti e o <strong><span style=\"color: #00ccff;\">fungo<\/span> <\/strong>Geotrichum candidum.\u00a0<\/span><\/p>\r\n<p><span style=\"font-family: verdana, geneva, sans-serif;\">\r\n\r\n<\/span><\/p>\r\n<figure class=\"wp-block-table\"><\/figure>\r\n<p><span style=\"font-family: verdana, geneva, sans-serif;\">\r\n\r\n<\/span><\/p>\r\n<p><span style=\"font-family: verdana, geneva, sans-serif; color: #00ccff;\">Elabora\u00e7\u00e3o do kefir comercial<\/span><\/p>\r\n<p><span style=\"font-family: verdana, geneva, sans-serif;\">\r\n\r\n<\/span><\/p>\r\n<p><span style=\"font-family: verdana, geneva, sans-serif;\"><img decoding=\"async\" class=\"size-full alignleft\" src=\"https:\/\/queijosnobrasil.com.br\/portal\/images\/kefirveggie.gif\" width=\"500\" height=\"442\" \/>A elabora\u00e7\u00e3o do kefir envolve algumas etapas n\u00e3o t\u00e3o diferentes de outros leites fermentados como por exemplo o iogurte.<\/span><\/p>\r\n<p><span style=\"font-family: verdana, geneva, sans-serif;\">\r\n\r\n<\/span><\/p>\r\n<p><span style=\"font-family: verdana, geneva, sans-serif;\">A fermenta\u00e7\u00e3o \u00e9 um processo de multiplica\u00e7\u00e3o da vida (uma vida invis\u00edvel aos olhos humanos) com resultados maravilhosamente vis\u00edveis.<\/span><\/p>\r\n<p><span style=\"font-family: verdana, geneva, sans-serif;\">\r\n\r\n\r\n\r\n<\/span><\/p>\r\n<p><span style=\"font-family: verdana, geneva, sans-serif;\">A otimiza\u00e7\u00e3o da produ\u00e7\u00e3o do kefir em escala comercial permitiu assim a oportunidade de consumo a um p\u00fablico global, saindo da uma condi\u00e7\u00e3o caseira (muito forte e ainda existente, ligada \u00e0 cadeia compartilhada pela doa\u00e7\u00e3o dos gr\u00e3os matrizes) para uma condi\u00e7\u00e3o de milhares de toneladas anuais produzidas principalmente na Europa, leste europeu e R\u00fassia (maior consumidor mundial de kefir).<\/span><\/p>\r\n<p><span style=\"font-family: verdana, geneva, sans-serif;\">\r\n\r\n<\/span><\/p>\r\n<p><span style=\"font-family: verdana, geneva, sans-serif; color: #00ccff;\">Mat\u00e9ria prima<\/span><\/p>\r\n<p><span style=\"font-family: verdana, geneva, sans-serif;\">\r\n\r\n<\/span><\/p>\r\n<p><span style=\"font-family: verdana, geneva, sans-serif;\">A composi\u00e7\u00e3o f\u00edsico qu\u00edmica do kefir possui uma rela\u00e7\u00e3o estreita com a matriz original, denominada de gr\u00e3o de kefir e seu meio de cultivo: o leite e certa variabilidade da forma com a qual pode ser elaborado. Assim sendo os atributos sensoriais est\u00e3o diretamente relacionados com o teor de gordura original, a capacidade de produ\u00e7\u00e3o de \u00e1cido l\u00e1tico, a capacidade de produ\u00e7\u00e3o de g\u00e1s (causador da efervesc\u00eancia) capacidade de produ\u00e7\u00e3o alco\u00f3lica e forma\u00e7\u00e3o de compostos arom\u00e1ticos principalmente diacetil e acetoalde\u00eddo (aromas relacionados com o \u201ccheiro\u201d l\u00e1cteo ou amanteigado).<\/span><\/p>\r\n<p><span style=\"font-family: verdana, geneva, sans-serif;\">\r\n\r\n<\/span><\/p>\r\n<p><span style=\"font-family: verdana, geneva, sans-serif;\">O kefir que mais se alinha \u00e0 prefer\u00eancia do brasileiro, deve ser um produto com certa suavidade, discreta efervesc\u00eancia, com m\u00ednima ou discreta nota alc\u00f3olica, natural ou a\u00e7ucarado, combinado com ch\u00e1s, frutas e opcionalmente aromatizado.<\/span><\/p>\r\n<p><span style=\"font-family: verdana, geneva, sans-serif;\">\r\n\r\n<\/span><\/p>\r\n<p><span style=\"font-family: verdana, geneva, sans-serif;\">O leite constitui a mat\u00e9ria prima principal para elabora\u00e7\u00e3o do kefir que pode ser elaborado a partir de leite de vaca, cabra, b\u00fafala e ovelha, padronizado em seu teor de gordura (do desnatado ao integral).<\/span><\/p>\r\n<p><span style=\"font-family: verdana, geneva, sans-serif;\">\r\n\r\n<\/span><\/p>\r\n<p><span style=\"font-family: verdana, geneva, sans-serif;\">A condi\u00e7\u00e3o fundamental na elabora\u00e7\u00e3o de um kefir de qualidade, \u00e9 a boa qualidade do leite de origem que envolve diversos requisitos como:<\/span><\/p>\r\n<p><span style=\"font-family: verdana, geneva, sans-serif;\">\r\n\r\n<\/span><\/p>\r\n<ul class=\"wp-block-list\">\r\n<li><span style=\"font-family: verdana, geneva, sans-serif;\">leite rec\u00e9m ordenhado, de animais comprovadamente sadios, devendo ser resfriado ou processado imediatamente ap\u00f3s esta etapa, apresentando odor puro e caracter\u00edstico.<\/span><\/li>\r\n\r\n\r\n\r\n<li><span style=\"font-family: verdana, geneva, sans-serif;\">compreender uma acidez entre 15 a 16\u00baD.<\/span><\/li>\r\n\r\n\r\n\r\n<li><span style=\"font-family: verdana, geneva, sans-serif;\">estar livre de inibidores como antibi\u00f3ticos, praguicidas e res\u00edduos de materiais de limpeza.<\/span><\/li>\r\n\r\n\r\n\r\n<li><span style=\"font-family: verdana, geneva, sans-serif;\">baixa contagem de c\u00e9lulas som\u00e1ticas e contagem total bacteriana.<\/span><\/li>\r\n\r\n\r\n\r\n<li><span style=\"font-family: verdana, geneva, sans-serif;\">adequada composi\u00e7\u00e3o f\u00edsica, principalmente prote\u00ednas.\u00a0\u00a0<\/span><\/li>\r\n<\/ul>\r\n<p><span style=\"font-family: verdana, geneva, sans-serif;\">\r\n\r\n<\/span><\/p>\r\n<p><span style=\"font-family: verdana, geneva, sans-serif;\">A intensifica\u00e7\u00e3o e procura global pelo kefir determinou o desenvolvimento de condi\u00e7\u00f5es seguras para a continuidade de floras nativas para produ\u00e7\u00e3o na escala industrial, adaptando-se \u00e0s prefer\u00eancias dos consumidores locais.<\/span><\/p>\r\n<p><span style=\"font-family: verdana, geneva, sans-serif;\">\r\n\r\n<\/span><\/p>\r\n<p><span style=\"font-family: verdana, geneva, sans-serif;\">A utiliza\u00e7\u00e3o e manipula\u00e7\u00e3o dos gr\u00e3os de kefir na escala comercial constitui-se na atualidade um m\u00e9todo oneroso, que requer in\u00fameros cuidados de manipula\u00e7\u00e3o, investimentos e um controle microbiol\u00f3gico constante visando a repeti\u00e7\u00e3o da flora, qualitativa e quantitativamente.<\/span><\/p>\r\n<p><span style=\"font-family: verdana, geneva, sans-serif;\">\r\n\r\n<\/span><\/p>\r\n<p><span style=\"font-family: verdana, geneva, sans-serif;\">Como alternativa segura e de menor custo \u00e9 poss\u00edvel a elabora\u00e7\u00e3o do kefir com a utiliza\u00e7\u00e3o de culturas comerciais origin\u00e1rias diretamente de gr\u00e3os de kefir, eliminando desta forma in\u00fameras etapas relacionadas ao preparo do meio de cultivo (leite original) e dos pr\u00f3prios gr\u00e3os.<\/span><\/p>\r\n<p><span style=\"font-family: verdana, geneva, sans-serif;\">\r\n\r\n<\/span><\/p>\r\n<p><span style=\"font-family: verdana, geneva, sans-serif;\">O kefir resultante apresenta todas as caracter\u00edsticas t\u00edpicas de um bom kefir tradicional, com excelente viscosidade, aroma, sabor e const\u00e2ncia de qualidade.<\/span><\/p>\r\n<p><a href=\"https:\/\/queijosnobrasil.com.br\/portal\/home\"><img decoding=\"async\" class=\"size-medium wp-image-7443 aligncenter\" src=\"https:\/\/queijosnobrasil.com.br\/site\/wp-content\/uploads\/2023\/05\/tira_loja-300x38.png\" alt=\"\" width=\"300\" height=\"38\" srcset=\"https:\/\/queijosnobrasil.com.br\/site\/wp-content\/uploads\/2023\/05\/tira_loja-300x38.png 300w, https:\/\/queijosnobrasil.com.br\/site\/wp-content\/uploads\/2023\/05\/tira_loja.png 583w\" sizes=\"(max-width: 300px) 100vw, 300px\" \/><\/a><\/p>\r\n","protected":false},"excerpt":{"rendered":"<p>O kefir \u00e9 um dos produtos l\u00e1cteos fermentados mais antigos da humanidade, origin\u00e1rio das montanhas do C\u00e1ucaso, tradicionalmente elaborado a partir de leite de cabra integral e leites de outras esp\u00e9cies leiteiras como a vaca e ovelha. O nome kefir que se diga de passagem pronuncia-se \u201ckeff \u00e9-er\u201d remete-se principalmente a um sentimento, dif\u00edcil de [&hellip;]<\/p>\n","protected":false},"author":1,"featured_media":0,"comment_status":"open","ping_status":"open","sticky":false,"template":"","format":"standard","meta":{"footnotes":""},"categories":[215],"tags":[341,340,321,337,333,254,331,257,336,332,330,338,233,263,342,335,334],"class_list":["post-6709","post","type-post","status-publish","format-standard","hentry","category-tudo-sobre-iogurte","tag-aproveitamento-de-soro","tag-bebida-lactea","tag-como-fazer-iogurte","tag-como-fazer-iogurte-natural","tag-faca-iougurte","tag-iogurte","tag-iogurte-artesanal","tag-iogurte-com-frutas","tag-iogurte-com-probioticos","tag-iogurte-como-fazer-em-casa","tag-iogurte-grego","tag-iogurte-natural","tag-iogurte-vegano","tag-iogurte-whey","tag-kefir","tag-probioticos","tag-probioticos-para-iogurte"],"yoast_head":"<!-- This site is optimized with the Yoast SEO plugin v27.2 - https:\/\/yoast.com\/product\/yoast-seo-wordpress\/ -->\n<title>Kefir - Queijos no Brasil<\/title>\n<meta name=\"robots\" content=\"index, follow, max-snippet:-1, max-image-preview:large, max-video-preview:-1\" \/>\n<link rel=\"canonical\" href=\"https:\/\/queijosnobrasil.com.br\/site\/kefir\/\" \/>\n<meta property=\"og:locale\" content=\"pt_BR\" \/>\n<meta property=\"og:type\" content=\"article\" \/>\n<meta property=\"og:title\" content=\"Kefir - Queijos no Brasil\" \/>\n<meta property=\"og:description\" content=\"O kefir \u00e9 um dos produtos l\u00e1cteos fermentados mais antigos da humanidade, origin\u00e1rio das montanhas do C\u00e1ucaso, tradicionalmente elaborado a partir de leite de cabra integral e leites de outras esp\u00e9cies leiteiras como a vaca e ovelha. O nome kefir que se diga de passagem pronuncia-se \u201ckeff \u00e9-er\u201d remete-se principalmente a um sentimento, dif\u00edcil de [&hellip;]\" \/>\n<meta property=\"og:url\" content=\"https:\/\/queijosnobrasil.com.br\/site\/kefir\/\" \/>\n<meta property=\"og:site_name\" content=\"Queijos no Brasil\" \/>\n<meta property=\"article:published_time\" content=\"2022-12-20T23:40:44+00:00\" \/>\n<meta property=\"article:modified_time\" content=\"2023-11-04T18:13:26+00:00\" \/>\n<meta property=\"og:image\" content=\"https:\/\/queijosnobrasil.com.br\/site\/images\/kefirveg.gif\" \/>\n<meta name=\"author\" content=\"Queijos no Brasil\" \/>\n<meta name=\"twitter:card\" content=\"summary_large_image\" \/>\n<meta name=\"twitter:label1\" content=\"Escrito por\" \/>\n\t<meta name=\"twitter:data1\" content=\"Queijos no Brasil\" \/>\n\t<meta name=\"twitter:label2\" content=\"Est. tempo de leitura\" \/>\n\t<meta name=\"twitter:data2\" content=\"6 minutos\" \/>\n<script type=\"application\/ld+json\" class=\"yoast-schema-graph\">{\"@context\":\"https:\/\/schema.org\",\"@graph\":[{\"@type\":\"Article\",\"@id\":\"https:\/\/queijosnobrasil.com.br\/site\/kefir\/#article\",\"isPartOf\":{\"@id\":\"https:\/\/queijosnobrasil.com.br\/site\/kefir\/\"},\"author\":{\"name\":\"Queijos no Brasil\",\"@id\":\"https:\/\/queijosnobrasil.com.br\/site\/#\/schema\/person\/ffd948f2dd090403c987eb626885f72c\"},\"headline\":\"Kefir\",\"datePublished\":\"2022-12-20T23:40:44+00:00\",\"dateModified\":\"2023-11-04T18:13:26+00:00\",\"mainEntityOfPage\":{\"@id\":\"https:\/\/queijosnobrasil.com.br\/site\/kefir\/\"},\"wordCount\":1255,\"commentCount\":0,\"publisher\":{\"@id\":\"https:\/\/queijosnobrasil.com.br\/site\/#organization\"},\"image\":{\"@id\":\"https:\/\/queijosnobrasil.com.br\/site\/kefir\/#primaryimage\"},\"thumbnailUrl\":\"https:\/\/queijosnobrasil.com.br\/site\/images\/kefirveg.gif\",\"keywords\":[\"aproveitamento de soro\",\"bebida l\u00e1ctea\",\"como fazer iogurte\",\"como fazer iogurte natural\",\"fa\u00e7a iougurte\",\"iogurte\",\"iogurte artesanal\",\"iogurte com frutas\",\"iogurte com probi\u00f3ticos\",\"iogurte como fazer em casa\",\"iogurte grego\",\"iogurte natural\",\"iogurte vegano\",\"iogurte whey\",\"kefir\",\"probi\u00f3ticos\",\"probi\u00f3ticos para iogurte\"],\"articleSection\":[\"Tudo sobre iogurte\"],\"inLanguage\":\"pt-BR\",\"potentialAction\":[{\"@type\":\"CommentAction\",\"name\":\"Comment\",\"target\":[\"https:\/\/queijosnobrasil.com.br\/site\/kefir\/#respond\"]}]},{\"@type\":\"WebPage\",\"@id\":\"https:\/\/queijosnobrasil.com.br\/site\/kefir\/\",\"url\":\"https:\/\/queijosnobrasil.com.br\/site\/kefir\/\",\"name\":\"Kefir - Queijos no Brasil\",\"isPartOf\":{\"@id\":\"https:\/\/queijosnobrasil.com.br\/site\/#website\"},\"primaryImageOfPage\":{\"@id\":\"https:\/\/queijosnobrasil.com.br\/site\/kefir\/#primaryimage\"},\"image\":{\"@id\":\"https:\/\/queijosnobrasil.com.br\/site\/kefir\/#primaryimage\"},\"thumbnailUrl\":\"https:\/\/queijosnobrasil.com.br\/site\/images\/kefirveg.gif\",\"datePublished\":\"2022-12-20T23:40:44+00:00\",\"dateModified\":\"2023-11-04T18:13:26+00:00\",\"breadcrumb\":{\"@id\":\"https:\/\/queijosnobrasil.com.br\/site\/kefir\/#breadcrumb\"},\"inLanguage\":\"pt-BR\",\"potentialAction\":[{\"@type\":\"ReadAction\",\"target\":[\"https:\/\/queijosnobrasil.com.br\/site\/kefir\/\"]}]},{\"@type\":\"ImageObject\",\"inLanguage\":\"pt-BR\",\"@id\":\"https:\/\/queijosnobrasil.com.br\/site\/kefir\/#primaryimage\",\"url\":\"https:\/\/queijosnobrasil.com.br\/site\/images\/kefirveg.gif\",\"contentUrl\":\"https:\/\/queijosnobrasil.com.br\/site\/images\/kefirveg.gif\"},{\"@type\":\"BreadcrumbList\",\"@id\":\"https:\/\/queijosnobrasil.com.br\/site\/kefir\/#breadcrumb\",\"itemListElement\":[{\"@type\":\"ListItem\",\"position\":1,\"name\":\"In\u00edcio\",\"item\":\"https:\/\/queijosnobrasil.com.br\/site\/\"},{\"@type\":\"ListItem\",\"position\":2,\"name\":\"Kefir\"}]},{\"@type\":\"WebSite\",\"@id\":\"https:\/\/queijosnobrasil.com.br\/site\/#website\",\"url\":\"https:\/\/queijosnobrasil.com.br\/site\/\",\"name\":\"Queijos no Brasil\",\"description\":\"Empresa voltada a difus\u00e3o de t\u00e9cnicas de fabrica\u00e7\u00e3o e com\u00e9rcio de ingredientes para produtos l\u00e1cteos : queijo (mussarela, Minas Frescal, coalho, ricota...), iogurte, coalhada, requeij\u00e3o, doce de leite e derivados l\u00e1ticos em geral.\",\"publisher\":{\"@id\":\"https:\/\/queijosnobrasil.com.br\/site\/#organization\"},\"potentialAction\":[{\"@type\":\"SearchAction\",\"target\":{\"@type\":\"EntryPoint\",\"urlTemplate\":\"https:\/\/queijosnobrasil.com.br\/site\/?s={search_term_string}\"},\"query-input\":{\"@type\":\"PropertyValueSpecification\",\"valueRequired\":true,\"valueName\":\"search_term_string\"}}],\"inLanguage\":\"pt-BR\"},{\"@type\":\"Organization\",\"@id\":\"https:\/\/queijosnobrasil.com.br\/site\/#organization\",\"name\":\"Queijos no Brasil\",\"url\":\"https:\/\/queijosnobrasil.com.br\/site\/\",\"logo\":{\"@type\":\"ImageObject\",\"inLanguage\":\"pt-BR\",\"@id\":\"https:\/\/queijosnobrasil.com.br\/site\/#\/schema\/logo\/image\/\",\"url\":\"https:\/\/queijosnobrasil.com.br\/site\/wp-content\/uploads\/2025\/04\/logo-1.webp\",\"contentUrl\":\"https:\/\/queijosnobrasil.com.br\/site\/wp-content\/uploads\/2025\/04\/logo-1.webp\",\"width\":288,\"height\":288,\"caption\":\"Queijos no Brasil\"},\"image\":{\"@id\":\"https:\/\/queijosnobrasil.com.br\/site\/#\/schema\/logo\/image\/\"},\"sameAs\":[\"https:\/\/www.youtube.com\/@queijosnobrasil1698\"]},{\"@type\":\"Person\",\"@id\":\"https:\/\/queijosnobrasil.com.br\/site\/#\/schema\/person\/ffd948f2dd090403c987eb626885f72c\",\"name\":\"Queijos no Brasil\",\"image\":{\"@type\":\"ImageObject\",\"inLanguage\":\"pt-BR\",\"@id\":\"https:\/\/secure.gravatar.com\/avatar\/670b886dc6ab5c07aeb3effa3b8646ea730b765de2cd4c96f5dd2d6a6b9867d0?s=96&d=mm&r=g\",\"url\":\"https:\/\/secure.gravatar.com\/avatar\/670b886dc6ab5c07aeb3effa3b8646ea730b765de2cd4c96f5dd2d6a6b9867d0?s=96&d=mm&r=g\",\"contentUrl\":\"https:\/\/secure.gravatar.com\/avatar\/670b886dc6ab5c07aeb3effa3b8646ea730b765de2cd4c96f5dd2d6a6b9867d0?s=96&d=mm&r=g\",\"caption\":\"Queijos no Brasil\"},\"url\":\"https:\/\/queijosnobrasil.com.br\/site\/author\/admin\/\"}]}<\/script>\n<!-- \/ Yoast SEO plugin. -->","yoast_head_json":{"title":"Kefir - Queijos no Brasil","robots":{"index":"index","follow":"follow","max-snippet":"max-snippet:-1","max-image-preview":"max-image-preview:large","max-video-preview":"max-video-preview:-1"},"canonical":"https:\/\/queijosnobrasil.com.br\/site\/kefir\/","og_locale":"pt_BR","og_type":"article","og_title":"Kefir - Queijos no Brasil","og_description":"O kefir \u00e9 um dos produtos l\u00e1cteos fermentados mais antigos da humanidade, origin\u00e1rio das montanhas do C\u00e1ucaso, tradicionalmente elaborado a partir de leite de cabra integral e leites de outras esp\u00e9cies leiteiras como a vaca e ovelha. O nome kefir que se diga de passagem pronuncia-se \u201ckeff \u00e9-er\u201d remete-se principalmente a um sentimento, dif\u00edcil de [&hellip;]","og_url":"https:\/\/queijosnobrasil.com.br\/site\/kefir\/","og_site_name":"Queijos no Brasil","article_published_time":"2022-12-20T23:40:44+00:00","article_modified_time":"2023-11-04T18:13:26+00:00","og_image":[{"url":"https:\/\/queijosnobrasil.com.br\/site\/images\/kefirveg.gif","type":"","width":"","height":""}],"author":"Queijos no Brasil","twitter_card":"summary_large_image","twitter_misc":{"Escrito por":"Queijos no Brasil","Est. tempo de leitura":"6 minutos"},"schema":{"@context":"https:\/\/schema.org","@graph":[{"@type":"Article","@id":"https:\/\/queijosnobrasil.com.br\/site\/kefir\/#article","isPartOf":{"@id":"https:\/\/queijosnobrasil.com.br\/site\/kefir\/"},"author":{"name":"Queijos no Brasil","@id":"https:\/\/queijosnobrasil.com.br\/site\/#\/schema\/person\/ffd948f2dd090403c987eb626885f72c"},"headline":"Kefir","datePublished":"2022-12-20T23:40:44+00:00","dateModified":"2023-11-04T18:13:26+00:00","mainEntityOfPage":{"@id":"https:\/\/queijosnobrasil.com.br\/site\/kefir\/"},"wordCount":1255,"commentCount":0,"publisher":{"@id":"https:\/\/queijosnobrasil.com.br\/site\/#organization"},"image":{"@id":"https:\/\/queijosnobrasil.com.br\/site\/kefir\/#primaryimage"},"thumbnailUrl":"https:\/\/queijosnobrasil.com.br\/site\/images\/kefirveg.gif","keywords":["aproveitamento de soro","bebida l\u00e1ctea","como fazer iogurte","como fazer iogurte natural","fa\u00e7a iougurte","iogurte","iogurte artesanal","iogurte com frutas","iogurte com probi\u00f3ticos","iogurte como fazer em casa","iogurte grego","iogurte natural","iogurte vegano","iogurte whey","kefir","probi\u00f3ticos","probi\u00f3ticos para iogurte"],"articleSection":["Tudo sobre iogurte"],"inLanguage":"pt-BR","potentialAction":[{"@type":"CommentAction","name":"Comment","target":["https:\/\/queijosnobrasil.com.br\/site\/kefir\/#respond"]}]},{"@type":"WebPage","@id":"https:\/\/queijosnobrasil.com.br\/site\/kefir\/","url":"https:\/\/queijosnobrasil.com.br\/site\/kefir\/","name":"Kefir - Queijos no Brasil","isPartOf":{"@id":"https:\/\/queijosnobrasil.com.br\/site\/#website"},"primaryImageOfPage":{"@id":"https:\/\/queijosnobrasil.com.br\/site\/kefir\/#primaryimage"},"image":{"@id":"https:\/\/queijosnobrasil.com.br\/site\/kefir\/#primaryimage"},"thumbnailUrl":"https:\/\/queijosnobrasil.com.br\/site\/images\/kefirveg.gif","datePublished":"2022-12-20T23:40:44+00:00","dateModified":"2023-11-04T18:13:26+00:00","breadcrumb":{"@id":"https:\/\/queijosnobrasil.com.br\/site\/kefir\/#breadcrumb"},"inLanguage":"pt-BR","potentialAction":[{"@type":"ReadAction","target":["https:\/\/queijosnobrasil.com.br\/site\/kefir\/"]}]},{"@type":"ImageObject","inLanguage":"pt-BR","@id":"https:\/\/queijosnobrasil.com.br\/site\/kefir\/#primaryimage","url":"https:\/\/queijosnobrasil.com.br\/site\/images\/kefirveg.gif","contentUrl":"https:\/\/queijosnobrasil.com.br\/site\/images\/kefirveg.gif"},{"@type":"BreadcrumbList","@id":"https:\/\/queijosnobrasil.com.br\/site\/kefir\/#breadcrumb","itemListElement":[{"@type":"ListItem","position":1,"name":"In\u00edcio","item":"https:\/\/queijosnobrasil.com.br\/site\/"},{"@type":"ListItem","position":2,"name":"Kefir"}]},{"@type":"WebSite","@id":"https:\/\/queijosnobrasil.com.br\/site\/#website","url":"https:\/\/queijosnobrasil.com.br\/site\/","name":"Queijos no Brasil","description":"Empresa voltada a difus\u00e3o de t\u00e9cnicas de fabrica\u00e7\u00e3o e com\u00e9rcio de ingredientes para produtos l\u00e1cteos : queijo (mussarela, Minas Frescal, coalho, ricota...), iogurte, coalhada, requeij\u00e3o, doce de leite e derivados l\u00e1ticos em geral.","publisher":{"@id":"https:\/\/queijosnobrasil.com.br\/site\/#organization"},"potentialAction":[{"@type":"SearchAction","target":{"@type":"EntryPoint","urlTemplate":"https:\/\/queijosnobrasil.com.br\/site\/?s={search_term_string}"},"query-input":{"@type":"PropertyValueSpecification","valueRequired":true,"valueName":"search_term_string"}}],"inLanguage":"pt-BR"},{"@type":"Organization","@id":"https:\/\/queijosnobrasil.com.br\/site\/#organization","name":"Queijos no Brasil","url":"https:\/\/queijosnobrasil.com.br\/site\/","logo":{"@type":"ImageObject","inLanguage":"pt-BR","@id":"https:\/\/queijosnobrasil.com.br\/site\/#\/schema\/logo\/image\/","url":"https:\/\/queijosnobrasil.com.br\/site\/wp-content\/uploads\/2025\/04\/logo-1.webp","contentUrl":"https:\/\/queijosnobrasil.com.br\/site\/wp-content\/uploads\/2025\/04\/logo-1.webp","width":288,"height":288,"caption":"Queijos no Brasil"},"image":{"@id":"https:\/\/queijosnobrasil.com.br\/site\/#\/schema\/logo\/image\/"},"sameAs":["https:\/\/www.youtube.com\/@queijosnobrasil1698"]},{"@type":"Person","@id":"https:\/\/queijosnobrasil.com.br\/site\/#\/schema\/person\/ffd948f2dd090403c987eb626885f72c","name":"Queijos no Brasil","image":{"@type":"ImageObject","inLanguage":"pt-BR","@id":"https:\/\/secure.gravatar.com\/avatar\/670b886dc6ab5c07aeb3effa3b8646ea730b765de2cd4c96f5dd2d6a6b9867d0?s=96&d=mm&r=g","url":"https:\/\/secure.gravatar.com\/avatar\/670b886dc6ab5c07aeb3effa3b8646ea730b765de2cd4c96f5dd2d6a6b9867d0?s=96&d=mm&r=g","contentUrl":"https:\/\/secure.gravatar.com\/avatar\/670b886dc6ab5c07aeb3effa3b8646ea730b765de2cd4c96f5dd2d6a6b9867d0?s=96&d=mm&r=g","caption":"Queijos no Brasil"},"url":"https:\/\/queijosnobrasil.com.br\/site\/author\/admin\/"}]}},"_links":{"self":[{"href":"https:\/\/queijosnobrasil.com.br\/site\/wp-json\/wp\/v2\/posts\/6709","targetHints":{"allow":["GET"]}}],"collection":[{"href":"https:\/\/queijosnobrasil.com.br\/site\/wp-json\/wp\/v2\/posts"}],"about":[{"href":"https:\/\/queijosnobrasil.com.br\/site\/wp-json\/wp\/v2\/types\/post"}],"author":[{"embeddable":true,"href":"https:\/\/queijosnobrasil.com.br\/site\/wp-json\/wp\/v2\/users\/1"}],"replies":[{"embeddable":true,"href":"https:\/\/queijosnobrasil.com.br\/site\/wp-json\/wp\/v2\/comments?post=6709"}],"version-history":[{"count":8,"href":"https:\/\/queijosnobrasil.com.br\/site\/wp-json\/wp\/v2\/posts\/6709\/revisions"}],"predecessor-version":[{"id":8801,"href":"https:\/\/queijosnobrasil.com.br\/site\/wp-json\/wp\/v2\/posts\/6709\/revisions\/8801"}],"wp:attachment":[{"href":"https:\/\/queijosnobrasil.com.br\/site\/wp-json\/wp\/v2\/media?parent=6709"}],"wp:term":[{"taxonomy":"category","embeddable":true,"href":"https:\/\/queijosnobrasil.com.br\/site\/wp-json\/wp\/v2\/categories?post=6709"},{"taxonomy":"post_tag","embeddable":true,"href":"https:\/\/queijosnobrasil.com.br\/site\/wp-json\/wp\/v2\/tags?post=6709"}],"curies":[{"name":"wp","href":"https:\/\/api.w.org\/{rel}","templated":true}]}}