{"id":6614,"date":"2022-12-20T16:08:40","date_gmt":"2022-12-20T19:08:40","guid":{"rendered":"https:\/\/queijosnobrasil.com.br\/site\/?p=6614"},"modified":"2025-07-01T15:28:13","modified_gmt":"2025-07-01T18:28:13","slug":"antibioticos-em-leite-alergias","status":"publish","type":"post","link":"https:\/\/queijosnobrasil.com.br\/site\/antibioticos-em-leite-alergias\/","title":{"rendered":"Antibi\u00f3ticos em Leite &#8211; Alergias"},"content":{"rendered":"<p><span style=\"font-family: verdana, geneva, sans-serif;\"><\/span><\/p>\r\n<figure class=\"wp-block-image size-full\">\r\n<div id=\"attachment_7569\" style=\"width: 201px\" class=\"wp-caption aligncenter\"><img decoding=\"async\" aria-describedby=\"caption-attachment-7569\" class=\" wp-image-7569\" src=\"https:\/\/queijosnobrasil.com.br\/site\/wp-content\/uploads\/2022\/12\/antibiotico-1.jpg\" alt=\"\" width=\"191\" height=\"191\" srcset=\"https:\/\/queijosnobrasil.com.br\/site\/wp-content\/uploads\/2022\/12\/antibiotico-1.jpg 170w, https:\/\/queijosnobrasil.com.br\/site\/wp-content\/uploads\/2022\/12\/antibiotico-1-150x150.jpg 150w\" sizes=\"(max-width: 191px) 100vw, 191px\" \/><p id=\"caption-attachment-7569\" class=\"wp-caption-text\"><span style=\"font-size: 16px; font-family: verdana, geneva, sans-serif;\">Antibi\u00f3ticos em Leite<\/span><\/p><\/div>\r\n<\/figure>\r\n<p><span style=\"font-family: verdana, geneva, sans-serif;\">\r\n\r\n\r\n\r\n<\/span><\/p>\r\n<p><span style=\"font-family: verdana, geneva, sans-serif;\">O leite com toda sua complexidade de elementos, possui uma fun\u00e7\u00e3o especifica na natureza, que \u00e9 nutrir. Naturalmente o leite mais consumido no planeta \u00e9 o leite proveniente de vacas leiteiras, sintetizado nas gl\u00e2ndulas mam\u00e1rias, em igual complexidade, via elementos que passam do sangue para as c\u00e9lulas especializadas nas gl\u00e2ndulas.<\/span><\/p>\r\n<p><span style=\"font-family: verdana, geneva, sans-serif;\">\r\n\r\n<\/span><\/p>\r\n<p><span style=\"font-family: verdana, geneva, sans-serif;\">Podemos dizer, que de certa forma, o leite \u00e9 a s\u00edntese da alimenta\u00e7\u00e3o do animal em mais de cem mil mol\u00e9culas diferentes, formando as in\u00fameras fases que interagem entre si em uma harmonia perfeita, incluindo elementos antag\u00f4nicos como a \u00e1gua e gordura.<\/span><\/p>\r\n<p><span style=\"font-family: verdana, geneva, sans-serif;\">\r\n\r\n<\/span><\/p>\r\n<p><span style=\"font-family: verdana, geneva, sans-serif;\">Como nem tudo \u00e9 perfeito, a administra\u00e7\u00e3o de medicamentos e drogas veterin\u00e1rias utilizadas em tratamentos de enfermidades do gado leiteiro, podem tamb\u00e9m, deixar res\u00edduos neste alimento presente principalmente em nossa primeira inf\u00e2ncia.<\/span><\/p>\r\n<p><span style=\"font-family: verdana, geneva, sans-serif;\">\r\n\r\n<\/span><\/p>\r\n<p><span style=\"font-family: verdana, geneva, sans-serif;\">O grupo de subst\u00e2ncias de maior import\u00e2ncia, provenientes de tratamentos veterin\u00e1rios, especialmente em pa\u00edses cuja a administra\u00e7\u00e3o n\u00e3o \u00e9 controlada (ou utilizada indiscriminadamente) e os n\u00edveis n\u00e3o s\u00e3o limitados \u00e9 com certeza os antibi\u00f3ticos.<\/span><\/p>\r\n<p><span style=\"font-family: verdana, geneva, sans-serif;\">\r\n\r\n<\/span><\/p>\r\n<p><span style=\"font-family: verdana, geneva, sans-serif;\">A maioria dos res\u00edduos antibi\u00f3ticos s\u00e3o inativados, apenas parcialmente no processo de pasteuriza\u00e7\u00e3o e esteriliza\u00e7\u00e3o, transformando em dos principais problemas tecnol\u00f3gicos para a ind\u00fastria de latic\u00ednios e principalmente para a sa\u00fade do ser humano.<\/span><\/p>\r\n<p><span style=\"font-family: verdana, geneva, sans-serif;\">\r\n\r\n<\/span><\/p>\r\n<p><span style=\"font-family: verdana, geneva, sans-serif;\">A propor\u00e7\u00e3o da presen\u00e7a de res\u00edduo antibi\u00f3tico pode ser alarmante, uma vez que n\u00e3o existe um estudo sobre a abrang\u00eancia de caso, controle rigoroso de medicamento e principalmente uma consci\u00eancia cultural por parte de certa parcela de produtores de leite sobre o tema. Muitas vezes \u00e9 pr\u00e1tica rotineira, o envio de leite de animais em tratamento para a ind\u00fastria de latic\u00ednios ou tanques comunit\u00e1rios sem a devida consci\u00eancia do ato praticado, levando a determinadas conseq\u00fc\u00eancias tecnol\u00f3gicas de grande efeito negativo.\u00a0<\/span><\/p>\r\n<p><span style=\"font-family: verdana, geneva, sans-serif;\">\r\n\r\n<\/span><\/p>\r\n<p><span style=\"font-family: verdana, geneva, sans-serif; color: #00ccff;\">Conseq\u00fc\u00eancias tecnol\u00f3gicas<\/span><\/p>\r\n<p><span style=\"font-family: verdana, geneva, sans-serif;\">\r\n\r\n<\/span><\/p>\r\n<p><span style=\"font-family: verdana, geneva, sans-serif;\">Sendo o antibi\u00f3tico um agente antimicrobiano de grande efic\u00e1cia sua a\u00e7\u00e3o n\u00e3o se restringe apenas ao tratamento da enfermidade, levando a inibi\u00e7\u00e3o de bact\u00e9rias l\u00e1cteas, utilizadas nas mais diversas tecnologias de uma ind\u00fastria de latic\u00ednios.<\/span><\/p>\r\n<p><span style=\"font-family: verdana, geneva, sans-serif;\">\r\n\r\n<\/span><\/p>\r\n<p><span style=\"font-family: verdana, geneva, sans-serif;\">O efeito direto \u00e9 a inibi\u00e7\u00e3o da flora l\u00e1ctea empregada na produ\u00e7\u00e3o de produtos fermentados como iogurtes, leites fermentados e queijos traduzidos em:<\/span><\/p>\r\n<p><span style=\"font-family: verdana, geneva, sans-serif;\">\r\n\r\n<\/span><\/p>\r\n<p><span style=\"font-family: verdana, geneva, sans-serif;\">N\u00e3o fermenta\u00e7\u00e3o do leite no per\u00edodo determinado com conseq\u00fcente e imediata perda econ\u00f4mica. Neste caso o produto final dever\u00e1 ser descartado, o que muitas vezes gera um outro problema, o ambiental.<\/span><\/p>\r\n<p><span style=\"font-family: verdana, geneva, sans-serif;\">\r\n\r\n<\/span><\/p>\r\n<p><span style=\"font-family: verdana, geneva, sans-serif;\">N\u00e3o fermenta\u00e7\u00e3o do leite e massa de queijos, extremamente importante na fabrica\u00e7\u00e3o da maioria dos queijos, com perdas econ\u00f4micas de grandes propor\u00e7\u00f5es, uma vez que o queijo obtido n\u00e3o reflete a qualidade necess\u00e1ria.<\/span><\/p>\r\n<p><span style=\"font-family: verdana, geneva, sans-serif;\">\r\n\r\n<\/span><\/p>\r\n<p><span style=\"font-family: verdana, geneva, sans-serif;\">Os efeitos podem ser mais devastadores potencializando o estufamento precoce nos queijos (queijo inchado) j\u00e1 nas primeiras horas de produ\u00e7\u00e3o, que tamb\u00e9m dever\u00e1 ser motivo para descarte.<\/span><\/p>\r\n<p><span style=\"font-family: verdana, geneva, sans-serif;\">\r\n\r\n<\/span><\/p>\r\n<p><span style=\"font-family: verdana, geneva, sans-serif;\">Forma\u00e7\u00e3o do queijo \u201ccego\u201d, ou seja, queijo sem sabor, sem aroma e sem olhaduras.\u00a0\u00a0<\/span><\/p>\r\n<p><span style=\"font-family: verdana, geneva, sans-serif;\">\r\n\r\n<\/span><\/p>\r\n<p><span style=\"font-family: verdana, geneva, sans-serif;\">Enfim os efeitos podem ser imediatos e economicamente negativos para qualquer atividade da cadeia produtiva do leite.<\/span><\/p>\r\n<p><span style=\"font-family: verdana, geneva, sans-serif;\">\r\n\r\n<\/span><\/p>\r\n<p><span style=\"font-family: verdana, geneva, sans-serif; color: #00ccff;\">O efeito sobre a sa\u00fade<\/span><\/p>\r\n<p><span style=\"font-family: verdana, geneva, sans-serif;\">\r\n\r\n<\/span><\/p>\r\n<p><span style=\"font-family: verdana, geneva, sans-serif;\">O impacto sobre a sa\u00fade humana \u00e9 possivelmente o mais devastador dos problemas relacionados com a presen\u00e7a de res\u00edduos antibi\u00f3ticos em leite, uma vez que o consumidor est\u00e1 completamente indefeso frente ao que consumir, ou melhor, qual marca a consumir. Naturalmente a ind\u00fastria independente ao sistema de vigil\u00e2ncia a qual esta credenciada, deve promover a garantia de sua mat\u00e9ria prima, focando prioritariamente o consumidor e sua sa\u00fade, embora isto nem sempre acontece.<\/span><\/p>\r\n<p><span style=\"font-family: verdana, geneva, sans-serif;\">\r\n\r\n<\/span><\/p>\r\n<p><span style=\"font-family: verdana, geneva, sans-serif;\">O efeito sobre o organismo humano \u00e9 traduzido em rea\u00e7\u00f5es al\u00e9rgicas ou t\u00f3xicas as quais, n\u00e3o s\u00e3o associadas imediatamente a ingest\u00e3o do leite ou produto l\u00e1cteo, manifestadas pelo surgimento de urtic\u00e1rias, dermatites, problemas respirat\u00f3rios como rinite e bronquite asm\u00e1tica, potencializadas principalmente pela penicilina.<\/span><\/p>\r\n<p><span style=\"font-family: verdana, geneva, sans-serif;\">\r\n\r\n<\/span><\/p>\r\n<p><span style=\"font-family: verdana, geneva, sans-serif;\">As rea\u00e7\u00f5es t\u00f3xicas podem ser traduzidas, pela rela\u00e7\u00e3o de certos agentes antimicrobianos e efeitos carcinog\u00eanicos, assim como altera\u00e7\u00f5es hematol\u00f3gicas em indiv\u00edduos sens\u00edveis principalmente ao cloranfenicol. Outros estudos tamb\u00e9m apontam a rela\u00e7\u00e3o da ingest\u00e3o passiva e a resist\u00eancia bacteriana aos tratamentos empregados em enfermidades, al\u00e9m de certo impacto sobre a flora digestiva humana ocasionando problemas relacionados ao trato gastrointestinal.<\/span><\/p>\r\n<p><span style=\"font-family: verdana, geneva, sans-serif;\">\r\n\r\n<\/span><\/p>\r\n<p><span style=\"font-family: verdana, geneva, sans-serif; color: #00ccff;\">O que fazer?<\/span><\/p>\r\n<p><span style=\"font-family: verdana, geneva, sans-serif;\">\r\n\r\n<\/span><\/p>\r\n<p><span style=\"font-family: verdana, geneva, sans-serif;\">Possivelmente in\u00fameras a\u00e7\u00f5es devem ser adotadas, salvaguardando principalmente a sa\u00fade do consumidor. Ou seja, se o foco for este, possivelmente a ind\u00fastria n\u00e3o ter\u00e1 preocupa\u00e7\u00f5es relacionadas aos aspectos tecnol\u00f3gicos, portando, \u201cmata-se dois coelhos com apenas uma cajadada\u201d.<\/span><\/p>\r\n<p><span style=\"font-family: verdana, geneva, sans-serif;\">\r\n\r\n<\/span><\/p>\r\n<p><span style=\"font-family: verdana, geneva, sans-serif;\">O ponto de partida, \u00e9 justamente a produ\u00e7\u00e3o prim\u00e1ria e o foco deve ser o produtor de leite, principalmente a educa\u00e7\u00e3o, preven\u00e7\u00e3o e conscientiza\u00e7\u00e3o, sobre todos os aspectos relacionados ao uso de medicamentos sobre o gado leiteiro e os cuidados ap\u00f3s a aplica\u00e7\u00e3o.<\/span><\/p>\r\n<p><span style=\"font-family: verdana, geneva, sans-serif;\">\r\n\r\n<\/span><\/p>\r\n<p><span style=\"font-family: verdana, geneva, sans-serif;\">A compreens\u00e3o dos efeitos tecnol\u00f3gicos e sobre a sa\u00fade humana, combinados a um plano de conting\u00eancia \u00e9 possivelmente o melhor caminho a ser seguido.<\/span><\/p>\r\n<p><span style=\"font-family: verdana, geneva, sans-serif;\">\r\n\r\n<\/span><\/p>\r\n<p><span style=\"font-family: verdana, geneva, sans-serif; color: #00ccff;\">Em termos pr\u00e1ticos<\/span><\/p>\r\n<p><span style=\"font-family: verdana, geneva, sans-serif;\">\r\n\r\n<\/span><\/p>\r\n<p><span style=\"font-family: verdana, geneva, sans-serif;\">A n\u00e3o utiliza\u00e7\u00e3o de antibi\u00f3ticos em praticamente todo sistema de produ\u00e7\u00e3o leiteira \u00e9 imposs\u00edvel de ser adotada dada a complexidade e in\u00fameros fatores relacionados a especificidade da atividade. Infelizmente \u00e9 o que acontece na agricultura comercial, como banir os defensivos agr\u00edcolas e produzir muito alimento?<\/span><\/p>\r\n<p><span style=\"font-family: verdana, geneva, sans-serif;\">\r\n\r\n<\/span><\/p>\r\n<p><span style=\"font-family: verdana, geneva, sans-serif;\">Contudo \u00e9 poss\u00edvel banir o antibi\u00f3tico da ind\u00fastria de latic\u00ednios e conseq\u00fcentemente da mesa do consumidor atrav\u00e9s de medidas preventivas, conhecimento, empenho e boa vontade.<\/span><\/p>\r\n<p><span style=\"font-family: verdana, geneva, sans-serif;\">\r\n\r\n<\/span><\/p>\r\n<p><span style=\"font-family: verdana, geneva, sans-serif;\">Os antibi\u00f3ticos possuem efeitos diferentes no animal, dependendo do tipo, dose e m\u00e9todo de administra\u00e7\u00e3o e principalmente prazo para \u00a0elimina\u00e7\u00e3o, ou seja, per\u00edodo de car\u00eancia.<\/span><\/p>\r\n<p><span style=\"font-family: verdana, geneva, sans-serif;\">\r\n\r\n<\/span><\/p>\r\n<p><span style=\"font-family: verdana, geneva, sans-serif;\">O per\u00edodo de car\u00eancia \u00e9 portando, o prazo de elimina\u00e7\u00e3o do res\u00edduo de antibi\u00f3tico no leite, ap\u00f3s a \u00faltima dose e pode variar conforme o tipo aplicado, a dosagem e a via de administra\u00e7\u00e3o (intramam\u00e1ria, intramuscular e intravenosa), em s\u00edntese o per\u00edodo de car\u00eancia \u00e9 o tempo necess\u00e1rio, para elimina\u00e7\u00e3o do res\u00edduo antibi\u00f3tico presente no leite, per\u00edodo o qual o leite n\u00e3o deve ser utilizado para consumo ou aplica\u00e7\u00e3o tecnol\u00f3gica.<\/span><\/p>\r\n<p><span style=\"font-family: verdana, geneva, sans-serif;\">\r\n\r\n<\/span><\/p>\r\n<p><span style=\"font-family: verdana, geneva, sans-serif;\">Cabe a ind\u00fastria de latic\u00ednios a execu\u00e7\u00e3o de um trabalho de preven\u00e7\u00e3o e monitoramento da qualidade do leite frente a presen\u00e7a de res\u00edduos antimicrobianos no leite, principalmente res\u00edduos antibi\u00f3ticos, o que constitui um ponto critico de controle, permitindo desta forma a presen\u00e7a de um alimento completo em toda sua mais completa concep\u00e7\u00e3o.<\/span><\/p>\r\n<p><span style=\"font-family: verdana, geneva, sans-serif;\">\r\n\r\n<\/span><\/p>\r\n<p><span style=\"font-family: verdana, geneva, sans-serif;\">Prof\u00ba Fernando Rodrigues<\/span><br \/><span style=\"font-family: verdana, geneva, sans-serif;\">Este artigo pode ser copiado em partes ou na \u00edntegra desde que citada a fonte.<\/span><\/p>\r\n<p>&nbsp;<\/p>\r\n<p><img decoding=\"async\" class=\"size-medium wp-image-7443 aligncenter\" src=\"https:\/\/queijosnobrasil.com.br\/site\/wp-content\/uploads\/2023\/05\/tira_loja-300x38.png\" sizes=\"(max-width: 300px) 100vw, 300px\" srcset=\"https:\/\/queijosnobrasil.com.br\/site\/wp-content\/uploads\/2023\/05\/tira_loja-300x38.png 300w, https:\/\/queijosnobrasil.com.br\/site\/wp-content\/uploads\/2023\/05\/tira_loja.png 583w\" alt=\"\" width=\"300\" height=\"38\" \/><\/p>\r\n<p><span style=\"font-family: verdana, geneva, sans-serif;\"><\/span><\/p>","protected":false},"excerpt":{"rendered":"<p>O leite com toda sua complexidade de elementos, possui uma fun\u00e7\u00e3o especifica na natureza, que \u00e9 nutrir. Naturalmente o leite mais consumido no planeta \u00e9 o leite proveniente de vacas leiteiras, sintetizado nas gl\u00e2ndulas mam\u00e1rias, em igual complexidade, via elementos que passam do sangue para as c\u00e9lulas especializadas nas gl\u00e2ndulas. Podemos dizer, que de certa [&hellip;]<\/p>\n","protected":false},"author":1,"featured_media":0,"comment_status":"open","ping_status":"open","sticky":false,"template":"","format":"standard","meta":{"footnotes":""},"categories":[213],"tags":[744,739,754,752,747,753,749,748,505,741,743,746,750,740,745,742,643,733,751,755],"class_list":["post-6614","post","type-post","status-publish","format-standard","hentry","category-tudo-sobre-leite","tag-alergia-a-antibioticos","tag-antibioticos-no-leite","tag-boas-praticas-na-producao-leiteira","tag-consumo-de-leite-seguro","tag-controle-de-qualidade-do-leite","tag-educacao-do-produtor-de-leite","tag-impactos-na-producao-de-iogurte","tag-impactos-na-producao-de-queijo","tag-industria-de-laticinios","tag-leite-contaminado","tag-leite-e-saude","tag-periodo-de-carencia","tag-problemas-tecnologicos-no-leite","tag-residuos-de-antibioticos","tag-resistencia-bacteriana","tag-saude-publica","tag-seguranca-alimentar","tag-tecnologia-de-alimentos","tag-uso-veterinario-de-antibioticos","tag-vigilancia-sanitaria"],"yoast_head":"<!-- This site is optimized with the Yoast SEO plugin v27.2 - https:\/\/yoast.com\/product\/yoast-seo-wordpress\/ -->\n<title>Antibi\u00f3ticos em Leite - Alergias - Queijos no Brasil<\/title>\n<meta name=\"description\" content=\"Antibi\u00f3ticos em Leite\" \/>\n<meta name=\"robots\" content=\"index, follow, max-snippet:-1, max-image-preview:large, max-video-preview:-1\" \/>\n<link rel=\"canonical\" href=\"https:\/\/queijosnobrasil.com.br\/site\/antibioticos-em-leite-alergias\/\" \/>\n<meta property=\"og:locale\" content=\"pt_BR\" \/>\n<meta property=\"og:type\" content=\"article\" \/>\n<meta property=\"og:title\" content=\"Antibi\u00f3ticos em Leite - Alergias - Queijos no Brasil\" \/>\n<meta property=\"og:description\" content=\"Antibi\u00f3ticos em Leite\" \/>\n<meta property=\"og:url\" content=\"https:\/\/queijosnobrasil.com.br\/site\/antibioticos-em-leite-alergias\/\" \/>\n<meta property=\"og:site_name\" content=\"Queijos no Brasil\" \/>\n<meta property=\"article:published_time\" content=\"2022-12-20T19:08:40+00:00\" \/>\n<meta property=\"article:modified_time\" content=\"2025-07-01T18:28:13+00:00\" \/>\n<meta property=\"og:image\" content=\"https:\/\/queijosnobrasil.com.br\/site\/wp-content\/uploads\/2022\/12\/antibiotico-1.jpg\" \/>\n\t<meta property=\"og:image:width\" content=\"170\" \/>\n\t<meta property=\"og:image:height\" content=\"170\" \/>\n\t<meta property=\"og:image:type\" content=\"image\/jpeg\" \/>\n<meta name=\"author\" content=\"Queijos no Brasil\" \/>\n<meta name=\"twitter:card\" content=\"summary_large_image\" \/>\n<meta name=\"twitter:label1\" content=\"Escrito por\" \/>\n\t<meta name=\"twitter:data1\" content=\"Queijos no Brasil\" \/>\n\t<meta name=\"twitter:label2\" content=\"Est. tempo de leitura\" \/>\n\t<meta name=\"twitter:data2\" content=\"6 minutos\" \/>\n<script type=\"application\/ld+json\" class=\"yoast-schema-graph\">{\"@context\":\"https:\/\/schema.org\",\"@graph\":[{\"@type\":\"Article\",\"@id\":\"https:\/\/queijosnobrasil.com.br\/site\/antibioticos-em-leite-alergias\/#article\",\"isPartOf\":{\"@id\":\"https:\/\/queijosnobrasil.com.br\/site\/antibioticos-em-leite-alergias\/\"},\"author\":{\"name\":\"Queijos no Brasil\",\"@id\":\"https:\/\/queijosnobrasil.com.br\/site\/#\/schema\/person\/ffd948f2dd090403c987eb626885f72c\"},\"headline\":\"Antibi\u00f3ticos em Leite &#8211; Alergias\",\"datePublished\":\"2022-12-20T19:08:40+00:00\",\"dateModified\":\"2025-07-01T18:28:13+00:00\",\"mainEntityOfPage\":{\"@id\":\"https:\/\/queijosnobrasil.com.br\/site\/antibioticos-em-leite-alergias\/\"},\"wordCount\":1154,\"commentCount\":0,\"publisher\":{\"@id\":\"https:\/\/queijosnobrasil.com.br\/site\/#organization\"},\"image\":{\"@id\":\"https:\/\/queijosnobrasil.com.br\/site\/antibioticos-em-leite-alergias\/#primaryimage\"},\"thumbnailUrl\":\"https:\/\/queijosnobrasil.com.br\/site\/wp-content\/uploads\/2022\/12\/antibiotico-1.jpg\",\"keywords\":[\"alergia a antibi\u00f3ticos\",\"antibi\u00f3ticos no leite\",\"boas pr\u00e1ticas na produ\u00e7\u00e3o leiteira\",\"consumo de leite seguro\",\"controle de qualidade do leite\",\"educa\u00e7\u00e3o do produtor de leite\",\"impactos na produ\u00e7\u00e3o de iogurte\",\"impactos na produ\u00e7\u00e3o de queijo\",\"ind\u00fastria de latic\u00ednios\",\"leite contaminado\",\"leite e sa\u00fade\",\"per\u00edodo de car\u00eancia\",\"problemas tecnol\u00f3gicos no leite\",\"res\u00edduos de antibi\u00f3ticos\",\"resist\u00eancia bacteriana\",\"sa\u00fade p\u00fablica\",\"seguran\u00e7a alimentar\",\"tecnologia de alimentos\",\"uso veterin\u00e1rio de antibi\u00f3ticos\",\"vigil\u00e2ncia sanit\u00e1ria\"],\"articleSection\":[\"Tudo sobre Leite\"],\"inLanguage\":\"pt-BR\",\"potentialAction\":[{\"@type\":\"CommentAction\",\"name\":\"Comment\",\"target\":[\"https:\/\/queijosnobrasil.com.br\/site\/antibioticos-em-leite-alergias\/#respond\"]}]},{\"@type\":\"WebPage\",\"@id\":\"https:\/\/queijosnobrasil.com.br\/site\/antibioticos-em-leite-alergias\/\",\"url\":\"https:\/\/queijosnobrasil.com.br\/site\/antibioticos-em-leite-alergias\/\",\"name\":\"Antibi\u00f3ticos em Leite - Alergias - Queijos no Brasil\",\"isPartOf\":{\"@id\":\"https:\/\/queijosnobrasil.com.br\/site\/#website\"},\"primaryImageOfPage\":{\"@id\":\"https:\/\/queijosnobrasil.com.br\/site\/antibioticos-em-leite-alergias\/#primaryimage\"},\"image\":{\"@id\":\"https:\/\/queijosnobrasil.com.br\/site\/antibioticos-em-leite-alergias\/#primaryimage\"},\"thumbnailUrl\":\"https:\/\/queijosnobrasil.com.br\/site\/wp-content\/uploads\/2022\/12\/antibiotico-1.jpg\",\"datePublished\":\"2022-12-20T19:08:40+00:00\",\"dateModified\":\"2025-07-01T18:28:13+00:00\",\"description\":\"Antibi\u00f3ticos em Leite\",\"breadcrumb\":{\"@id\":\"https:\/\/queijosnobrasil.com.br\/site\/antibioticos-em-leite-alergias\/#breadcrumb\"},\"inLanguage\":\"pt-BR\",\"potentialAction\":[{\"@type\":\"ReadAction\",\"target\":[\"https:\/\/queijosnobrasil.com.br\/site\/antibioticos-em-leite-alergias\/\"]}]},{\"@type\":\"ImageObject\",\"inLanguage\":\"pt-BR\",\"@id\":\"https:\/\/queijosnobrasil.com.br\/site\/antibioticos-em-leite-alergias\/#primaryimage\",\"url\":\"https:\/\/queijosnobrasil.com.br\/site\/wp-content\/uploads\/2022\/12\/antibiotico-1.jpg\",\"contentUrl\":\"https:\/\/queijosnobrasil.com.br\/site\/wp-content\/uploads\/2022\/12\/antibiotico-1.jpg\",\"width\":170,\"height\":170,\"caption\":\"Penicillin molecule\"},{\"@type\":\"BreadcrumbList\",\"@id\":\"https:\/\/queijosnobrasil.com.br\/site\/antibioticos-em-leite-alergias\/#breadcrumb\",\"itemListElement\":[{\"@type\":\"ListItem\",\"position\":1,\"name\":\"In\u00edcio\",\"item\":\"https:\/\/queijosnobrasil.com.br\/site\/\"},{\"@type\":\"ListItem\",\"position\":2,\"name\":\"Antibi\u00f3ticos em Leite &#8211; Alergias\"}]},{\"@type\":\"WebSite\",\"@id\":\"https:\/\/queijosnobrasil.com.br\/site\/#website\",\"url\":\"https:\/\/queijosnobrasil.com.br\/site\/\",\"name\":\"Queijos no Brasil\",\"description\":\"Empresa voltada a difus\u00e3o de t\u00e9cnicas de fabrica\u00e7\u00e3o e com\u00e9rcio de ingredientes para produtos l\u00e1cteos : queijo (mussarela, Minas Frescal, coalho, ricota...), iogurte, coalhada, requeij\u00e3o, doce de leite e derivados l\u00e1ticos em geral.\",\"publisher\":{\"@id\":\"https:\/\/queijosnobrasil.com.br\/site\/#organization\"},\"potentialAction\":[{\"@type\":\"SearchAction\",\"target\":{\"@type\":\"EntryPoint\",\"urlTemplate\":\"https:\/\/queijosnobrasil.com.br\/site\/?s={search_term_string}\"},\"query-input\":{\"@type\":\"PropertyValueSpecification\",\"valueRequired\":true,\"valueName\":\"search_term_string\"}}],\"inLanguage\":\"pt-BR\"},{\"@type\":\"Organization\",\"@id\":\"https:\/\/queijosnobrasil.com.br\/site\/#organization\",\"name\":\"Queijos no Brasil\",\"url\":\"https:\/\/queijosnobrasil.com.br\/site\/\",\"logo\":{\"@type\":\"ImageObject\",\"inLanguage\":\"pt-BR\",\"@id\":\"https:\/\/queijosnobrasil.com.br\/site\/#\/schema\/logo\/image\/\",\"url\":\"https:\/\/queijosnobrasil.com.br\/site\/wp-content\/uploads\/2025\/04\/logo-1.webp\",\"contentUrl\":\"https:\/\/queijosnobrasil.com.br\/site\/wp-content\/uploads\/2025\/04\/logo-1.webp\",\"width\":288,\"height\":288,\"caption\":\"Queijos no Brasil\"},\"image\":{\"@id\":\"https:\/\/queijosnobrasil.com.br\/site\/#\/schema\/logo\/image\/\"},\"sameAs\":[\"https:\/\/www.youtube.com\/@queijosnobrasil1698\"]},{\"@type\":\"Person\",\"@id\":\"https:\/\/queijosnobrasil.com.br\/site\/#\/schema\/person\/ffd948f2dd090403c987eb626885f72c\",\"name\":\"Queijos no Brasil\",\"image\":{\"@type\":\"ImageObject\",\"inLanguage\":\"pt-BR\",\"@id\":\"https:\/\/secure.gravatar.com\/avatar\/670b886dc6ab5c07aeb3effa3b8646ea730b765de2cd4c96f5dd2d6a6b9867d0?s=96&d=mm&r=g\",\"url\":\"https:\/\/secure.gravatar.com\/avatar\/670b886dc6ab5c07aeb3effa3b8646ea730b765de2cd4c96f5dd2d6a6b9867d0?s=96&d=mm&r=g\",\"contentUrl\":\"https:\/\/secure.gravatar.com\/avatar\/670b886dc6ab5c07aeb3effa3b8646ea730b765de2cd4c96f5dd2d6a6b9867d0?s=96&d=mm&r=g\",\"caption\":\"Queijos no Brasil\"},\"url\":\"https:\/\/queijosnobrasil.com.br\/site\/author\/admin\/\"}]}<\/script>\n<!-- \/ Yoast SEO plugin. -->","yoast_head_json":{"title":"Antibi\u00f3ticos em Leite - Alergias - Queijos no Brasil","description":"Antibi\u00f3ticos em Leite","robots":{"index":"index","follow":"follow","max-snippet":"max-snippet:-1","max-image-preview":"max-image-preview:large","max-video-preview":"max-video-preview:-1"},"canonical":"https:\/\/queijosnobrasil.com.br\/site\/antibioticos-em-leite-alergias\/","og_locale":"pt_BR","og_type":"article","og_title":"Antibi\u00f3ticos em Leite - Alergias - Queijos no Brasil","og_description":"Antibi\u00f3ticos em Leite","og_url":"https:\/\/queijosnobrasil.com.br\/site\/antibioticos-em-leite-alergias\/","og_site_name":"Queijos no Brasil","article_published_time":"2022-12-20T19:08:40+00:00","article_modified_time":"2025-07-01T18:28:13+00:00","og_image":[{"width":170,"height":170,"url":"https:\/\/queijosnobrasil.com.br\/site\/wp-content\/uploads\/2022\/12\/antibiotico-1.jpg","type":"image\/jpeg"}],"author":"Queijos no Brasil","twitter_card":"summary_large_image","twitter_misc":{"Escrito por":"Queijos no Brasil","Est. tempo de leitura":"6 minutos"},"schema":{"@context":"https:\/\/schema.org","@graph":[{"@type":"Article","@id":"https:\/\/queijosnobrasil.com.br\/site\/antibioticos-em-leite-alergias\/#article","isPartOf":{"@id":"https:\/\/queijosnobrasil.com.br\/site\/antibioticos-em-leite-alergias\/"},"author":{"name":"Queijos no Brasil","@id":"https:\/\/queijosnobrasil.com.br\/site\/#\/schema\/person\/ffd948f2dd090403c987eb626885f72c"},"headline":"Antibi\u00f3ticos em Leite &#8211; Alergias","datePublished":"2022-12-20T19:08:40+00:00","dateModified":"2025-07-01T18:28:13+00:00","mainEntityOfPage":{"@id":"https:\/\/queijosnobrasil.com.br\/site\/antibioticos-em-leite-alergias\/"},"wordCount":1154,"commentCount":0,"publisher":{"@id":"https:\/\/queijosnobrasil.com.br\/site\/#organization"},"image":{"@id":"https:\/\/queijosnobrasil.com.br\/site\/antibioticos-em-leite-alergias\/#primaryimage"},"thumbnailUrl":"https:\/\/queijosnobrasil.com.br\/site\/wp-content\/uploads\/2022\/12\/antibiotico-1.jpg","keywords":["alergia a antibi\u00f3ticos","antibi\u00f3ticos no leite","boas pr\u00e1ticas na produ\u00e7\u00e3o leiteira","consumo de leite seguro","controle de qualidade do leite","educa\u00e7\u00e3o do produtor de leite","impactos na produ\u00e7\u00e3o de iogurte","impactos na produ\u00e7\u00e3o de queijo","ind\u00fastria de latic\u00ednios","leite contaminado","leite e sa\u00fade","per\u00edodo de car\u00eancia","problemas tecnol\u00f3gicos no leite","res\u00edduos de antibi\u00f3ticos","resist\u00eancia bacteriana","sa\u00fade p\u00fablica","seguran\u00e7a alimentar","tecnologia de alimentos","uso veterin\u00e1rio de antibi\u00f3ticos","vigil\u00e2ncia sanit\u00e1ria"],"articleSection":["Tudo sobre Leite"],"inLanguage":"pt-BR","potentialAction":[{"@type":"CommentAction","name":"Comment","target":["https:\/\/queijosnobrasil.com.br\/site\/antibioticos-em-leite-alergias\/#respond"]}]},{"@type":"WebPage","@id":"https:\/\/queijosnobrasil.com.br\/site\/antibioticos-em-leite-alergias\/","url":"https:\/\/queijosnobrasil.com.br\/site\/antibioticos-em-leite-alergias\/","name":"Antibi\u00f3ticos em Leite - Alergias - Queijos no Brasil","isPartOf":{"@id":"https:\/\/queijosnobrasil.com.br\/site\/#website"},"primaryImageOfPage":{"@id":"https:\/\/queijosnobrasil.com.br\/site\/antibioticos-em-leite-alergias\/#primaryimage"},"image":{"@id":"https:\/\/queijosnobrasil.com.br\/site\/antibioticos-em-leite-alergias\/#primaryimage"},"thumbnailUrl":"https:\/\/queijosnobrasil.com.br\/site\/wp-content\/uploads\/2022\/12\/antibiotico-1.jpg","datePublished":"2022-12-20T19:08:40+00:00","dateModified":"2025-07-01T18:28:13+00:00","description":"Antibi\u00f3ticos em Leite","breadcrumb":{"@id":"https:\/\/queijosnobrasil.com.br\/site\/antibioticos-em-leite-alergias\/#breadcrumb"},"inLanguage":"pt-BR","potentialAction":[{"@type":"ReadAction","target":["https:\/\/queijosnobrasil.com.br\/site\/antibioticos-em-leite-alergias\/"]}]},{"@type":"ImageObject","inLanguage":"pt-BR","@id":"https:\/\/queijosnobrasil.com.br\/site\/antibioticos-em-leite-alergias\/#primaryimage","url":"https:\/\/queijosnobrasil.com.br\/site\/wp-content\/uploads\/2022\/12\/antibiotico-1.jpg","contentUrl":"https:\/\/queijosnobrasil.com.br\/site\/wp-content\/uploads\/2022\/12\/antibiotico-1.jpg","width":170,"height":170,"caption":"Penicillin molecule"},{"@type":"BreadcrumbList","@id":"https:\/\/queijosnobrasil.com.br\/site\/antibioticos-em-leite-alergias\/#breadcrumb","itemListElement":[{"@type":"ListItem","position":1,"name":"In\u00edcio","item":"https:\/\/queijosnobrasil.com.br\/site\/"},{"@type":"ListItem","position":2,"name":"Antibi\u00f3ticos em Leite &#8211; Alergias"}]},{"@type":"WebSite","@id":"https:\/\/queijosnobrasil.com.br\/site\/#website","url":"https:\/\/queijosnobrasil.com.br\/site\/","name":"Queijos no Brasil","description":"Empresa voltada a difus\u00e3o de t\u00e9cnicas de fabrica\u00e7\u00e3o e com\u00e9rcio de ingredientes para produtos l\u00e1cteos : queijo (mussarela, Minas Frescal, coalho, ricota...), iogurte, coalhada, requeij\u00e3o, doce de leite e derivados l\u00e1ticos em geral.","publisher":{"@id":"https:\/\/queijosnobrasil.com.br\/site\/#organization"},"potentialAction":[{"@type":"SearchAction","target":{"@type":"EntryPoint","urlTemplate":"https:\/\/queijosnobrasil.com.br\/site\/?s={search_term_string}"},"query-input":{"@type":"PropertyValueSpecification","valueRequired":true,"valueName":"search_term_string"}}],"inLanguage":"pt-BR"},{"@type":"Organization","@id":"https:\/\/queijosnobrasil.com.br\/site\/#organization","name":"Queijos no Brasil","url":"https:\/\/queijosnobrasil.com.br\/site\/","logo":{"@type":"ImageObject","inLanguage":"pt-BR","@id":"https:\/\/queijosnobrasil.com.br\/site\/#\/schema\/logo\/image\/","url":"https:\/\/queijosnobrasil.com.br\/site\/wp-content\/uploads\/2025\/04\/logo-1.webp","contentUrl":"https:\/\/queijosnobrasil.com.br\/site\/wp-content\/uploads\/2025\/04\/logo-1.webp","width":288,"height":288,"caption":"Queijos no Brasil"},"image":{"@id":"https:\/\/queijosnobrasil.com.br\/site\/#\/schema\/logo\/image\/"},"sameAs":["https:\/\/www.youtube.com\/@queijosnobrasil1698"]},{"@type":"Person","@id":"https:\/\/queijosnobrasil.com.br\/site\/#\/schema\/person\/ffd948f2dd090403c987eb626885f72c","name":"Queijos no Brasil","image":{"@type":"ImageObject","inLanguage":"pt-BR","@id":"https:\/\/secure.gravatar.com\/avatar\/670b886dc6ab5c07aeb3effa3b8646ea730b765de2cd4c96f5dd2d6a6b9867d0?s=96&d=mm&r=g","url":"https:\/\/secure.gravatar.com\/avatar\/670b886dc6ab5c07aeb3effa3b8646ea730b765de2cd4c96f5dd2d6a6b9867d0?s=96&d=mm&r=g","contentUrl":"https:\/\/secure.gravatar.com\/avatar\/670b886dc6ab5c07aeb3effa3b8646ea730b765de2cd4c96f5dd2d6a6b9867d0?s=96&d=mm&r=g","caption":"Queijos no Brasil"},"url":"https:\/\/queijosnobrasil.com.br\/site\/author\/admin\/"}]}},"_links":{"self":[{"href":"https:\/\/queijosnobrasil.com.br\/site\/wp-json\/wp\/v2\/posts\/6614","targetHints":{"allow":["GET"]}}],"collection":[{"href":"https:\/\/queijosnobrasil.com.br\/site\/wp-json\/wp\/v2\/posts"}],"about":[{"href":"https:\/\/queijosnobrasil.com.br\/site\/wp-json\/wp\/v2\/types\/post"}],"author":[{"embeddable":true,"href":"https:\/\/queijosnobrasil.com.br\/site\/wp-json\/wp\/v2\/users\/1"}],"replies":[{"embeddable":true,"href":"https:\/\/queijosnobrasil.com.br\/site\/wp-json\/wp\/v2\/comments?post=6614"}],"version-history":[{"count":5,"href":"https:\/\/queijosnobrasil.com.br\/site\/wp-json\/wp\/v2\/posts\/6614\/revisions"}],"predecessor-version":[{"id":9416,"href":"https:\/\/queijosnobrasil.com.br\/site\/wp-json\/wp\/v2\/posts\/6614\/revisions\/9416"}],"wp:attachment":[{"href":"https:\/\/queijosnobrasil.com.br\/site\/wp-json\/wp\/v2\/media?parent=6614"}],"wp:term":[{"taxonomy":"category","embeddable":true,"href":"https:\/\/queijosnobrasil.com.br\/site\/wp-json\/wp\/v2\/categories?post=6614"},{"taxonomy":"post_tag","embeddable":true,"href":"https:\/\/queijosnobrasil.com.br\/site\/wp-json\/wp\/v2\/tags?post=6614"}],"curies":[{"name":"wp","href":"https:\/\/api.w.org\/{rel}","templated":true}]}}