{"id":6596,"date":"2022-12-20T15:50:58","date_gmt":"2022-12-20T18:50:58","guid":{"rendered":"https:\/\/queijosnobrasil.com.br\/site\/?p=6596"},"modified":"2025-07-01T16:28:49","modified_gmt":"2025-07-01T19:28:49","slug":"raca-holandesa-produtora-de-leite","status":"publish","type":"post","link":"https:\/\/queijosnobrasil.com.br\/site\/raca-holandesa-produtora-de-leite\/","title":{"rendered":"Ra\u00e7a Holandesa &#8211; Produtora de Leite"},"content":{"rendered":"<p><span style=\"font-family: verdana, geneva, sans-serif;\"><\/span><\/p>\r\n<p><span style=\"font-family: verdana, geneva, sans-serif;\"><img fetchpriority=\"high\" decoding=\"async\" class=\"wp-image-8985 aligncenter\" src=\"https:\/\/queijosnobrasil.com.br\/site\/wp-content\/uploads\/2022\/12\/HOLANDESA-300x212.jpg\" alt=\"\" width=\"439\" height=\"310\" srcset=\"https:\/\/queijosnobrasil.com.br\/site\/wp-content\/uploads\/2022\/12\/HOLANDESA-300x212.jpg 300w, https:\/\/queijosnobrasil.com.br\/site\/wp-content\/uploads\/2022\/12\/HOLANDESA.jpg 500w\" sizes=\"(max-width: 439px) 100vw, 439px\" \/><\/span><br \/><span style=\"font-family: verdana, geneva, sans-serif;\">Pouco se sabe sobre a origem da ra\u00e7a Holandesa, ou Fries Hollands Veeslay, ou ainda Fr\u00edsia Holandesa, havendo anota\u00e7\u00f5es que v\u00e3o at\u00e9 o ano 2000 a.C. Alguns afirmam que foi domesticada h\u00e1 2.000 anos nas terras planas e pantanosas da Holanda setentrional e da Frisia (Pa\u00edses Baixos) e tamb\u00e9m na Fr\u00edsia Oriental (Alemanha). Prescott (1930) acha que o gado veio da Lomdardia, seguindo o curso do rio R\u00f3dano, em m\u00e3os das tribos fr\u00edsias e batavas. Eram animais de origem grega, de acordo com ilustra\u00e7\u00f5es antigas. Ou seja, n\u00e3o h\u00e1 um acordo sobre a origem da ra\u00e7a Holandesa.<\/span><\/p>\r\n<p><span style=\"font-family: verdana, geneva, sans-serif;\">\r\n\r\n<\/span><\/p>\r\n<p><span style=\"font-family: verdana, geneva, sans-serif;\">Com a constru\u00e7\u00e3o de diques e um programa de resgate de terras, desde o s\u00e9culo XV em diante, aumentaram as possibilidades de produ\u00e7\u00e3o de forragens. Dai para a frente, o gado iria se multiplicar aceleradamente.<\/span><\/p>\r\n<p><span style=\"font-family: verdana, geneva, sans-serif;\">\r\n\r\n<\/span><\/p>\r\n<p><span style=\"font-family: verdana, geneva, sans-serif;\">Concretamente, sabe-se que v\u00e1rios mercados de bovinos foram estabelecidos entre 1200 e 1500 d.C. Em 1624 foram introduzidos 12.000 bovinos da Dinamarca, na regi\u00e3o holandesa. Ficou registrado, tamb\u00e9m que, por volta de 1600, cerca de 100.000 animais eram normalmente reexportados depois da engorda, e eram provenientes da Dinamarca, Su\u00e9cia e Schleswig-Holstein.<\/span><\/p>\r\n<p><span style=\"font-family: verdana, geneva, sans-serif;\">\r\n\r\n<\/span><\/p>\r\n<p><span style=\"font-family: verdana, geneva, sans-serif;\">As trag\u00e9dias nas regi\u00f5es baixas, todavia, quebram constantemente a hist\u00f3ria, pois milhares de homens e bovinos morriam nas inunda\u00e7\u00f5es que se sucediam desde 810 ou pelas epidemias. A grande epidemia de 1170 liquidou centenas de milhares de cabe\u00e7as: a de 1714 liquidou 300.000 cabe\u00e7as de gado. Em 1744, novamente dois ter\u00e7os do gado desapareceram. A peste de 1768-1782 destruiu 396.000 cabe\u00e7as das prov\u00edncias. Pode-se afirmar que, no final do s\u00e9culo XVIII, quase todo gado antigo havia sido destru\u00eddo. As pinturas realizadas entre 1500 e 1700 mostram apenas gado pardo ou vermelho mas nada de branco e preto &#8211; como resultado das sucessivas trag\u00e9dias! Berkhey, escrevendo nos anos seguintes da peste, menciona a importa\u00e7\u00e3o de grande n\u00famero de bovinos brancos e negros ou quase negro manchado. Assim, pode-se supor que o gado moderno dos Pa\u00edses Baixos teve in\u00edcio na segunda metade do s\u00e9culo XVIII. No final do s\u00e9culo XIX o gado ainda n\u00e3o estava dividido em ra\u00e7as, sobressaindo-se o gado importado da Alemanha e da Dinamarca. Buscando melhorar a produtividade leiteira, aumentaram-se as importa\u00e7\u00f5es da Inglaterra, Europa continental, Am\u00e9rica do Norte, \u00cdndia, \u00c1frica do Sul, Australia, etc. Na segunda metade do s\u00e9culo XIX a mescla desses gados j\u00e1 tinha endere\u00e7o fixo, come\u00e7ando ent\u00e3o um amplo trabalho de melhoramento. Em 1882 foi fundada a Sociedade de Livro Geneal\u00f3gico dos Pa\u00edses Baixos, substituindo os dois anteriormente fundados em 1873 (Netherlands Herd-Book) e 1879 (Friesland Herd-Book). Registrava o gado negro manchado, o vermelho manchado ou de outras colora\u00e7\u00f5es. Hoje, s\u00e3o muito poucos os animais manchados de vermelho, sendo a quase totalidade formada de gado negro e branco.<\/span><\/p>\r\n<p><span style=\"font-family: verdana, geneva, sans-serif;\">\r\n\r\n<\/span><\/p>\r\n<p><span style=\"font-family: verdana, geneva, sans-serif;\">Nos Estados Unidos, W. W. Chener&#8221; de Massachusetts, importou muito gado fr\u00edsio da Holanda (Dutch Friesian), durante v\u00e1rios anos. Em 1872 publicou o primeiro Herd-Book, com animais de 12 Estados. Surgiu o nome &#8220;Hoistein&#8221; lembrando &#8220;Holland&#8221; quando um artigo do pr\u00f3prio Chenery trazia, no t\u00edtulo, a palavra &#8220;Hoistein cartie&#8221;, por engano, ao inv\u00e9s de &#8220;Holiand cat\u00edle&#8221;. O Herd-Book de 1885 era dedicado ao gado &#8220;Hoistein-Friesian&#8221; mas, em 1978, o nome foi reduzido para apenas &#8220;Hoistein&#8221;.<\/span><\/p>\r\n<p><span style=\"font-family: verdana, geneva, sans-serif;\">\r\n\r\n<\/span><\/p>\r\n<p><span style=\"font-family: verdana, geneva, sans-serif;\">O rebanho mundial de gado Holand\u00eas \u00e9 de 226,7 milh\u00f5es. E a \u00fanica ra\u00e7a realmente &#8220;cosmopolita&#8221;, ou seja, com presen\u00e7a na maior parte dos pa\u00edses de pecu\u00e1ria progressista. O desenho de uma vaca holandesa preto e branco significa leite!<\/span><\/p>\r\n<p><span style=\"font-family: verdana, geneva, sans-serif;\">\r\n\r\n<\/span><\/p>\r\n<p><span style=\"font-family: verdana, geneva, sans-serif;\">Funcionalidade &#8211; A dimens\u00e3o m\u00e9dia de uma propriedade holandesa \u00e9 de 12 hectares, sendo que 50% arrendam a propriedade para terceiros. Normalmente, cada propriedade conta com 12 vacas submetidas ao Controle Leiteiro. Hoje, \u00e9 a ra\u00e7a mais pesquisada e controlada no mundo, estando j\u00e1 selecionando linhagens que apresentem bons resultados at\u00e9 no corte, sem reduzir a rentabilidade leiteira.<\/span><\/p>\r\n<p><span style=\"font-family: verdana, geneva, sans-serif;\">\r\n\r\n<\/span><\/p>\r\n<p><span style=\"font-family: verdana, geneva, sans-serif;\">No in\u00edcio do s\u00e9culo XX existiam as seguintes variedades: &#8220;Oldemburgueza&#8221;, &#8220;Frisia ocidental&#8221;, &#8220;Frisia oriental&#8221;, &#8220;Gloningen &#8221; e &#8220;Beemster&#8221;, todas oriundas do mesmo tronco (Cotrim, 1913, p. 175). Da Holandesa derivavam, ainda, as ra\u00e7as &#8220;Flamenga&#8221; (francesa e belga), a &#8220;Oldemburguesa&#8221; e &#8220;Breitemburguesa&#8221; (alem\u00e3) e a &#8220;Holmogorian&#8221; (russa). Ainda no in\u00edcio do s\u00e9culo XX, o recorde mundial era de &#8220;Colantha 4th&#8221; , norte-americana, com 11.389 kg\/ano, ou 15,5 kg\/dia. A recordista &#8220;Aaaggie Cornucopia Paulina&#8221;, tamb\u00e9m norte-americana, produziu 55,0 kg\/dia.<\/span><\/p>\r\n<p><span style=\"font-family: verdana, geneva, sans-serif;\">\r\n\r\n<\/span><\/p>\r\n<p><span style=\"font-family: verdana, geneva, sans-serif;\">A FAO relacionou, na d\u00e9cada de 1950, tr\u00eas tipos do gado Holand\u00eas, cada uma com seu pr\u00f3prio registro geneal\u00f3gico: a) &#8220;Holand\u00eas preto e branco&#8221; (ou vermelho e branco), com cerca de 80% do total; b) &#8220;Meuse-Rh\u00edne-ljssel&#8221; (vermelha e branca), com cerca de 18%; c) &#8220;Groningen &#8221; (caboca branca), com cerca de 2%.<\/span><\/p>\r\n<p><span style=\"font-family: verdana, geneva, sans-serif;\">\r\n\r\n<\/span><\/p>\r\n<p><span style=\"font-family: verdana, geneva, sans-serif;\">Quase todos os touros da atualidade s\u00e3o origin\u00e1rios de tr\u00eas pais famosos: &#8220;Jan 3265&#8221; (da Fr\u00edsia), &#8220;President 1213&#8221; (de Groningen) e &#8220;Frans 41466&#8221; (da Holanda). A produ\u00e7\u00e3o m\u00e9dia varia entre 5.000-8.500 kg, com recordes acima de 14.000 kg.<\/span><\/p>\r\n<p><span style=\"font-family: verdana, geneva, sans-serif;\">\r\n\r\n<\/span><\/p>\r\n<p><span style=\"font-family: verdana, geneva, sans-serif;\">Holand\u00eas de Corte &#8211; O peso das vacas atinge, facilmente, 650-800 kg e os machos chegam a 1.100-1.200 kg. O Holstein representa 80% do gado leiteiro norte-americano e 65% do rebanho total do pais. Desde 1991, todo o gado holand\u00eas \u00e9 registrado desde o nascimento. A pecu\u00e1ria de gado holand\u00eas para carne, com novilhos precoces, caminha aceleradamente desde a d\u00e9cada de 1970. J\u00e1 na d\u00e9cada do 1980 foi estabelecido um programa alternativo de cruzamentos cem ra\u00e7as especializadas de corto, destacando-se o Charol\u00eas, o Limousin, o Piemont\u00eas, o Bleu-Blanc Beige, e outras, para incrementar o rendimento de carne, promovendo o surgimento de linhagens de melhor rendimento no abate. Esta \u00e9 a grande novidade cient\u00edfica da virada do mil\u00eanio, que podo revolucionar a pecu\u00e1ria mundial. Assim como o Holand\u00eas revolucionou a pecu\u00e1ria leiteira, essa alternativa &#8220;carne-leite&#8221; pode provocar uma segunda revolu\u00e7\u00e3o.<\/span><\/p>\r\n<p><span style=\"font-family: verdana, geneva, sans-serif;\">\r\n\r\n<\/span><\/p>\r\n<p><span style=\"font-family: verdana, geneva, sans-serif;\">No Brasil &#8211; N\u00e3o foi estabelecida uma data do introdu\u00e7\u00e3o da ra\u00e7a holandesa no Brasil. Paulino Cavalcanti (1935) cita que &#8220;segundo os dados hist\u00f3ricos, referentes \u00e1 nossa coloniza\u00e7\u00e3o, presume-se que o gado holand\u00eas foi trazido nos anos de 1530 a 1535, per\u00edodo no qual o Brasil foi dividido em capitanias heredit\u00e1rias&#8221;. O Herd-Book come\u00e7ou a funcionar em 1935, com o macho &#8220;Colombo St. Maria&#8221; de Francisco Lampr\u00e9ia, RJ, e &#8220;Campineira&#8221;, de Vicente Giaccaglini, SR<\/span><\/p>\r\n<p><span style=\"font-family: verdana, geneva, sans-serif;\">\r\n\r\n<\/span><\/p>\r\n<p><span style=\"font-family: verdana, geneva, sans-serif;\">At\u00e9 o in\u00edcio de 1980, o Brasil foi considerado o detentor do maior rebanho mundial de HVB mas o efetivo foi decrescendo, ano ap\u00f3s ano, por falta de disponibilidade de reprodutores VB com provas gen\u00e9ticas comprovadas e tamb\u00e9m pela n\u00e3o aceita\u00e7\u00e3o das cobri\u00e7\u00f5es de vacas VB por touros PB. A abertura para uso de reprodutores PB sobre vacas VB somente aconteceu por volta de 1984 desde que o reprodutor fosse portador de gene recessivo para pelagem VB.<\/span><\/p>\r\n<p><span style=\"font-family: verdana, geneva, sans-serif;\">\r\n\r\n<\/span><\/p>\r\n<p><span style=\"font-family: verdana, geneva, sans-serif;\">Sabe-se que mais de 1,8 milh\u00e3o de animais j\u00e1 foram importados de v\u00e1rios pa\u00edses. Existem 1.088 criadores inscritos no Controle Leiteiro Oficial, que somaram 107.001 animais com produ\u00e7\u00e3o no ano de 1997. A m\u00e9dia brasileira de produ\u00e7\u00e3o leiteira foi de 6.595 (2x, 305 dias) em 1997, sendo de 7.266 kg na idade adulta (2x, 305 dias) e de 9.109 kg (3x, 365 dias). Cerca de 82,0% dos criadores residem em S\u00e3o Paulo, Paran\u00e1 e Minas Gerais.<\/span><\/p>\r\n<p><img decoding=\"async\" class=\"size-medium wp-image-7443 aligncenter\" src=\"https:\/\/queijosnobrasil.com.br\/site\/wp-content\/uploads\/2023\/05\/tira_loja-300x38.png\" sizes=\"(max-width: 300px) 100vw, 300px\" srcset=\"https:\/\/queijosnobrasil.com.br\/site\/wp-content\/uploads\/2023\/05\/tira_loja-300x38.png 300w, https:\/\/queijosnobrasil.com.br\/site\/wp-content\/uploads\/2023\/05\/tira_loja.png 583w\" alt=\"\" width=\"300\" height=\"38\" \/><\/p>\r\n<p><span style=\"font-family: verdana, geneva, sans-serif;\"><\/span><\/p>","protected":false},"excerpt":{"rendered":"<p>Pouco se sabe sobre a origem da ra\u00e7a Holandesa, ou Fries Hollands Veeslay, ou ainda Fr\u00edsia Holandesa, havendo anota\u00e7\u00f5es que v\u00e3o at\u00e9 o ano 2000 a.C. Alguns afirmam que foi domesticada h\u00e1 2.000 anos nas terras planas e pantanosas da Holanda setentrional e da Frisia (Pa\u00edses Baixos) e tamb\u00e9m na Fr\u00edsia Oriental (Alemanha). Prescott (1930) [&hellip;]<\/p>\n","protected":false},"author":1,"featured_media":0,"comment_status":"open","ping_status":"open","sticky":false,"template":"","format":"standard","meta":{"footnotes":""},"categories":[213],"tags":[408,341,340,344,438,351,352,358,321,337,349,414,443,440,441,343,345,347,407,432,436,350,404,322,357,359,368,363,361,367,364,405,406,365,366,323,362,298,435,412,360,439,346,254,331,257,336,332,330,338,233,263,342,319,348,434,353,354,445,335,334,444,309,248,415,433,437,442,446,355,413],"class_list":["post-6596","post","type-post","status-publish","format-standard","hentry","category-tudo-sobre-leite","tag-queijosnobrasil","tag-aproveitamento-de-soro","tag-bebida-lactea","tag-chantily","tag-cheeseartisanal","tag-como-desnatar-leite","tag-como-fazer-creme-de-leite","tag-como-fazer-doce-de-leite","tag-como-fazer-iogurte","tag-como-fazer-iogurte-natural","tag-como-fazer-manteiga","tag-como-usar-a-transglutaminase","tag-comofazeriogurte","tag-comofazerqueijo","tag-comofazerqueijoemcasa","tag-creme-de-leite","tag-creme-de-leite-fermentado","tag-creme-para-manteiga","tag-curso-de-queijo-queijos-no-brasil","tag-cursodequeijo","tag-cursodequeijodeleitecru","tag-desnatar-leite","tag-doce-de-confeiteiro","tag-doce-de-leite","tag-doce-de-leite-argentino","tag-doce-de-leite-caseiro","tag-doce-de-leite-com-chocolate","tag-doce-de-leite-com-coco","tag-doce-de-leite-com-soro","tag-doce-de-leite-de-corte","tag-doce-de-leite-diet","tag-doce-de-leite-para-confeitaria","tag-doce-de-leite-para-sorvete","tag-doce-de-leite-sem-lactose","tag-doce-de-leite-vegano","tag-doce-de-leite-vicosa","tag-doce-para-confeitaria","tag-escola-de-queijo","tag-escoladequeijo","tag-faca-iogurte","tag-fazer-doce-de-leite","tag-fazerqueijo","tag-fermento-para-creme","tag-iogurte","tag-iogurte-artesanal","tag-iogurte-com-frutas","tag-iogurte-com-probioticos","tag-iogurte-como-fazer-em-casa","tag-iogurte-grego","tag-iogurte-natural","tag-iogurte-vegano","tag-iogurte-whey","tag-kefir","tag-manteiga","tag-manteiga-fermentada","tag-mestrequeijeiro","tag-nata","tag-nata-light","tag-plantbased","tag-probioticos","tag-probioticos-para-iogurte","tag-queijariaartesanal","tag-queijeiro","tag-queijo","tag-queijo-vegano-com-transglutaminase","tag-queijoartesanal","tag-queijodeleitecru","tag-queijosdobrasil","tag-queijovegano","tag-sour-cream","tag-transglutaminase-em-plant-based"],"yoast_head":"<!-- This site is optimized with the Yoast SEO plugin v27.2 - https:\/\/yoast.com\/product\/yoast-seo-wordpress\/ -->\n<title>Ra\u00e7a Holandesa - Produtora de Leite - Queijos no Brasil<\/title>\n<meta name=\"description\" content=\"Pouco se sabe sobre a origem da ra\u00e7a Holandesa, ou Fries Hollands Veeslay, ou ainda Fr\u00edsia Holandesa, havendo anota\u00e7\u00f5es que v\u00e3o at\u00e9 o ano 2000 a.C.\" \/>\n<meta name=\"robots\" content=\"index, follow, max-snippet:-1, max-image-preview:large, max-video-preview:-1\" \/>\n<link rel=\"canonical\" href=\"https:\/\/queijosnobrasil.com.br\/site\/raca-holandesa-produtora-de-leite\/\" \/>\n<meta property=\"og:locale\" content=\"pt_BR\" \/>\n<meta property=\"og:type\" content=\"article\" \/>\n<meta property=\"og:title\" content=\"Ra\u00e7a Holandesa - Produtora de Leite - Queijos no Brasil\" \/>\n<meta property=\"og:description\" content=\"Pouco se sabe sobre a origem da ra\u00e7a Holandesa, ou Fries Hollands Veeslay, ou ainda Fr\u00edsia Holandesa, havendo anota\u00e7\u00f5es que v\u00e3o at\u00e9 o ano 2000 a.C.\" \/>\n<meta property=\"og:url\" content=\"https:\/\/queijosnobrasil.com.br\/site\/raca-holandesa-produtora-de-leite\/\" \/>\n<meta property=\"og:site_name\" content=\"Queijos no Brasil\" \/>\n<meta property=\"article:published_time\" content=\"2022-12-20T18:50:58+00:00\" \/>\n<meta property=\"article:modified_time\" content=\"2025-07-01T19:28:49+00:00\" \/>\n<meta property=\"og:image\" content=\"https:\/\/queijosnobrasil.com.br\/site\/wp-content\/uploads\/2022\/12\/HOLANDESA.jpg\" \/>\n\t<meta property=\"og:image:width\" content=\"500\" \/>\n\t<meta property=\"og:image:height\" content=\"353\" \/>\n\t<meta property=\"og:image:type\" content=\"image\/jpeg\" \/>\n<meta name=\"author\" content=\"Queijos no Brasil\" \/>\n<meta name=\"twitter:card\" content=\"summary_large_image\" \/>\n<meta name=\"twitter:label1\" content=\"Escrito por\" \/>\n\t<meta name=\"twitter:data1\" content=\"Queijos no Brasil\" \/>\n\t<meta name=\"twitter:label2\" content=\"Est. tempo de leitura\" \/>\n\t<meta name=\"twitter:data2\" content=\"7 minutos\" \/>\n<script type=\"application\/ld+json\" class=\"yoast-schema-graph\">{\"@context\":\"https:\/\/schema.org\",\"@graph\":[{\"@type\":\"Article\",\"@id\":\"https:\/\/queijosnobrasil.com.br\/site\/raca-holandesa-produtora-de-leite\/#article\",\"isPartOf\":{\"@id\":\"https:\/\/queijosnobrasil.com.br\/site\/raca-holandesa-produtora-de-leite\/\"},\"author\":{\"name\":\"Queijos no Brasil\",\"@id\":\"https:\/\/queijosnobrasil.com.br\/site\/#\/schema\/person\/ffd948f2dd090403c987eb626885f72c\"},\"headline\":\"Ra\u00e7a Holandesa &#8211; Produtora de Leite\",\"datePublished\":\"2022-12-20T18:50:58+00:00\",\"dateModified\":\"2025-07-01T19:28:49+00:00\",\"mainEntityOfPage\":{\"@id\":\"https:\/\/queijosnobrasil.com.br\/site\/raca-holandesa-produtora-de-leite\/\"},\"wordCount\":1213,\"commentCount\":0,\"publisher\":{\"@id\":\"https:\/\/queijosnobrasil.com.br\/site\/#organization\"},\"image\":{\"@id\":\"https:\/\/queijosnobrasil.com.br\/site\/raca-holandesa-produtora-de-leite\/#primaryimage\"},\"thumbnailUrl\":\"https:\/\/queijosnobrasil.com.br\/site\/wp-content\/uploads\/2022\/12\/HOLANDESA-300x212.jpg\",\"keywords\":[\"@queijosnobrasil\",\"aproveitamento de soro\",\"bebida l\u00e1ctea\",\"chantily\",\"cheeseartisanal\",\"como desnatar leite\",\"como fazer creme de leite\",\"como fazer doce de leite\",\"como fazer iogurte\",\"como fazer iogurte natural\",\"como fazer manteiga\",\"como usar a transglutaminase\",\"comofazeriogurte\",\"comofazerqueijo\",\"comofazerqueijoemcasa\",\"creme de leite\",\"creme de leite fermentado\",\"creme para manteiga\",\"curso de queijo queijos no brasil\",\"cursodequeijo\",\"cursodequeijodeleitecru\",\"desnatar leite\",\"doce de confeiteiro\",\"doce de leite\",\"doce de leite argentino\",\"doce de leite caseiro\",\"doce de leite com chocolate\",\"doce de leite com coco\",\"doce de leite com soro\",\"doce de leite de corte\",\"doce de leite diet\",\"doce de leite para confeitaria\",\"doce de leite para sorvete\",\"doce de leite sem lactose\",\"doce de leite vegano\",\"doce de leite vi\u00e7osa\",\"doce para confeitaria\",\"escola de queijo\",\"escoladequeijo\",\"fa\u00e7a iogurte\",\"fazer doce de leite\",\"fazerqueijo\",\"fermento para creme\",\"iogurte\",\"iogurte artesanal\",\"iogurte com frutas\",\"iogurte com probi\u00f3ticos\",\"iogurte como fazer em casa\",\"iogurte grego\",\"iogurte natural\",\"iogurte vegano\",\"iogurte whey\",\"kefir\",\"manteiga\",\"manteiga fermentada\",\"mestrequeijeiro\",\"nata\",\"nata light\",\"plantbased\",\"probi\u00f3ticos\",\"probi\u00f3ticos para iogurte\",\"queijariaartesanal\",\"queijeiro\",\"queijo\",\"queijo vegano com transglutaminase\",\"queijoartesanal\",\"queijodeleitecru\",\"queijosdobrasil\",\"queijovegano\",\"sour cream\",\"transglutaminase em plant based\"],\"articleSection\":[\"Tudo sobre Leite\"],\"inLanguage\":\"pt-BR\",\"potentialAction\":[{\"@type\":\"CommentAction\",\"name\":\"Comment\",\"target\":[\"https:\/\/queijosnobrasil.com.br\/site\/raca-holandesa-produtora-de-leite\/#respond\"]}]},{\"@type\":\"WebPage\",\"@id\":\"https:\/\/queijosnobrasil.com.br\/site\/raca-holandesa-produtora-de-leite\/\",\"url\":\"https:\/\/queijosnobrasil.com.br\/site\/raca-holandesa-produtora-de-leite\/\",\"name\":\"Ra\u00e7a Holandesa - Produtora de Leite - Queijos no Brasil\",\"isPartOf\":{\"@id\":\"https:\/\/queijosnobrasil.com.br\/site\/#website\"},\"primaryImageOfPage\":{\"@id\":\"https:\/\/queijosnobrasil.com.br\/site\/raca-holandesa-produtora-de-leite\/#primaryimage\"},\"image\":{\"@id\":\"https:\/\/queijosnobrasil.com.br\/site\/raca-holandesa-produtora-de-leite\/#primaryimage\"},\"thumbnailUrl\":\"https:\/\/queijosnobrasil.com.br\/site\/wp-content\/uploads\/2022\/12\/HOLANDESA-300x212.jpg\",\"datePublished\":\"2022-12-20T18:50:58+00:00\",\"dateModified\":\"2025-07-01T19:28:49+00:00\",\"description\":\"Pouco se sabe sobre a origem da ra\u00e7a Holandesa, ou Fries Hollands Veeslay, ou ainda Fr\u00edsia Holandesa, havendo anota\u00e7\u00f5es que v\u00e3o at\u00e9 o ano 2000 a.C.\",\"breadcrumb\":{\"@id\":\"https:\/\/queijosnobrasil.com.br\/site\/raca-holandesa-produtora-de-leite\/#breadcrumb\"},\"inLanguage\":\"pt-BR\",\"potentialAction\":[{\"@type\":\"ReadAction\",\"target\":[\"https:\/\/queijosnobrasil.com.br\/site\/raca-holandesa-produtora-de-leite\/\"]}]},{\"@type\":\"ImageObject\",\"inLanguage\":\"pt-BR\",\"@id\":\"https:\/\/queijosnobrasil.com.br\/site\/raca-holandesa-produtora-de-leite\/#primaryimage\",\"url\":\"https:\/\/queijosnobrasil.com.br\/site\/wp-content\/uploads\/2022\/12\/HOLANDESA.jpg\",\"contentUrl\":\"https:\/\/queijosnobrasil.com.br\/site\/wp-content\/uploads\/2022\/12\/HOLANDESA.jpg\",\"width\":500,\"height\":353},{\"@type\":\"BreadcrumbList\",\"@id\":\"https:\/\/queijosnobrasil.com.br\/site\/raca-holandesa-produtora-de-leite\/#breadcrumb\",\"itemListElement\":[{\"@type\":\"ListItem\",\"position\":1,\"name\":\"In\u00edcio\",\"item\":\"https:\/\/queijosnobrasil.com.br\/site\/\"},{\"@type\":\"ListItem\",\"position\":2,\"name\":\"Ra\u00e7a Holandesa &#8211; Produtora de Leite\"}]},{\"@type\":\"WebSite\",\"@id\":\"https:\/\/queijosnobrasil.com.br\/site\/#website\",\"url\":\"https:\/\/queijosnobrasil.com.br\/site\/\",\"name\":\"Queijos no Brasil\",\"description\":\"Empresa voltada a difus\u00e3o de t\u00e9cnicas de fabrica\u00e7\u00e3o e com\u00e9rcio de ingredientes para produtos l\u00e1cteos : queijo (mussarela, Minas Frescal, coalho, ricota...), iogurte, coalhada, requeij\u00e3o, doce de leite e derivados l\u00e1ticos em geral.\",\"publisher\":{\"@id\":\"https:\/\/queijosnobrasil.com.br\/site\/#organization\"},\"potentialAction\":[{\"@type\":\"SearchAction\",\"target\":{\"@type\":\"EntryPoint\",\"urlTemplate\":\"https:\/\/queijosnobrasil.com.br\/site\/?s={search_term_string}\"},\"query-input\":{\"@type\":\"PropertyValueSpecification\",\"valueRequired\":true,\"valueName\":\"search_term_string\"}}],\"inLanguage\":\"pt-BR\"},{\"@type\":\"Organization\",\"@id\":\"https:\/\/queijosnobrasil.com.br\/site\/#organization\",\"name\":\"Queijos no Brasil\",\"url\":\"https:\/\/queijosnobrasil.com.br\/site\/\",\"logo\":{\"@type\":\"ImageObject\",\"inLanguage\":\"pt-BR\",\"@id\":\"https:\/\/queijosnobrasil.com.br\/site\/#\/schema\/logo\/image\/\",\"url\":\"https:\/\/queijosnobrasil.com.br\/site\/wp-content\/uploads\/2025\/04\/logo-1.webp\",\"contentUrl\":\"https:\/\/queijosnobrasil.com.br\/site\/wp-content\/uploads\/2025\/04\/logo-1.webp\",\"width\":288,\"height\":288,\"caption\":\"Queijos no Brasil\"},\"image\":{\"@id\":\"https:\/\/queijosnobrasil.com.br\/site\/#\/schema\/logo\/image\/\"},\"sameAs\":[\"https:\/\/www.youtube.com\/@queijosnobrasil1698\"]},{\"@type\":\"Person\",\"@id\":\"https:\/\/queijosnobrasil.com.br\/site\/#\/schema\/person\/ffd948f2dd090403c987eb626885f72c\",\"name\":\"Queijos no Brasil\",\"image\":{\"@type\":\"ImageObject\",\"inLanguage\":\"pt-BR\",\"@id\":\"https:\/\/secure.gravatar.com\/avatar\/670b886dc6ab5c07aeb3effa3b8646ea730b765de2cd4c96f5dd2d6a6b9867d0?s=96&d=mm&r=g\",\"url\":\"https:\/\/secure.gravatar.com\/avatar\/670b886dc6ab5c07aeb3effa3b8646ea730b765de2cd4c96f5dd2d6a6b9867d0?s=96&d=mm&r=g\",\"contentUrl\":\"https:\/\/secure.gravatar.com\/avatar\/670b886dc6ab5c07aeb3effa3b8646ea730b765de2cd4c96f5dd2d6a6b9867d0?s=96&d=mm&r=g\",\"caption\":\"Queijos no Brasil\"},\"url\":\"https:\/\/queijosnobrasil.com.br\/site\/author\/admin\/\"}]}<\/script>\n<!-- \/ Yoast SEO plugin. -->","yoast_head_json":{"title":"Ra\u00e7a Holandesa - Produtora de Leite - Queijos no Brasil","description":"Pouco se sabe sobre a origem da ra\u00e7a Holandesa, ou Fries Hollands Veeslay, ou ainda Fr\u00edsia Holandesa, havendo anota\u00e7\u00f5es que v\u00e3o at\u00e9 o ano 2000 a.C.","robots":{"index":"index","follow":"follow","max-snippet":"max-snippet:-1","max-image-preview":"max-image-preview:large","max-video-preview":"max-video-preview:-1"},"canonical":"https:\/\/queijosnobrasil.com.br\/site\/raca-holandesa-produtora-de-leite\/","og_locale":"pt_BR","og_type":"article","og_title":"Ra\u00e7a Holandesa - Produtora de Leite - Queijos no Brasil","og_description":"Pouco se sabe sobre a origem da ra\u00e7a Holandesa, ou Fries Hollands Veeslay, ou ainda Fr\u00edsia Holandesa, havendo anota\u00e7\u00f5es que v\u00e3o at\u00e9 o ano 2000 a.C.","og_url":"https:\/\/queijosnobrasil.com.br\/site\/raca-holandesa-produtora-de-leite\/","og_site_name":"Queijos no Brasil","article_published_time":"2022-12-20T18:50:58+00:00","article_modified_time":"2025-07-01T19:28:49+00:00","og_image":[{"width":500,"height":353,"url":"https:\/\/queijosnobrasil.com.br\/site\/wp-content\/uploads\/2022\/12\/HOLANDESA.jpg","type":"image\/jpeg"}],"author":"Queijos no Brasil","twitter_card":"summary_large_image","twitter_misc":{"Escrito por":"Queijos no Brasil","Est. tempo de leitura":"7 minutos"},"schema":{"@context":"https:\/\/schema.org","@graph":[{"@type":"Article","@id":"https:\/\/queijosnobrasil.com.br\/site\/raca-holandesa-produtora-de-leite\/#article","isPartOf":{"@id":"https:\/\/queijosnobrasil.com.br\/site\/raca-holandesa-produtora-de-leite\/"},"author":{"name":"Queijos no Brasil","@id":"https:\/\/queijosnobrasil.com.br\/site\/#\/schema\/person\/ffd948f2dd090403c987eb626885f72c"},"headline":"Ra\u00e7a Holandesa &#8211; Produtora de Leite","datePublished":"2022-12-20T18:50:58+00:00","dateModified":"2025-07-01T19:28:49+00:00","mainEntityOfPage":{"@id":"https:\/\/queijosnobrasil.com.br\/site\/raca-holandesa-produtora-de-leite\/"},"wordCount":1213,"commentCount":0,"publisher":{"@id":"https:\/\/queijosnobrasil.com.br\/site\/#organization"},"image":{"@id":"https:\/\/queijosnobrasil.com.br\/site\/raca-holandesa-produtora-de-leite\/#primaryimage"},"thumbnailUrl":"https:\/\/queijosnobrasil.com.br\/site\/wp-content\/uploads\/2022\/12\/HOLANDESA-300x212.jpg","keywords":["@queijosnobrasil","aproveitamento de soro","bebida l\u00e1ctea","chantily","cheeseartisanal","como desnatar leite","como fazer creme de leite","como fazer doce de leite","como fazer iogurte","como fazer iogurte natural","como fazer manteiga","como usar a transglutaminase","comofazeriogurte","comofazerqueijo","comofazerqueijoemcasa","creme de leite","creme de leite fermentado","creme para manteiga","curso de queijo queijos no brasil","cursodequeijo","cursodequeijodeleitecru","desnatar leite","doce de confeiteiro","doce de leite","doce de leite argentino","doce de leite caseiro","doce de leite com chocolate","doce de leite com coco","doce de leite com soro","doce de leite de corte","doce de leite diet","doce de leite para confeitaria","doce de leite para sorvete","doce de leite sem lactose","doce de leite vegano","doce de leite vi\u00e7osa","doce para confeitaria","escola de queijo","escoladequeijo","fa\u00e7a iogurte","fazer doce de leite","fazerqueijo","fermento para creme","iogurte","iogurte artesanal","iogurte com frutas","iogurte com probi\u00f3ticos","iogurte como fazer em casa","iogurte grego","iogurte natural","iogurte vegano","iogurte whey","kefir","manteiga","manteiga fermentada","mestrequeijeiro","nata","nata light","plantbased","probi\u00f3ticos","probi\u00f3ticos para iogurte","queijariaartesanal","queijeiro","queijo","queijo vegano com transglutaminase","queijoartesanal","queijodeleitecru","queijosdobrasil","queijovegano","sour cream","transglutaminase em plant based"],"articleSection":["Tudo sobre Leite"],"inLanguage":"pt-BR","potentialAction":[{"@type":"CommentAction","name":"Comment","target":["https:\/\/queijosnobrasil.com.br\/site\/raca-holandesa-produtora-de-leite\/#respond"]}]},{"@type":"WebPage","@id":"https:\/\/queijosnobrasil.com.br\/site\/raca-holandesa-produtora-de-leite\/","url":"https:\/\/queijosnobrasil.com.br\/site\/raca-holandesa-produtora-de-leite\/","name":"Ra\u00e7a Holandesa - Produtora de Leite - Queijos no Brasil","isPartOf":{"@id":"https:\/\/queijosnobrasil.com.br\/site\/#website"},"primaryImageOfPage":{"@id":"https:\/\/queijosnobrasil.com.br\/site\/raca-holandesa-produtora-de-leite\/#primaryimage"},"image":{"@id":"https:\/\/queijosnobrasil.com.br\/site\/raca-holandesa-produtora-de-leite\/#primaryimage"},"thumbnailUrl":"https:\/\/queijosnobrasil.com.br\/site\/wp-content\/uploads\/2022\/12\/HOLANDESA-300x212.jpg","datePublished":"2022-12-20T18:50:58+00:00","dateModified":"2025-07-01T19:28:49+00:00","description":"Pouco se sabe sobre a origem da ra\u00e7a Holandesa, ou Fries Hollands Veeslay, ou ainda Fr\u00edsia Holandesa, havendo anota\u00e7\u00f5es que v\u00e3o at\u00e9 o ano 2000 a.C.","breadcrumb":{"@id":"https:\/\/queijosnobrasil.com.br\/site\/raca-holandesa-produtora-de-leite\/#breadcrumb"},"inLanguage":"pt-BR","potentialAction":[{"@type":"ReadAction","target":["https:\/\/queijosnobrasil.com.br\/site\/raca-holandesa-produtora-de-leite\/"]}]},{"@type":"ImageObject","inLanguage":"pt-BR","@id":"https:\/\/queijosnobrasil.com.br\/site\/raca-holandesa-produtora-de-leite\/#primaryimage","url":"https:\/\/queijosnobrasil.com.br\/site\/wp-content\/uploads\/2022\/12\/HOLANDESA.jpg","contentUrl":"https:\/\/queijosnobrasil.com.br\/site\/wp-content\/uploads\/2022\/12\/HOLANDESA.jpg","width":500,"height":353},{"@type":"BreadcrumbList","@id":"https:\/\/queijosnobrasil.com.br\/site\/raca-holandesa-produtora-de-leite\/#breadcrumb","itemListElement":[{"@type":"ListItem","position":1,"name":"In\u00edcio","item":"https:\/\/queijosnobrasil.com.br\/site\/"},{"@type":"ListItem","position":2,"name":"Ra\u00e7a Holandesa &#8211; Produtora de Leite"}]},{"@type":"WebSite","@id":"https:\/\/queijosnobrasil.com.br\/site\/#website","url":"https:\/\/queijosnobrasil.com.br\/site\/","name":"Queijos no Brasil","description":"Empresa voltada a difus\u00e3o de t\u00e9cnicas de fabrica\u00e7\u00e3o e com\u00e9rcio de ingredientes para produtos l\u00e1cteos : queijo (mussarela, Minas Frescal, coalho, ricota...), iogurte, coalhada, requeij\u00e3o, doce de leite e derivados l\u00e1ticos em geral.","publisher":{"@id":"https:\/\/queijosnobrasil.com.br\/site\/#organization"},"potentialAction":[{"@type":"SearchAction","target":{"@type":"EntryPoint","urlTemplate":"https:\/\/queijosnobrasil.com.br\/site\/?s={search_term_string}"},"query-input":{"@type":"PropertyValueSpecification","valueRequired":true,"valueName":"search_term_string"}}],"inLanguage":"pt-BR"},{"@type":"Organization","@id":"https:\/\/queijosnobrasil.com.br\/site\/#organization","name":"Queijos no Brasil","url":"https:\/\/queijosnobrasil.com.br\/site\/","logo":{"@type":"ImageObject","inLanguage":"pt-BR","@id":"https:\/\/queijosnobrasil.com.br\/site\/#\/schema\/logo\/image\/","url":"https:\/\/queijosnobrasil.com.br\/site\/wp-content\/uploads\/2025\/04\/logo-1.webp","contentUrl":"https:\/\/queijosnobrasil.com.br\/site\/wp-content\/uploads\/2025\/04\/logo-1.webp","width":288,"height":288,"caption":"Queijos no Brasil"},"image":{"@id":"https:\/\/queijosnobrasil.com.br\/site\/#\/schema\/logo\/image\/"},"sameAs":["https:\/\/www.youtube.com\/@queijosnobrasil1698"]},{"@type":"Person","@id":"https:\/\/queijosnobrasil.com.br\/site\/#\/schema\/person\/ffd948f2dd090403c987eb626885f72c","name":"Queijos no Brasil","image":{"@type":"ImageObject","inLanguage":"pt-BR","@id":"https:\/\/secure.gravatar.com\/avatar\/670b886dc6ab5c07aeb3effa3b8646ea730b765de2cd4c96f5dd2d6a6b9867d0?s=96&d=mm&r=g","url":"https:\/\/secure.gravatar.com\/avatar\/670b886dc6ab5c07aeb3effa3b8646ea730b765de2cd4c96f5dd2d6a6b9867d0?s=96&d=mm&r=g","contentUrl":"https:\/\/secure.gravatar.com\/avatar\/670b886dc6ab5c07aeb3effa3b8646ea730b765de2cd4c96f5dd2d6a6b9867d0?s=96&d=mm&r=g","caption":"Queijos no Brasil"},"url":"https:\/\/queijosnobrasil.com.br\/site\/author\/admin\/"}]}},"_links":{"self":[{"href":"https:\/\/queijosnobrasil.com.br\/site\/wp-json\/wp\/v2\/posts\/6596","targetHints":{"allow":["GET"]}}],"collection":[{"href":"https:\/\/queijosnobrasil.com.br\/site\/wp-json\/wp\/v2\/posts"}],"about":[{"href":"https:\/\/queijosnobrasil.com.br\/site\/wp-json\/wp\/v2\/types\/post"}],"author":[{"embeddable":true,"href":"https:\/\/queijosnobrasil.com.br\/site\/wp-json\/wp\/v2\/users\/1"}],"replies":[{"embeddable":true,"href":"https:\/\/queijosnobrasil.com.br\/site\/wp-json\/wp\/v2\/comments?post=6596"}],"version-history":[{"count":6,"href":"https:\/\/queijosnobrasil.com.br\/site\/wp-json\/wp\/v2\/posts\/6596\/revisions"}],"predecessor-version":[{"id":9451,"href":"https:\/\/queijosnobrasil.com.br\/site\/wp-json\/wp\/v2\/posts\/6596\/revisions\/9451"}],"wp:attachment":[{"href":"https:\/\/queijosnobrasil.com.br\/site\/wp-json\/wp\/v2\/media?parent=6596"}],"wp:term":[{"taxonomy":"category","embeddable":true,"href":"https:\/\/queijosnobrasil.com.br\/site\/wp-json\/wp\/v2\/categories?post=6596"},{"taxonomy":"post_tag","embeddable":true,"href":"https:\/\/queijosnobrasil.com.br\/site\/wp-json\/wp\/v2\/tags?post=6596"}],"curies":[{"name":"wp","href":"https:\/\/api.w.org\/{rel}","templated":true}]}}