{"id":6591,"date":"2022-12-20T13:46:06","date_gmt":"2022-12-20T16:46:06","guid":{"rendered":"https:\/\/queijosnobrasil.com.br\/site\/?p=6591"},"modified":"2025-07-01T16:27:35","modified_gmt":"2025-07-01T19:27:35","slug":"raca-caracu","status":"publish","type":"post","link":"https:\/\/queijosnobrasil.com.br\/site\/raca-caracu\/","title":{"rendered":"Ra\u00e7a Caracu"},"content":{"rendered":"<p><span style=\"font-family: verdana, geneva, sans-serif;\"><\/span><\/p>\r\n<p><span style=\"font-family: verdana, geneva, sans-serif;\">Com certeza, \u00e9 o gado europeu mais adaptado ao clima tropical, no mundo inteiro, pois est\u00e1 presente no Brasil desde o per\u00edodo colonial. Descendente de bovinos portugueses (Minhota e Alentejana), por meio de cruzamentos nos Brasil, resultou no Caracu. Ou simplesmente, foi formado a partir da mistura de diversos gados ib\u00e9ricos nos s\u00e9culos XVI e XVII.<\/span><\/p>\r\n<p><span style=\"font-family: verdana, geneva, sans-serif;\">\r\n\r\n<\/span><\/p>\r\n<p><span style=\"font-family: verdana, geneva, sans-serif;\">A hist\u00f3ria ancestral come\u00e7a, por volta de 27 a.C. quando o imperador C\u00e9sar Augusto alcan\u00e7ou o rio Loire, na regi\u00e3o da G\u00e1lia, com suas tropas, ali deixando um gado que, depois, chegaria a Portugal e a Hisp\u00e2nia, por volta do ano 200 d.C., subdividindo-se um gado de chifres longos o curtos. O ramos do Bos taurus aquitanicus cruzou-se com o do Bos taurus ibericus o tamb\u00e9m com o do Bos taurus batavicus (ancestral do gado holand\u00eas) formando diversas ra\u00e7as na pen\u00ednsula ib\u00e9rica, destacando-se a Alentejana, a Minhota, a Mirandesa, a Barrosa, a Brava, a Transtagana, a Arauquesa, a Galesa e outras.<\/span><\/p>\r\n<p><span style=\"font-family: verdana, geneva, sans-serif;\">\r\n\r\n<\/span><\/p>\r\n<p><span style=\"font-family: verdana, geneva, sans-serif;\">Esse gado chegou ao Brasil, logo no in\u00edcio da coloniza\u00e7\u00e3o, principalmente no Sergipe, Cear\u00e1, Bahia e Pernambuco. Em 1817, Aires do Casal escrevia que &#8220;a serra do Caracu ficava entre os rios Curu e Acaracu&#8221;, ou ainda, &#8220;o rio Caracu, na vila de Sobral des\u00e1gua a onze l\u00e9guas a leste da enseada de Jericoacoara&#8221;; e mais, &#8220;Sobral, noutro tempo chamada Caracu, assentada numa plan\u00edcie que lhe deu o nome primitivo, a 20 l\u00e9guas do mar&#8230; (Coreographia Bras\u00edlica, 1817.<\/span><\/p>\r\n<p><span style=\"font-family: verdana, geneva, sans-serif;\">\r\n\r\n<\/span><\/p>\r\n<p><span style=\"font-family: verdana, geneva, sans-serif;\">Existem outras explica\u00e7\u00f5es para o nome &#8220;Caracu&#8221;; a) do peixe &#8220;Caracu&#8221;, uma esp\u00e9cie de cascudo amarelo (coIora\u00e7\u00e3o igual a do bovino; b) a express\u00e3o tupi-guarani Caariacu que significa &#8220;bicho que vive escondido no mato&#8221;, indicando um veado avermelhado da Bahia; c) a express\u00e3o &#8220;caracu&#8221;, indicando o animal de &#8220;cara-curta&#8221; do Vale do Sapuca\u00ed. E &#8220;karaku&#8221;, da l\u00edngua guarani, significando &#8220;tutano&#8221;, indicando um bovino gra\u00fado e forte.<\/span><\/p>\r\n<p><span style=\"font-family: verdana, geneva, sans-serif;\">\r\n\r\n<\/span><\/p>\r\n<p><span style=\"font-family: verdana, geneva, sans-serif;\">Felius (1985) mostra que o Caracu \u00e9 bastante similar ao &#8220;Horned Sin\u00fa&#8221;, tamb\u00e9m desenvolvido a partir de gado espanhol, na Venezuela e Bol\u00edvia, tanto quanto \u00e9 similar com o Criollo argentino e com o &#8220;Romo Sinuano&#8221;.<\/span><\/p>\r\n<p><span style=\"font-family: verdana, geneva, sans-serif;\">\r\n\r\n<\/span><\/p>\r\n<p><span style=\"font-family: verdana, geneva, sans-serif;\">A sele\u00e7\u00e3o mais antiga, que persiste at\u00e9 hoje, teve in\u00edcio em 1893, na regi\u00e3o de Po\u00e7os de Caldas, no sul de Minas, sob o nome de &#8220;Caracu caldeano&#8221;, da fam\u00edlia Carvalho Dias.<\/span><\/p>\r\n<p><span style=\"font-family: verdana, geneva, sans-serif;\">\r\n\r\n<\/span><\/p>\r\n<p><span style=\"font-family: verdana, geneva, sans-serif;\">O Registro Geneal\u00f3gico foi fundado em 1916. Os cafezais praticamente n\u00e3o teriam sido t\u00e3o ricos sem a ajuda imprescind\u00edvel do Caracu, pois ele era respons\u00e1vel pelo transporte, pela ara\u00e7\u00e3o de terras e pela produ\u00e7\u00e3o de leite. A partir de 1935, a pecu\u00e1ria mudava-se para fronteiras long\u00ednquas e procurava novas ra\u00e7as, abandonando aquelas que haviam servido nos cafezais.<\/span><\/p>\r\n<p><span style=\"font-family: verdana, geneva, sans-serif;\">\r\n\r\n<\/span><\/p>\r\n<p><span style=\"font-family: verdana, geneva, sans-serif;\">O governo introduziu o Caracu na Esta\u00e7\u00e3o Experimental de Nova Odessa, SP, desde o inicio do s\u00e9culo XX. Em 1976, o Instituto de Zootecnia, em Sert\u00e3ozinho, SP, introduz o Caracu em suas pesquisas, tornando-se importante refer\u00eancia para a ra\u00e7a. Em 1980 surge a Associa\u00e7\u00e3o Brasileira de Criadores de Caracu, retomando o registro que havia sido paralisado desde 1960.<\/span><\/p>\r\n<p><span style=\"font-family: verdana, geneva, sans-serif;\">\r\n\r\n<\/span><\/p>\r\n<p><span style=\"font-family: verdana, geneva, sans-serif;\">Na d\u00e9cada de 1990, foi aprovado um Herd Book especial para o Caracu Mocho, obtido por meio de infus\u00e3o com o gado Mocho Nacional, tamb\u00e9m de origem aquit\u00e2nica e ainda preservado no Brasil. O Mocho Nacional foi consolidado, no inicio do s\u00e9culo, por infus\u00e3o de sangue Caracu sobre o gado mocho goiano, este de origem desconhecida. O habitat da ra\u00e7a est\u00e1 no sul de Minas Gerais, no Estado de S\u00e3o Paulo, no Paran\u00e1 e Mato Grosso do sul, embora encontram-se animais espalhados pelo pa\u00eds inteiro.<\/span><\/p>\r\n<p><span style=\"font-family: verdana, geneva, sans-serif;\">\r\n\r\n<\/span><\/p>\r\n<p><span style=\"font-family: verdana, geneva, sans-serif;\">Funcionalidade &#8211; No in\u00edcio, a pelagem era a mais variada poss\u00edvel (Cotrim, 1913, p. 137). Hoje, a pelagem \u00e9 amarela, variando at\u00e9 o vermelho, evitando-se p\u00ealos negros ou manchas brancas. Em regi\u00f5es ou situa\u00e7\u00f5es em que se busca um produto cruzado r\u00fastico e lucrativo, o Caracu surge como excelente op\u00e7\u00e3o pela sua secular adapta\u00e7\u00e3o ao clima tropical. Afinal, a ra\u00e7a j\u00e1 viveu no Nordeste, Sudeste, Brasil Central, Pantanal matogrossense e at\u00e9 no sul do pa\u00eds. Os touros Caracu s\u00e3o r\u00fasticos, cobrindo as vacas em regime de pasto: \u00e9 a \u00fanica ra\u00e7a europ\u00e9ia com tal desempenho sob o sol tropical.<\/span><\/p>\r\n<p><span style=\"font-family: verdana, geneva, sans-serif;\">\r\n\r\n<\/span><\/p>\r\n<p><span style=\"font-family: verdana, geneva, sans-serif;\">Se haviam amantes devotados pelo Caracu, tamb\u00e9m havia os inimigos ferrenhos do gado nacional. O governo fez publicar o majestoso livro &#8220;A Fazenda Moderna&#8221;, em 1913, de Eduardo Cotrirn, com muitas p\u00e1ginas coloridas (foi impresso em Bruxelas, na Europa), para mostrar as melhores ra\u00e7as bovinas do mundo e, ao mesmo tempo, criticar severamente todas as ra\u00e7as nacionais e at\u00e9 o Zebu, gastando v\u00e1rias p\u00e1ginas para desancar o Caracu e cong\u00eaneres. Este livro foi um ponto decisivo para o abandono da ra\u00e7a, na ocasi\u00e3o. Finalizava Cotrim: &#8220;n\u00e3o temos m\u00e9todo algum; o nosso gado at\u00e9 hoje tem vivido em completo abandono. A ind\u00fastria n\u00e3o existe porque o sistema adotado como o mais c\u00f4modo \u00e9 o da perfeita selvageria. O gado nutre-se das plantas que crescem espontaneamente no campo e os animais ferozes se alimentam com o produto novo do mesmo gado. Quando houvermos criado meios de prote\u00e7\u00e3o para o gado, quando tratarmos de melhorar os nossos campos, plantando neles melhores forragens e quando selecionarmos os reprodutores, eliminando o que houver de inconveniente, teremos dado principio ao processo da cria\u00e7\u00e3o extensiva que, por ora, n\u00e3o existe nem mesmo na boa vontade dos criadores&#8221;.<\/span><\/p>\r\n<p><span style=\"font-family: verdana, geneva, sans-serif;\">\r\n\r\n<\/span><\/p>\r\n<p><span style=\"font-family: verdana, geneva, sans-serif;\">Poderia ter dito que tudo isso era poss\u00edvel de ser realizado sem pregar a destrui\u00e7\u00e3o do patrim\u00f4nio gen\u00e9tico bovino j\u00e1 consolidado na \u00e9poca Modernamente, tanto o Zebu como o Caracu s\u00e3o vencedores diante dos rigores do sol tropical.<\/span><\/p>\r\n<p><span style=\"font-family: verdana, geneva, sans-serif;\">\r\n\r\n<\/span><\/p>\r\n<p><span style=\"font-family: verdana, geneva, sans-serif;\">Aptid\u00f5es econ\u00f4micas &#8211; No in\u00edcio do s\u00e9culo, o per\u00edodo de lacta\u00e7\u00e3o foi de 12 meses para as vacas de Nova Odessa, com 6 animais acima de 2.200 kg e m\u00e1xima de 2.701 kg de leite. O Caracu pariu entre 89.95%, de mesti\u00e7as de Flamengo entre 65-70% de Schwyz entre 70-73% de Simental entre 50-60% de Red Polled entre 75-80%, de Devon entre 70-74% de Hereford entre 75-80% . No tratado &#8220;L\u00b4\u00e9levage en Europe et en Am\u00e9rique&#8221;, obra premiada de Henri Scheider, de 1914, \u00e9 f\u00e1cil verificar que o Caracu \u00e9 mas pesado que os &#8220;precoces&#8221;, posando 298 kg aos 12 meses, 521 kg aos 24 meses, 745 kg aos 36 meses, enquanto que os precoces pesam 300 kg aos 12 meses, 498 kg aos 24 meses e 650 kg aos 42 meses.<\/span><\/p>\r\n<p><span style=\"font-family: verdana, geneva, sans-serif;\">\r\n\r\n<\/span><\/p>\r\n<p><span style=\"font-family: verdana, geneva, sans-serif;\">Atualmente, as vacas pesam entre 500-650 kg, com recordes acima de 770 kg; os machos pesam entre 850-1.100 kg, com recordes acima de 1.200 kg. S\u00e3o animais de muita longevidade produtiva. E de dupla aptid\u00e3o, com carne suculenta e apreciada. A produ\u00e7\u00e3o leiteira varia de 2.100-3.000 kg, e 3,5-5,0 % de gordura, com recordes acima de 5.000 kg.<\/span><\/p>\r\n<p><span style=\"font-family: verdana, geneva, sans-serif;\">\r\n\r\n<\/span><\/p>\r\n<p><span style=\"font-family: verdana, geneva, sans-serif;\">No mundo &#8211; O Caracu constitui o &#8220;maior patrim\u00f4nio biol\u00f3gico europeu no Brasil&#8221;, tendo grande import\u00e2ncia para o mundo inteiro. Atualmente, o Caracu vem sondo pesquisado na Argentina, Bol\u00edvia o outros pa\u00edses, devido a boa qualidade da carne. Jorge de Alba, da OEA, disso em 1956, que &#8220;o Caracu era uma grande surpresa para a Zootecnia mundial dentro de um pa\u00eds cheio de surpresas&#8221;. O Caracu \u00e9 uma ra\u00e7a com a idade do Brasil, nascida no Brasil e, sem d\u00favida, \u00e9 o primeiro taurino tropical das Am\u00e9ricas e, por 550 mesmo, apresenta um valor incalcul\u00e1vel para a moderna Zootecnia. Tecnologia gen\u00e9tica &#8211; Foi institu\u00eddo recentemente o &#8220;Census Caracu&#8221;, administrado pela USP\/Ribeir\u00e3o Preto e endossada pelo Minist\u00e9rio da Agricultura, para promover um melhoramento acelerado da carca\u00e7a do Caracu, tendo em vista massificar o uso do Caracu e do gado Mocho Nacional nos cruzamentos.<\/span><\/p>\r\n<p><span style=\"font-family: verdana, geneva, sans-serif;\">\r\n\r\n<\/span><\/p>\r\n<p><span style=\"font-family: verdana, geneva, sans-serif;\">No CNPGC, da Embrapa\/Campo Grande, MS, o Caracu participa de um programa de cruzamentos com as ra\u00e7as Romo Sinuano, Semepol, Tuli e outras.<\/span><\/p>\r\n<p><span style=\"font-family: verdana, geneva, sans-serif;\">\r\n\r\n<\/span><\/p>\r\n<p><span style=\"font-family: verdana, geneva, sans-serif;\">Fonte: Os Cruzamentos na Pecu\u00e1ria Tropical &#8211; Ed. Agropecu\u00e1ria Tropical &#8211; Digitalizado pelo Boletim Pecu\u00e1rio.<\/span><\/p>\r\n<p><img decoding=\"async\" class=\"size-medium wp-image-7443 aligncenter\" src=\"https:\/\/queijosnobrasil.com.br\/site\/wp-content\/uploads\/2023\/05\/tira_loja-300x38.png\" sizes=\"(max-width: 300px) 100vw, 300px\" srcset=\"https:\/\/queijosnobrasil.com.br\/site\/wp-content\/uploads\/2023\/05\/tira_loja-300x38.png 300w, https:\/\/queijosnobrasil.com.br\/site\/wp-content\/uploads\/2023\/05\/tira_loja.png 583w\" alt=\"\" width=\"300\" height=\"38\" \/><\/p>\r\n<p><span style=\"font-family: verdana, geneva, sans-serif;\"><\/span><\/p>","protected":false},"excerpt":{"rendered":"<p>Com certeza, \u00e9 o gado europeu mais adaptado ao clima tropical, no mundo inteiro, pois est\u00e1 presente no Brasil desde o per\u00edodo colonial. Descendente de bovinos portugueses (Minhota e Alentejana), por meio de cruzamentos nos Brasil, resultou no Caracu. Ou simplesmente, foi formado a partir da mistura de diversos gados ib\u00e9ricos nos s\u00e9culos XVI e [&hellip;]<\/p>\n","protected":false},"author":1,"featured_media":0,"comment_status":"open","ping_status":"open","sticky":false,"template":"","format":"standard","meta":{"footnotes":""},"categories":[213],"tags":[953,965,960,958,949,957,959,950,964,943,951,946,966,963,962,947,952,956,945,954,961,944,955,948],"class_list":["post-6591","post","type-post","status-publish","format-standard","hentry","category-tudo-sobre-leite","tag-agricultura-tropical","tag-agropecuaria-nacional","tag-bovinocultura-brasileira","tag-bovinos-historicos","tag-bovinos-rusticos","tag-caracu-mocho","tag-criacao-de-gado-no-brasil","tag-cruzamento-genetico-bovino","tag-fazendas-brasileiras","tag-gado-caracu","tag-gado-de-dupla-aptidao","tag-gado-europeu-adaptado","tag-gado-leiteiro-e-de-corte","tag-gado-rustico-europeu","tag-genetica-bovina","tag-historia-do-gado-no-brasil","tag-melhoramento-genetico-animal","tag-patrimonio-genetico-bovino","tag-pecuaria-tropical","tag-producao-de-leite-e-carne","tag-raca-caracu-no-mundo","tag-racas-bovinas-brasileiras","tag-racas-taurinas","tag-zootecnia-brasileira"],"yoast_head":"<!-- This site is optimized with the Yoast SEO plugin v27.2 - https:\/\/yoast.com\/product\/yoast-seo-wordpress\/ -->\n<title>Ra\u00e7a Caracu - Queijos no Brasil<\/title>\n<meta name=\"robots\" content=\"index, follow, max-snippet:-1, max-image-preview:large, max-video-preview:-1\" \/>\n<link rel=\"canonical\" href=\"https:\/\/queijosnobrasil.com.br\/site\/raca-caracu\/\" \/>\n<meta property=\"og:locale\" content=\"pt_BR\" \/>\n<meta property=\"og:type\" content=\"article\" \/>\n<meta property=\"og:title\" content=\"Ra\u00e7a Caracu - Queijos no Brasil\" \/>\n<meta property=\"og:description\" content=\"Com certeza, \u00e9 o gado europeu mais adaptado ao clima tropical, no mundo inteiro, pois est\u00e1 presente no Brasil desde o per\u00edodo colonial. Descendente de bovinos portugueses (Minhota e Alentejana), por meio de cruzamentos nos Brasil, resultou no Caracu. Ou simplesmente, foi formado a partir da mistura de diversos gados ib\u00e9ricos nos s\u00e9culos XVI e [&hellip;]\" \/>\n<meta property=\"og:url\" content=\"https:\/\/queijosnobrasil.com.br\/site\/raca-caracu\/\" \/>\n<meta property=\"og:site_name\" content=\"Queijos no Brasil\" \/>\n<meta property=\"article:published_time\" content=\"2022-12-20T16:46:06+00:00\" \/>\n<meta property=\"article:modified_time\" content=\"2025-07-01T19:27:35+00:00\" \/>\n<meta property=\"og:image\" content=\"https:\/\/queijosnobrasil.com.br\/site\/wp-content\/uploads\/2023\/05\/tira_loja.png\" \/>\n\t<meta property=\"og:image:width\" content=\"583\" \/>\n\t<meta property=\"og:image:height\" content=\"74\" \/>\n\t<meta property=\"og:image:type\" content=\"image\/png\" \/>\n<meta name=\"author\" content=\"Queijos no Brasil\" \/>\n<meta name=\"twitter:card\" content=\"summary_large_image\" \/>\n<meta name=\"twitter:label1\" content=\"Escrito por\" \/>\n\t<meta name=\"twitter:data1\" content=\"Queijos no Brasil\" \/>\n\t<meta name=\"twitter:label2\" content=\"Est. tempo de leitura\" \/>\n\t<meta name=\"twitter:data2\" content=\"8 minutos\" \/>\n<script type=\"application\/ld+json\" class=\"yoast-schema-graph\">{\"@context\":\"https:\/\/schema.org\",\"@graph\":[{\"@type\":\"Article\",\"@id\":\"https:\/\/queijosnobrasil.com.br\/site\/raca-caracu\/#article\",\"isPartOf\":{\"@id\":\"https:\/\/queijosnobrasil.com.br\/site\/raca-caracu\/\"},\"author\":{\"name\":\"Queijos no Brasil\",\"@id\":\"https:\/\/queijosnobrasil.com.br\/site\/#\/schema\/person\/ffd948f2dd090403c987eb626885f72c\"},\"headline\":\"Ra\u00e7a Caracu\",\"datePublished\":\"2022-12-20T16:46:06+00:00\",\"dateModified\":\"2025-07-01T19:27:35+00:00\",\"mainEntityOfPage\":{\"@id\":\"https:\/\/queijosnobrasil.com.br\/site\/raca-caracu\/\"},\"wordCount\":1352,\"commentCount\":0,\"publisher\":{\"@id\":\"https:\/\/queijosnobrasil.com.br\/site\/#organization\"},\"image\":{\"@id\":\"https:\/\/queijosnobrasil.com.br\/site\/raca-caracu\/#primaryimage\"},\"thumbnailUrl\":\"https:\/\/queijosnobrasil.com.br\/site\/wp-content\/uploads\/2023\/05\/tira_loja-300x38.png\",\"keywords\":[\"agricultura tropical\",\"agropecu\u00e1ria nacional\",\"bovinocultura brasileira\",\"bovinos hist\u00f3ricos\",\"bovinos r\u00fasticos\",\"caracu mocho\",\"cria\u00e7\u00e3o de gado no Brasil\",\"cruzamento gen\u00e9tico bovino\",\"fazendas brasileiras\",\"gado caracu\",\"gado de dupla aptid\u00e3o\",\"gado europeu adaptado\",\"gado leiteiro e de corte\",\"gado r\u00fastico europeu\",\"gen\u00e9tica bovina\",\"hist\u00f3ria do gado no Brasil\",\"melhoramento gen\u00e9tico animal\",\"patrim\u00f4nio gen\u00e9tico bovino\",\"pecu\u00e1ria tropical\",\"produ\u00e7\u00e3o de leite e carne\",\"ra\u00e7a caracu no mundo\",\"ra\u00e7as bovinas brasileiras\",\"ra\u00e7as taurinas\",\"zootecnia brasileira\"],\"articleSection\":[\"Tudo sobre Leite\"],\"inLanguage\":\"pt-BR\",\"potentialAction\":[{\"@type\":\"CommentAction\",\"name\":\"Comment\",\"target\":[\"https:\/\/queijosnobrasil.com.br\/site\/raca-caracu\/#respond\"]}]},{\"@type\":\"WebPage\",\"@id\":\"https:\/\/queijosnobrasil.com.br\/site\/raca-caracu\/\",\"url\":\"https:\/\/queijosnobrasil.com.br\/site\/raca-caracu\/\",\"name\":\"Ra\u00e7a Caracu - Queijos no Brasil\",\"isPartOf\":{\"@id\":\"https:\/\/queijosnobrasil.com.br\/site\/#website\"},\"primaryImageOfPage\":{\"@id\":\"https:\/\/queijosnobrasil.com.br\/site\/raca-caracu\/#primaryimage\"},\"image\":{\"@id\":\"https:\/\/queijosnobrasil.com.br\/site\/raca-caracu\/#primaryimage\"},\"thumbnailUrl\":\"https:\/\/queijosnobrasil.com.br\/site\/wp-content\/uploads\/2023\/05\/tira_loja-300x38.png\",\"datePublished\":\"2022-12-20T16:46:06+00:00\",\"dateModified\":\"2025-07-01T19:27:35+00:00\",\"breadcrumb\":{\"@id\":\"https:\/\/queijosnobrasil.com.br\/site\/raca-caracu\/#breadcrumb\"},\"inLanguage\":\"pt-BR\",\"potentialAction\":[{\"@type\":\"ReadAction\",\"target\":[\"https:\/\/queijosnobrasil.com.br\/site\/raca-caracu\/\"]}]},{\"@type\":\"ImageObject\",\"inLanguage\":\"pt-BR\",\"@id\":\"https:\/\/queijosnobrasil.com.br\/site\/raca-caracu\/#primaryimage\",\"url\":\"https:\/\/queijosnobrasil.com.br\/site\/wp-content\/uploads\/2023\/05\/tira_loja.png\",\"contentUrl\":\"https:\/\/queijosnobrasil.com.br\/site\/wp-content\/uploads\/2023\/05\/tira_loja.png\",\"width\":583,\"height\":74},{\"@type\":\"BreadcrumbList\",\"@id\":\"https:\/\/queijosnobrasil.com.br\/site\/raca-caracu\/#breadcrumb\",\"itemListElement\":[{\"@type\":\"ListItem\",\"position\":1,\"name\":\"In\u00edcio\",\"item\":\"https:\/\/queijosnobrasil.com.br\/site\/\"},{\"@type\":\"ListItem\",\"position\":2,\"name\":\"Ra\u00e7a Caracu\"}]},{\"@type\":\"WebSite\",\"@id\":\"https:\/\/queijosnobrasil.com.br\/site\/#website\",\"url\":\"https:\/\/queijosnobrasil.com.br\/site\/\",\"name\":\"Queijos no Brasil\",\"description\":\"Empresa voltada a difus\u00e3o de t\u00e9cnicas de fabrica\u00e7\u00e3o e com\u00e9rcio de ingredientes para produtos l\u00e1cteos : queijo (mussarela, Minas Frescal, coalho, ricota...), iogurte, coalhada, requeij\u00e3o, doce de leite e derivados l\u00e1ticos em geral.\",\"publisher\":{\"@id\":\"https:\/\/queijosnobrasil.com.br\/site\/#organization\"},\"potentialAction\":[{\"@type\":\"SearchAction\",\"target\":{\"@type\":\"EntryPoint\",\"urlTemplate\":\"https:\/\/queijosnobrasil.com.br\/site\/?s={search_term_string}\"},\"query-input\":{\"@type\":\"PropertyValueSpecification\",\"valueRequired\":true,\"valueName\":\"search_term_string\"}}],\"inLanguage\":\"pt-BR\"},{\"@type\":\"Organization\",\"@id\":\"https:\/\/queijosnobrasil.com.br\/site\/#organization\",\"name\":\"Queijos no Brasil\",\"url\":\"https:\/\/queijosnobrasil.com.br\/site\/\",\"logo\":{\"@type\":\"ImageObject\",\"inLanguage\":\"pt-BR\",\"@id\":\"https:\/\/queijosnobrasil.com.br\/site\/#\/schema\/logo\/image\/\",\"url\":\"https:\/\/queijosnobrasil.com.br\/site\/wp-content\/uploads\/2025\/04\/logo-1.webp\",\"contentUrl\":\"https:\/\/queijosnobrasil.com.br\/site\/wp-content\/uploads\/2025\/04\/logo-1.webp\",\"width\":288,\"height\":288,\"caption\":\"Queijos no Brasil\"},\"image\":{\"@id\":\"https:\/\/queijosnobrasil.com.br\/site\/#\/schema\/logo\/image\/\"},\"sameAs\":[\"https:\/\/www.youtube.com\/@queijosnobrasil1698\"]},{\"@type\":\"Person\",\"@id\":\"https:\/\/queijosnobrasil.com.br\/site\/#\/schema\/person\/ffd948f2dd090403c987eb626885f72c\",\"name\":\"Queijos no Brasil\",\"image\":{\"@type\":\"ImageObject\",\"inLanguage\":\"pt-BR\",\"@id\":\"https:\/\/secure.gravatar.com\/avatar\/670b886dc6ab5c07aeb3effa3b8646ea730b765de2cd4c96f5dd2d6a6b9867d0?s=96&d=mm&r=g\",\"url\":\"https:\/\/secure.gravatar.com\/avatar\/670b886dc6ab5c07aeb3effa3b8646ea730b765de2cd4c96f5dd2d6a6b9867d0?s=96&d=mm&r=g\",\"contentUrl\":\"https:\/\/secure.gravatar.com\/avatar\/670b886dc6ab5c07aeb3effa3b8646ea730b765de2cd4c96f5dd2d6a6b9867d0?s=96&d=mm&r=g\",\"caption\":\"Queijos no Brasil\"},\"url\":\"https:\/\/queijosnobrasil.com.br\/site\/author\/admin\/\"}]}<\/script>\n<!-- \/ Yoast SEO plugin. -->","yoast_head_json":{"title":"Ra\u00e7a Caracu - Queijos no Brasil","robots":{"index":"index","follow":"follow","max-snippet":"max-snippet:-1","max-image-preview":"max-image-preview:large","max-video-preview":"max-video-preview:-1"},"canonical":"https:\/\/queijosnobrasil.com.br\/site\/raca-caracu\/","og_locale":"pt_BR","og_type":"article","og_title":"Ra\u00e7a Caracu - Queijos no Brasil","og_description":"Com certeza, \u00e9 o gado europeu mais adaptado ao clima tropical, no mundo inteiro, pois est\u00e1 presente no Brasil desde o per\u00edodo colonial. Descendente de bovinos portugueses (Minhota e Alentejana), por meio de cruzamentos nos Brasil, resultou no Caracu. Ou simplesmente, foi formado a partir da mistura de diversos gados ib\u00e9ricos nos s\u00e9culos XVI e [&hellip;]","og_url":"https:\/\/queijosnobrasil.com.br\/site\/raca-caracu\/","og_site_name":"Queijos no Brasil","article_published_time":"2022-12-20T16:46:06+00:00","article_modified_time":"2025-07-01T19:27:35+00:00","og_image":[{"width":583,"height":74,"url":"https:\/\/queijosnobrasil.com.br\/site\/wp-content\/uploads\/2023\/05\/tira_loja.png","type":"image\/png"}],"author":"Queijos no Brasil","twitter_card":"summary_large_image","twitter_misc":{"Escrito por":"Queijos no Brasil","Est. tempo de leitura":"8 minutos"},"schema":{"@context":"https:\/\/schema.org","@graph":[{"@type":"Article","@id":"https:\/\/queijosnobrasil.com.br\/site\/raca-caracu\/#article","isPartOf":{"@id":"https:\/\/queijosnobrasil.com.br\/site\/raca-caracu\/"},"author":{"name":"Queijos no Brasil","@id":"https:\/\/queijosnobrasil.com.br\/site\/#\/schema\/person\/ffd948f2dd090403c987eb626885f72c"},"headline":"Ra\u00e7a Caracu","datePublished":"2022-12-20T16:46:06+00:00","dateModified":"2025-07-01T19:27:35+00:00","mainEntityOfPage":{"@id":"https:\/\/queijosnobrasil.com.br\/site\/raca-caracu\/"},"wordCount":1352,"commentCount":0,"publisher":{"@id":"https:\/\/queijosnobrasil.com.br\/site\/#organization"},"image":{"@id":"https:\/\/queijosnobrasil.com.br\/site\/raca-caracu\/#primaryimage"},"thumbnailUrl":"https:\/\/queijosnobrasil.com.br\/site\/wp-content\/uploads\/2023\/05\/tira_loja-300x38.png","keywords":["agricultura tropical","agropecu\u00e1ria nacional","bovinocultura brasileira","bovinos hist\u00f3ricos","bovinos r\u00fasticos","caracu mocho","cria\u00e7\u00e3o de gado no Brasil","cruzamento gen\u00e9tico bovino","fazendas brasileiras","gado caracu","gado de dupla aptid\u00e3o","gado europeu adaptado","gado leiteiro e de corte","gado r\u00fastico europeu","gen\u00e9tica bovina","hist\u00f3ria do gado no Brasil","melhoramento gen\u00e9tico animal","patrim\u00f4nio gen\u00e9tico bovino","pecu\u00e1ria tropical","produ\u00e7\u00e3o de leite e carne","ra\u00e7a caracu no mundo","ra\u00e7as bovinas brasileiras","ra\u00e7as taurinas","zootecnia brasileira"],"articleSection":["Tudo sobre Leite"],"inLanguage":"pt-BR","potentialAction":[{"@type":"CommentAction","name":"Comment","target":["https:\/\/queijosnobrasil.com.br\/site\/raca-caracu\/#respond"]}]},{"@type":"WebPage","@id":"https:\/\/queijosnobrasil.com.br\/site\/raca-caracu\/","url":"https:\/\/queijosnobrasil.com.br\/site\/raca-caracu\/","name":"Ra\u00e7a Caracu - Queijos no Brasil","isPartOf":{"@id":"https:\/\/queijosnobrasil.com.br\/site\/#website"},"primaryImageOfPage":{"@id":"https:\/\/queijosnobrasil.com.br\/site\/raca-caracu\/#primaryimage"},"image":{"@id":"https:\/\/queijosnobrasil.com.br\/site\/raca-caracu\/#primaryimage"},"thumbnailUrl":"https:\/\/queijosnobrasil.com.br\/site\/wp-content\/uploads\/2023\/05\/tira_loja-300x38.png","datePublished":"2022-12-20T16:46:06+00:00","dateModified":"2025-07-01T19:27:35+00:00","breadcrumb":{"@id":"https:\/\/queijosnobrasil.com.br\/site\/raca-caracu\/#breadcrumb"},"inLanguage":"pt-BR","potentialAction":[{"@type":"ReadAction","target":["https:\/\/queijosnobrasil.com.br\/site\/raca-caracu\/"]}]},{"@type":"ImageObject","inLanguage":"pt-BR","@id":"https:\/\/queijosnobrasil.com.br\/site\/raca-caracu\/#primaryimage","url":"https:\/\/queijosnobrasil.com.br\/site\/wp-content\/uploads\/2023\/05\/tira_loja.png","contentUrl":"https:\/\/queijosnobrasil.com.br\/site\/wp-content\/uploads\/2023\/05\/tira_loja.png","width":583,"height":74},{"@type":"BreadcrumbList","@id":"https:\/\/queijosnobrasil.com.br\/site\/raca-caracu\/#breadcrumb","itemListElement":[{"@type":"ListItem","position":1,"name":"In\u00edcio","item":"https:\/\/queijosnobrasil.com.br\/site\/"},{"@type":"ListItem","position":2,"name":"Ra\u00e7a Caracu"}]},{"@type":"WebSite","@id":"https:\/\/queijosnobrasil.com.br\/site\/#website","url":"https:\/\/queijosnobrasil.com.br\/site\/","name":"Queijos no Brasil","description":"Empresa voltada a difus\u00e3o de t\u00e9cnicas de fabrica\u00e7\u00e3o e com\u00e9rcio de ingredientes para produtos l\u00e1cteos : queijo (mussarela, Minas Frescal, coalho, ricota...), iogurte, coalhada, requeij\u00e3o, doce de leite e derivados l\u00e1ticos em geral.","publisher":{"@id":"https:\/\/queijosnobrasil.com.br\/site\/#organization"},"potentialAction":[{"@type":"SearchAction","target":{"@type":"EntryPoint","urlTemplate":"https:\/\/queijosnobrasil.com.br\/site\/?s={search_term_string}"},"query-input":{"@type":"PropertyValueSpecification","valueRequired":true,"valueName":"search_term_string"}}],"inLanguage":"pt-BR"},{"@type":"Organization","@id":"https:\/\/queijosnobrasil.com.br\/site\/#organization","name":"Queijos no Brasil","url":"https:\/\/queijosnobrasil.com.br\/site\/","logo":{"@type":"ImageObject","inLanguage":"pt-BR","@id":"https:\/\/queijosnobrasil.com.br\/site\/#\/schema\/logo\/image\/","url":"https:\/\/queijosnobrasil.com.br\/site\/wp-content\/uploads\/2025\/04\/logo-1.webp","contentUrl":"https:\/\/queijosnobrasil.com.br\/site\/wp-content\/uploads\/2025\/04\/logo-1.webp","width":288,"height":288,"caption":"Queijos no Brasil"},"image":{"@id":"https:\/\/queijosnobrasil.com.br\/site\/#\/schema\/logo\/image\/"},"sameAs":["https:\/\/www.youtube.com\/@queijosnobrasil1698"]},{"@type":"Person","@id":"https:\/\/queijosnobrasil.com.br\/site\/#\/schema\/person\/ffd948f2dd090403c987eb626885f72c","name":"Queijos no Brasil","image":{"@type":"ImageObject","inLanguage":"pt-BR","@id":"https:\/\/secure.gravatar.com\/avatar\/670b886dc6ab5c07aeb3effa3b8646ea730b765de2cd4c96f5dd2d6a6b9867d0?s=96&d=mm&r=g","url":"https:\/\/secure.gravatar.com\/avatar\/670b886dc6ab5c07aeb3effa3b8646ea730b765de2cd4c96f5dd2d6a6b9867d0?s=96&d=mm&r=g","contentUrl":"https:\/\/secure.gravatar.com\/avatar\/670b886dc6ab5c07aeb3effa3b8646ea730b765de2cd4c96f5dd2d6a6b9867d0?s=96&d=mm&r=g","caption":"Queijos no Brasil"},"url":"https:\/\/queijosnobrasil.com.br\/site\/author\/admin\/"}]}},"_links":{"self":[{"href":"https:\/\/queijosnobrasil.com.br\/site\/wp-json\/wp\/v2\/posts\/6591","targetHints":{"allow":["GET"]}}],"collection":[{"href":"https:\/\/queijosnobrasil.com.br\/site\/wp-json\/wp\/v2\/posts"}],"about":[{"href":"https:\/\/queijosnobrasil.com.br\/site\/wp-json\/wp\/v2\/types\/post"}],"author":[{"embeddable":true,"href":"https:\/\/queijosnobrasil.com.br\/site\/wp-json\/wp\/v2\/users\/1"}],"replies":[{"embeddable":true,"href":"https:\/\/queijosnobrasil.com.br\/site\/wp-json\/wp\/v2\/comments?post=6591"}],"version-history":[{"count":4,"href":"https:\/\/queijosnobrasil.com.br\/site\/wp-json\/wp\/v2\/posts\/6591\/revisions"}],"predecessor-version":[{"id":9450,"href":"https:\/\/queijosnobrasil.com.br\/site\/wp-json\/wp\/v2\/posts\/6591\/revisions\/9450"}],"wp:attachment":[{"href":"https:\/\/queijosnobrasil.com.br\/site\/wp-json\/wp\/v2\/media?parent=6591"}],"wp:term":[{"taxonomy":"category","embeddable":true,"href":"https:\/\/queijosnobrasil.com.br\/site\/wp-json\/wp\/v2\/categories?post=6591"},{"taxonomy":"post_tag","embeddable":true,"href":"https:\/\/queijosnobrasil.com.br\/site\/wp-json\/wp\/v2\/tags?post=6591"}],"curies":[{"name":"wp","href":"https:\/\/api.w.org\/{rel}","templated":true}]}}