{"id":6553,"date":"2022-12-20T13:13:05","date_gmt":"2022-12-20T16:13:05","guid":{"rendered":"https:\/\/queijosnobrasil.com.br\/site\/?p=6553"},"modified":"2023-09-16T10:13:36","modified_gmt":"2023-09-16T13:13:36","slug":"requeijao-culinario-sem-lactose","status":"publish","type":"post","link":"https:\/\/queijosnobrasil.com.br\/site\/requeijao-culinario-sem-lactose\/","title":{"rendered":"Requeij\u00e3o Culin\u00e1rio Sem Lactose"},"content":{"rendered":"\r\n<p><span style=\"font-family: verdana, geneva, sans-serif;\">Requeij\u00e3o Bisnaga Fromelle Sem Lactose \u00e9 elaborado a partir do mais puro leite de elevada qualidade e coletado num raio m\u00e1ximo de 15 quil\u00f4metros o que lhe garante uma qualidade microbiol\u00f3gica por excel\u00eancia. Este aspecto garante um produto artesanal em todos seus aspectos t\u00edpicos com um resultado de sabor iniqual\u00e1vel.\u00a0<\/span><\/p>\r\n<p><span style=\"font-family: verdana, geneva, sans-serif;\">\r\n\r\n<\/span><\/p>\r\n<p><span style=\"font-family: verdana, geneva, sans-serif;\"><strong>N\u00c3O \u00c9 ELABORADO COM COALHOS<\/strong>, isto quer dizer que o Requeij\u00e3o Fromelle Sem Lactose \u00e9 tamb\u00e9m classificado como um\u00a0<strong>PRODUTO LACTOVEGETARIANO.\u00a0<\/strong><\/span><\/p>\r\n<p><span style=\"font-family: verdana, geneva, sans-serif;\">\r\n\r\n<\/span><\/p>\r\n<p><span style=\"font-family: verdana, geneva, sans-serif;\">O Requeij\u00e3o Bisnaga Fromelle Sem Lactose, \u00e9 o 1\u00ba Requeij\u00e3o Sem Lactose do Brasil, onde aliamos a tradi\u00e7\u00e3o mineira em fazer requeij\u00f5es com o atributo de poder ser consumido por pessoas intolerantes a lactose (a\u00e7\u00facar do leite).<\/span><\/p>\r\n<p><span style=\"font-family: verdana, geneva, sans-serif;\">\r\n\r\n<\/span><\/p>\r\n<p><span style=\"font-family: verdana, geneva, sans-serif;\">O sabor \u00e9 maravilhosamente delicado, sem interfer\u00eancias de aditivos qu\u00edmicos como por exemplo conservantes.\u00a0O Requeij\u00e3o Bisnaga Fromelle Sem Lactose \u00e9 ofertado ao mercado consumidor pronto para consumo e deve ser conservado sob refrigera\u00e7\u00e3o.<\/span><\/p>\r\n<p><span style=\"font-family: verdana, geneva, sans-serif;\">\r\n\r\n<\/span><\/p>\r\n<p><span style=\"font-family: verdana, geneva, sans-serif;\">Este produto n\u00e3o cont\u00e9m conservantes, aromas, corantes, gordura vegetal, amidos.\u00a0<\/span><\/p>\r\n<p><span style=\"font-family: verdana, geneva, sans-serif;\">\r\n\r\n<\/span><\/p>\r\n<p><span style=\"font-family: verdana, geneva, sans-serif;\">INGREDIENTES:<\/span><\/p>\r\n<p><span style=\"font-family: verdana, geneva, sans-serif;\">\r\n\r\n<\/span><\/p>\r\n<p><span style=\"font-family: verdana, geneva, sans-serif;\">Leite Pasteurizado Desnatado, Creme de Leite Pasteurizado, Fermento L\u00e1cteo, Sal (Cloreto de S\u00f3dio), Estabilizante (Polifosfato de S\u00f3dio) e Enzima Lactase.\u00a0N\u00c3O CONT\u00c9M GL\u00daTEN.<\/span><\/p>\r\n<p><span style=\"font-family: verdana, geneva, sans-serif;\">\r\n\r\n<\/span><\/p>\r\n<p><span style=\"font-family: verdana, geneva, sans-serif;\">CONSERVA\u00c7\u00c3O:<\/span><\/p>\r\n<p><span style=\"font-family: verdana, geneva, sans-serif;\">\r\n\r\n<\/span><\/p>\r\n<p><span style=\"font-family: verdana, geneva, sans-serif;\">Mantenha resfriado de 2 \u00e0 8\u00b0C.<\/span><\/p>\r\n<p><span style=\"font-family: verdana, geneva, sans-serif;\">\r\n\r\n<\/span><\/p>\r\n<p><span style=\"font-family: verdana, geneva, sans-serif;\">Ap\u00f3s aberto, consumir em at\u00e9 10 dias.<\/span><\/p>\r\n<p><span style=\"font-family: verdana, geneva, sans-serif;\">\r\n\r\n<\/span><\/p>\r\n<p><span style=\"font-family: verdana, geneva, sans-serif;\">QUANTIDADE:<\/span><\/p>\r\n<p><span style=\"font-family: verdana, geneva, sans-serif;\">\r\n\r\n<\/span><\/p>\r\n<p><span style=\"font-family: verdana, geneva, sans-serif;\">Bisnaga com peso de l\u00edquido de\u00a0<strong>1800 gramas<\/strong>.<\/span><\/p>\r\n<p><span style=\"font-family: verdana, geneva, sans-serif;\">\r\n\r\n<\/span><\/p>\r\n<figure class=\"wp-block-table\">\r\n<table>\r\n<tbody>\r\n<tr>\r\n<th><span style=\"font-family: verdana, geneva, sans-serif;\">INFORMA\u00c7\u00c3O NUTRICIONAL &#8211; Por\u00e7\u00e3o de 30g<\/span><\/th>\r\n<th><span style=\"font-family: verdana, geneva, sans-serif;\">Sem Lactose<\/span><\/th>\r\n<th><span style=\"font-family: verdana, geneva, sans-serif;\">%VD(*))<\/span><\/th>\r\n<\/tr>\r\n<tr>\r\n<th><span style=\"font-family: verdana, geneva, sans-serif;\">Valor energ\u00e9tico<\/span><\/th>\r\n<td><span style=\"font-family: verdana, geneva, sans-serif;\">105kcal = 441kJ<\/span><\/td>\r\n<td><span style=\"font-family: verdana, geneva, sans-serif;\">5<\/span><\/td>\r\n<\/tr>\r\n<tr>\r\n<th><span style=\"font-family: verdana, geneva, sans-serif;\">Prote\u00ednas<\/span><\/th>\r\n<td><span style=\"font-family: verdana, geneva, sans-serif;\">8,0g<\/span><\/td>\r\n<td><span style=\"font-family: verdana, geneva, sans-serif;\">11<\/span><\/td>\r\n<\/tr>\r\n<tr>\r\n<th><span style=\"font-family: verdana, geneva, sans-serif;\">Gorduras totais<\/span><\/th>\r\n<td><span style=\"font-family: verdana, geneva, sans-serif;\">8,1g<\/span><\/td>\r\n<td><span style=\"font-family: verdana, geneva, sans-serif;\">15<\/span><\/td>\r\n<\/tr>\r\n<tr>\r\n<th><span style=\"font-family: verdana, geneva, sans-serif;\">Gorduras saturadas<\/span><\/th>\r\n<td><span style=\"font-family: verdana, geneva, sans-serif;\">5,8g<\/span><\/td>\r\n<td><span style=\"font-family: verdana, geneva, sans-serif;\">26<\/span><\/td>\r\n<\/tr>\r\n<tr>\r\n<th><span style=\"font-family: verdana, geneva, sans-serif;\">Gorduras trans<\/span><\/th>\r\n<td><span style=\"font-family: verdana, geneva, sans-serif;\">0<\/span><\/td>\r\n<td><span style=\"font-family: verdana, geneva, sans-serif;\">&#8211;<\/span><\/td>\r\n<\/tr>\r\n<tr>\r\n<th><span style=\"font-family: verdana, geneva, sans-serif;\">Fibra alimentar<\/span><\/th>\r\n<td><span style=\"font-family: verdana, geneva, sans-serif;\">0<\/span><\/td>\r\n<td><span style=\"font-family: verdana, geneva, sans-serif;\">0<\/span><\/td>\r\n<\/tr>\r\n<tr>\r\n<th><span style=\"font-family: verdana, geneva, sans-serif;\">S\u00f3dio<\/span><\/th>\r\n<td><span style=\"font-family: verdana, geneva, sans-serif;\">140mg<\/span><\/td>\r\n<td><span style=\"font-family: verdana, geneva, sans-serif;\">6<\/span><\/td>\r\n<\/tr>\r\n<tr>\r\n<th><span style=\"font-family: verdana, geneva, sans-serif;\">C\u00e1lcio<\/span><\/th>\r\n<td><span style=\"font-family: verdana, geneva, sans-serif;\">180mg<\/span><\/td>\r\n<td><span style=\"font-family: verdana, geneva, sans-serif;\">18<\/span><\/td>\r\n<\/tr>\r\n<tr>\r\n<th><span style=\"font-family: verdana, geneva, sans-serif;\">Carboidratos: (lactose)<\/span><\/th>\r\n<td><span style=\"font-family: verdana, geneva, sans-serif;\">0<\/span><\/td>\r\n<td><span style=\"font-family: verdana, geneva, sans-serif;\">0<\/span><\/td>\r\n<\/tr>\r\n<\/tbody>\r\n<\/table>\r\n<\/figure>\r\n<p><span style=\"font-family: verdana, geneva, sans-serif;\">\r\n\r\n<\/span><\/p>\r\n<p><span style=\"font-family: verdana, geneva, sans-serif;\">* % Valores di\u00e1rios de refer\u00eancia com base em uma dieta de 2000 Kcal ou 8400 kJ.\u00a0Seus valores di\u00e1rios podem ser maiores ou menores dependendo de suas necessidades\u00a0energ\u00e9ticas.<\/span><\/p>\r\n<p><span style=\"font-family: verdana, geneva, sans-serif;\">\r\n\r\n<\/span><\/p>\r\n<p><span style=\"font-family: verdana, geneva, sans-serif;\">Informa\u00e7\u00f5es sobre representantes nos envie um e-mail: sac@queijosnobrasil.com.br\u00a0<\/span><\/p>\r\n","protected":false},"excerpt":{"rendered":"<p>Requeij\u00e3o Bisnaga Fromelle Sem Lactose \u00e9 elaborado a partir do mais puro leite de elevada qualidade e coletado num raio m\u00e1ximo de 15 quil\u00f4metros o que lhe garante uma qualidade microbiol\u00f3gica por excel\u00eancia. Este aspecto garante um produto artesanal em todos seus aspectos t\u00edpicos com um resultado de sabor iniqual\u00e1vel.\u00a0 N\u00c3O \u00c9 ELABORADO COM COALHOS, [&hellip;]<\/p>\n","protected":false},"author":1,"featured_media":0,"comment_status":"open","ping_status":"open","sticky":false,"template":"","format":"standard","meta":{"footnotes":""},"categories":[214],"tags":[225,226,227,228],"class_list":["post-6553","post","type-post","status-publish","format-standard","hentry","category-tudo-sobre-queijo","tag-requeijao","tag-requeijao-culinario","tag-requeijao-gourmet","tag-requeijao-sem-lactose"],"yoast_head":"<!-- This site is optimized with the Yoast SEO plugin v27.2 - https:\/\/yoast.com\/product\/yoast-seo-wordpress\/ -->\n<title>Requeij\u00e3o Culin\u00e1rio Sem Lactose - Queijos no Brasil<\/title>\n<meta name=\"robots\" content=\"index, follow, max-snippet:-1, max-image-preview:large, max-video-preview:-1\" \/>\n<link rel=\"canonical\" href=\"https:\/\/queijosnobrasil.com.br\/site\/requeijao-culinario-sem-lactose\/\" \/>\n<meta property=\"og:locale\" content=\"pt_BR\" \/>\n<meta property=\"og:type\" content=\"article\" \/>\n<meta property=\"og:title\" content=\"Requeij\u00e3o Culin\u00e1rio Sem Lactose - Queijos no Brasil\" \/>\n<meta property=\"og:description\" content=\"Requeij\u00e3o Bisnaga Fromelle Sem Lactose \u00e9 elaborado a partir do mais puro leite de elevada qualidade e coletado num raio m\u00e1ximo de 15 quil\u00f4metros o que lhe garante uma qualidade microbiol\u00f3gica por excel\u00eancia. Este aspecto garante um produto artesanal em todos seus aspectos t\u00edpicos com um resultado de sabor iniqual\u00e1vel.\u00a0 N\u00c3O \u00c9 ELABORADO COM COALHOS, [&hellip;]\" \/>\n<meta property=\"og:url\" content=\"https:\/\/queijosnobrasil.com.br\/site\/requeijao-culinario-sem-lactose\/\" \/>\n<meta property=\"og:site_name\" content=\"Queijos no Brasil\" \/>\n<meta property=\"article:published_time\" content=\"2022-12-20T16:13:05+00:00\" \/>\n<meta property=\"article:modified_time\" content=\"2023-09-16T13:13:36+00:00\" \/>\n<meta name=\"author\" content=\"Queijos no Brasil\" \/>\n<meta name=\"twitter:card\" content=\"summary_large_image\" \/>\n<meta name=\"twitter:label1\" content=\"Escrito por\" \/>\n\t<meta name=\"twitter:data1\" content=\"Queijos no Brasil\" \/>\n\t<meta name=\"twitter:label2\" content=\"Est. tempo de leitura\" \/>\n\t<meta name=\"twitter:data2\" content=\"1 minuto\" \/>\n<script type=\"application\/ld+json\" class=\"yoast-schema-graph\">{\"@context\":\"https:\/\/schema.org\",\"@graph\":[{\"@type\":\"Article\",\"@id\":\"https:\/\/queijosnobrasil.com.br\/site\/requeijao-culinario-sem-lactose\/#article\",\"isPartOf\":{\"@id\":\"https:\/\/queijosnobrasil.com.br\/site\/requeijao-culinario-sem-lactose\/\"},\"author\":{\"name\":\"Queijos no Brasil\",\"@id\":\"https:\/\/queijosnobrasil.com.br\/site\/#\/schema\/person\/ffd948f2dd090403c987eb626885f72c\"},\"headline\":\"Requeij\u00e3o Culin\u00e1rio Sem Lactose\",\"datePublished\":\"2022-12-20T16:13:05+00:00\",\"dateModified\":\"2023-09-16T13:13:36+00:00\",\"mainEntityOfPage\":{\"@id\":\"https:\/\/queijosnobrasil.com.br\/site\/requeijao-culinario-sem-lactose\/\"},\"wordCount\":303,\"commentCount\":0,\"publisher\":{\"@id\":\"https:\/\/queijosnobrasil.com.br\/site\/#organization\"},\"keywords\":[\"requeij\u00e3o\",\"requeij\u00e3o culin\u00e1rio\",\"requeij\u00e3o gourmet\",\"requeij\u00e3o sem lactose\"],\"articleSection\":[\"Tudo sobre Queijo\"],\"inLanguage\":\"pt-BR\",\"potentialAction\":[{\"@type\":\"CommentAction\",\"name\":\"Comment\",\"target\":[\"https:\/\/queijosnobrasil.com.br\/site\/requeijao-culinario-sem-lactose\/#respond\"]}]},{\"@type\":\"WebPage\",\"@id\":\"https:\/\/queijosnobrasil.com.br\/site\/requeijao-culinario-sem-lactose\/\",\"url\":\"https:\/\/queijosnobrasil.com.br\/site\/requeijao-culinario-sem-lactose\/\",\"name\":\"Requeij\u00e3o Culin\u00e1rio Sem Lactose - Queijos no Brasil\",\"isPartOf\":{\"@id\":\"https:\/\/queijosnobrasil.com.br\/site\/#website\"},\"datePublished\":\"2022-12-20T16:13:05+00:00\",\"dateModified\":\"2023-09-16T13:13:36+00:00\",\"breadcrumb\":{\"@id\":\"https:\/\/queijosnobrasil.com.br\/site\/requeijao-culinario-sem-lactose\/#breadcrumb\"},\"inLanguage\":\"pt-BR\",\"potentialAction\":[{\"@type\":\"ReadAction\",\"target\":[\"https:\/\/queijosnobrasil.com.br\/site\/requeijao-culinario-sem-lactose\/\"]}]},{\"@type\":\"BreadcrumbList\",\"@id\":\"https:\/\/queijosnobrasil.com.br\/site\/requeijao-culinario-sem-lactose\/#breadcrumb\",\"itemListElement\":[{\"@type\":\"ListItem\",\"position\":1,\"name\":\"In\u00edcio\",\"item\":\"https:\/\/queijosnobrasil.com.br\/site\/\"},{\"@type\":\"ListItem\",\"position\":2,\"name\":\"Requeij\u00e3o Culin\u00e1rio Sem Lactose\"}]},{\"@type\":\"WebSite\",\"@id\":\"https:\/\/queijosnobrasil.com.br\/site\/#website\",\"url\":\"https:\/\/queijosnobrasil.com.br\/site\/\",\"name\":\"Queijos no Brasil\",\"description\":\"Empresa voltada a difus\u00e3o de t\u00e9cnicas de fabrica\u00e7\u00e3o e com\u00e9rcio de ingredientes para produtos l\u00e1cteos : queijo (mussarela, Minas Frescal, coalho, ricota...), iogurte, coalhada, requeij\u00e3o, doce de leite e derivados l\u00e1ticos em geral.\",\"publisher\":{\"@id\":\"https:\/\/queijosnobrasil.com.br\/site\/#organization\"},\"potentialAction\":[{\"@type\":\"SearchAction\",\"target\":{\"@type\":\"EntryPoint\",\"urlTemplate\":\"https:\/\/queijosnobrasil.com.br\/site\/?s={search_term_string}\"},\"query-input\":{\"@type\":\"PropertyValueSpecification\",\"valueRequired\":true,\"valueName\":\"search_term_string\"}}],\"inLanguage\":\"pt-BR\"},{\"@type\":\"Organization\",\"@id\":\"https:\/\/queijosnobrasil.com.br\/site\/#organization\",\"name\":\"Queijos no Brasil\",\"url\":\"https:\/\/queijosnobrasil.com.br\/site\/\",\"logo\":{\"@type\":\"ImageObject\",\"inLanguage\":\"pt-BR\",\"@id\":\"https:\/\/queijosnobrasil.com.br\/site\/#\/schema\/logo\/image\/\",\"url\":\"https:\/\/queijosnobrasil.com.br\/site\/wp-content\/uploads\/2025\/04\/logo-1.webp\",\"contentUrl\":\"https:\/\/queijosnobrasil.com.br\/site\/wp-content\/uploads\/2025\/04\/logo-1.webp\",\"width\":288,\"height\":288,\"caption\":\"Queijos no Brasil\"},\"image\":{\"@id\":\"https:\/\/queijosnobrasil.com.br\/site\/#\/schema\/logo\/image\/\"},\"sameAs\":[\"https:\/\/www.youtube.com\/@queijosnobrasil1698\"]},{\"@type\":\"Person\",\"@id\":\"https:\/\/queijosnobrasil.com.br\/site\/#\/schema\/person\/ffd948f2dd090403c987eb626885f72c\",\"name\":\"Queijos no Brasil\",\"image\":{\"@type\":\"ImageObject\",\"inLanguage\":\"pt-BR\",\"@id\":\"https:\/\/secure.gravatar.com\/avatar\/670b886dc6ab5c07aeb3effa3b8646ea730b765de2cd4c96f5dd2d6a6b9867d0?s=96&d=mm&r=g\",\"url\":\"https:\/\/secure.gravatar.com\/avatar\/670b886dc6ab5c07aeb3effa3b8646ea730b765de2cd4c96f5dd2d6a6b9867d0?s=96&d=mm&r=g\",\"contentUrl\":\"https:\/\/secure.gravatar.com\/avatar\/670b886dc6ab5c07aeb3effa3b8646ea730b765de2cd4c96f5dd2d6a6b9867d0?s=96&d=mm&r=g\",\"caption\":\"Queijos no Brasil\"},\"url\":\"https:\/\/queijosnobrasil.com.br\/site\/author\/admin\/\"}]}<\/script>\n<!-- \/ Yoast SEO plugin. -->","yoast_head_json":{"title":"Requeij\u00e3o Culin\u00e1rio Sem Lactose - Queijos no Brasil","robots":{"index":"index","follow":"follow","max-snippet":"max-snippet:-1","max-image-preview":"max-image-preview:large","max-video-preview":"max-video-preview:-1"},"canonical":"https:\/\/queijosnobrasil.com.br\/site\/requeijao-culinario-sem-lactose\/","og_locale":"pt_BR","og_type":"article","og_title":"Requeij\u00e3o Culin\u00e1rio Sem Lactose - Queijos no Brasil","og_description":"Requeij\u00e3o Bisnaga Fromelle Sem Lactose \u00e9 elaborado a partir do mais puro leite de elevada qualidade e coletado num raio m\u00e1ximo de 15 quil\u00f4metros o que lhe garante uma qualidade microbiol\u00f3gica por excel\u00eancia. Este aspecto garante um produto artesanal em todos seus aspectos t\u00edpicos com um resultado de sabor iniqual\u00e1vel.\u00a0 N\u00c3O \u00c9 ELABORADO COM COALHOS, [&hellip;]","og_url":"https:\/\/queijosnobrasil.com.br\/site\/requeijao-culinario-sem-lactose\/","og_site_name":"Queijos no Brasil","article_published_time":"2022-12-20T16:13:05+00:00","article_modified_time":"2023-09-16T13:13:36+00:00","author":"Queijos no Brasil","twitter_card":"summary_large_image","twitter_misc":{"Escrito por":"Queijos no Brasil","Est. tempo de leitura":"1 minuto"},"schema":{"@context":"https:\/\/schema.org","@graph":[{"@type":"Article","@id":"https:\/\/queijosnobrasil.com.br\/site\/requeijao-culinario-sem-lactose\/#article","isPartOf":{"@id":"https:\/\/queijosnobrasil.com.br\/site\/requeijao-culinario-sem-lactose\/"},"author":{"name":"Queijos no Brasil","@id":"https:\/\/queijosnobrasil.com.br\/site\/#\/schema\/person\/ffd948f2dd090403c987eb626885f72c"},"headline":"Requeij\u00e3o Culin\u00e1rio Sem Lactose","datePublished":"2022-12-20T16:13:05+00:00","dateModified":"2023-09-16T13:13:36+00:00","mainEntityOfPage":{"@id":"https:\/\/queijosnobrasil.com.br\/site\/requeijao-culinario-sem-lactose\/"},"wordCount":303,"commentCount":0,"publisher":{"@id":"https:\/\/queijosnobrasil.com.br\/site\/#organization"},"keywords":["requeij\u00e3o","requeij\u00e3o culin\u00e1rio","requeij\u00e3o gourmet","requeij\u00e3o sem lactose"],"articleSection":["Tudo sobre Queijo"],"inLanguage":"pt-BR","potentialAction":[{"@type":"CommentAction","name":"Comment","target":["https:\/\/queijosnobrasil.com.br\/site\/requeijao-culinario-sem-lactose\/#respond"]}]},{"@type":"WebPage","@id":"https:\/\/queijosnobrasil.com.br\/site\/requeijao-culinario-sem-lactose\/","url":"https:\/\/queijosnobrasil.com.br\/site\/requeijao-culinario-sem-lactose\/","name":"Requeij\u00e3o Culin\u00e1rio Sem Lactose - Queijos no Brasil","isPartOf":{"@id":"https:\/\/queijosnobrasil.com.br\/site\/#website"},"datePublished":"2022-12-20T16:13:05+00:00","dateModified":"2023-09-16T13:13:36+00:00","breadcrumb":{"@id":"https:\/\/queijosnobrasil.com.br\/site\/requeijao-culinario-sem-lactose\/#breadcrumb"},"inLanguage":"pt-BR","potentialAction":[{"@type":"ReadAction","target":["https:\/\/queijosnobrasil.com.br\/site\/requeijao-culinario-sem-lactose\/"]}]},{"@type":"BreadcrumbList","@id":"https:\/\/queijosnobrasil.com.br\/site\/requeijao-culinario-sem-lactose\/#breadcrumb","itemListElement":[{"@type":"ListItem","position":1,"name":"In\u00edcio","item":"https:\/\/queijosnobrasil.com.br\/site\/"},{"@type":"ListItem","position":2,"name":"Requeij\u00e3o Culin\u00e1rio Sem Lactose"}]},{"@type":"WebSite","@id":"https:\/\/queijosnobrasil.com.br\/site\/#website","url":"https:\/\/queijosnobrasil.com.br\/site\/","name":"Queijos no Brasil","description":"Empresa voltada a difus\u00e3o de t\u00e9cnicas de fabrica\u00e7\u00e3o e com\u00e9rcio de ingredientes para produtos l\u00e1cteos : queijo (mussarela, Minas Frescal, coalho, ricota...), iogurte, coalhada, requeij\u00e3o, doce de leite e derivados l\u00e1ticos em geral.","publisher":{"@id":"https:\/\/queijosnobrasil.com.br\/site\/#organization"},"potentialAction":[{"@type":"SearchAction","target":{"@type":"EntryPoint","urlTemplate":"https:\/\/queijosnobrasil.com.br\/site\/?s={search_term_string}"},"query-input":{"@type":"PropertyValueSpecification","valueRequired":true,"valueName":"search_term_string"}}],"inLanguage":"pt-BR"},{"@type":"Organization","@id":"https:\/\/queijosnobrasil.com.br\/site\/#organization","name":"Queijos no Brasil","url":"https:\/\/queijosnobrasil.com.br\/site\/","logo":{"@type":"ImageObject","inLanguage":"pt-BR","@id":"https:\/\/queijosnobrasil.com.br\/site\/#\/schema\/logo\/image\/","url":"https:\/\/queijosnobrasil.com.br\/site\/wp-content\/uploads\/2025\/04\/logo-1.webp","contentUrl":"https:\/\/queijosnobrasil.com.br\/site\/wp-content\/uploads\/2025\/04\/logo-1.webp","width":288,"height":288,"caption":"Queijos no Brasil"},"image":{"@id":"https:\/\/queijosnobrasil.com.br\/site\/#\/schema\/logo\/image\/"},"sameAs":["https:\/\/www.youtube.com\/@queijosnobrasil1698"]},{"@type":"Person","@id":"https:\/\/queijosnobrasil.com.br\/site\/#\/schema\/person\/ffd948f2dd090403c987eb626885f72c","name":"Queijos no Brasil","image":{"@type":"ImageObject","inLanguage":"pt-BR","@id":"https:\/\/secure.gravatar.com\/avatar\/670b886dc6ab5c07aeb3effa3b8646ea730b765de2cd4c96f5dd2d6a6b9867d0?s=96&d=mm&r=g","url":"https:\/\/secure.gravatar.com\/avatar\/670b886dc6ab5c07aeb3effa3b8646ea730b765de2cd4c96f5dd2d6a6b9867d0?s=96&d=mm&r=g","contentUrl":"https:\/\/secure.gravatar.com\/avatar\/670b886dc6ab5c07aeb3effa3b8646ea730b765de2cd4c96f5dd2d6a6b9867d0?s=96&d=mm&r=g","caption":"Queijos no Brasil"},"url":"https:\/\/queijosnobrasil.com.br\/site\/author\/admin\/"}]}},"_links":{"self":[{"href":"https:\/\/queijosnobrasil.com.br\/site\/wp-json\/wp\/v2\/posts\/6553","targetHints":{"allow":["GET"]}}],"collection":[{"href":"https:\/\/queijosnobrasil.com.br\/site\/wp-json\/wp\/v2\/posts"}],"about":[{"href":"https:\/\/queijosnobrasil.com.br\/site\/wp-json\/wp\/v2\/types\/post"}],"author":[{"embeddable":true,"href":"https:\/\/queijosnobrasil.com.br\/site\/wp-json\/wp\/v2\/users\/1"}],"replies":[{"embeddable":true,"href":"https:\/\/queijosnobrasil.com.br\/site\/wp-json\/wp\/v2\/comments?post=6553"}],"version-history":[{"count":3,"href":"https:\/\/queijosnobrasil.com.br\/site\/wp-json\/wp\/v2\/posts\/6553\/revisions"}],"predecessor-version":[{"id":8146,"href":"https:\/\/queijosnobrasil.com.br\/site\/wp-json\/wp\/v2\/posts\/6553\/revisions\/8146"}],"wp:attachment":[{"href":"https:\/\/queijosnobrasil.com.br\/site\/wp-json\/wp\/v2\/media?parent=6553"}],"wp:term":[{"taxonomy":"category","embeddable":true,"href":"https:\/\/queijosnobrasil.com.br\/site\/wp-json\/wp\/v2\/categories?post=6553"},{"taxonomy":"post_tag","embeddable":true,"href":"https:\/\/queijosnobrasil.com.br\/site\/wp-json\/wp\/v2\/tags?post=6553"}],"curies":[{"name":"wp","href":"https:\/\/api.w.org\/{rel}","templated":true}]}}