{"id":6549,"date":"2022-12-20T13:10:17","date_gmt":"2022-12-20T16:10:17","guid":{"rendered":"https:\/\/queijosnobrasil.com.br\/site\/?p=6549"},"modified":"2023-05-16T17:20:03","modified_gmt":"2023-05-16T20:20:03","slug":"o-caminho-da-luz","status":"publish","type":"post","link":"https:\/\/queijosnobrasil.com.br\/site\/o-caminho-da-luz\/","title":{"rendered":"O Caminho da Luz"},"content":{"rendered":"\r\n<p><img decoding=\"async\" class=\"alignnone size-full wp-image-7742\" src=\"https:\/\/queijosnobrasil.com.br\/site\/wp-content\/uploads\/2022\/12\/caminho.jpg\" alt=\"\" width=\"104\" height=\"104\" \/><br \/>Imagine reunir a pureza da cultura do povo mineiro,\u00a0um mineiro do interior\u00a0ainda intocado pela alta tecnologia e o tudo que o mundo moderno possa oferecer. Somado a esta riqueza cultural, acrescente uma natureza maravilhosa, singular, formosa, m\u00e1gica e forte. Acrescente ainda a religiosidade t\u00e3o arraigada nesta atmosfera tel\u00farica deste caminho, aqui reconhecidamente denominado de o Caminho da Luz, o Caminho do Brasil.<\/p>\r\n\r\n\r\n\r\n<p>O Caminho da Luz \u00e9 um caminho de peregrina\u00e7\u00e3o onde se misturam a religiosidade, a natureza, o esporte, a cultura e o encontro que o caminhante (peregrino) possa ter consigo e as descobertas a cada passo.<\/p>\r\n\r\n\r\n\r\n<p>O Caminho da Luz est\u00e1 localizado na Zona da Mata Mineira, fazendo divisa como o noroeste do estado do Rio de Janeiro e o sul do Espir\u00edto Santo, numa regi\u00e3o montanhosa da serra do Capara\u00f3 e da Caiana, com altitudes que variam\u00a0 entre 238 m (no in\u00edcio do Caminho) e 2890 m no Pico da Bandeira (final), considerado o terceiro ponto mais elevado do Brasil.\u00a0<\/p>\r\n\r\n\r\n\r\n<p>Existem ind\u00edcios de que, no s\u00e9culo XVIII, aventureiros, religiosos e exploradores j\u00e1 faziam a travessia da rota em busca dos min\u00e9rios, da ca\u00e7a abundante, das \u00e1guas cristalinas, que nascem ao longo do percurso e de terras para instalarem-se, o que passou a acontecer no s\u00e9culo seguinte. A mesma rota era utilizada pelos \u00edndios na procura da Terra Sem Males, em dire\u00e7\u00e3o a Montanha Sagrada do Brasil (Pico da Bandeira).<\/p>\r\n\r\n\r\n\r\n<p><img fetchpriority=\"high\" decoding=\"async\" class=\"alignnone size-full wp-image-7741\" src=\"https:\/\/queijosnobrasil.com.br\/site\/wp-content\/uploads\/2022\/12\/cam2.bmp\" alt=\"\" width=\"400\" height=\"300\" \/><br \/>O Caminho da Luz, conduz o peregrino por oito munic\u00edpios e oferece generosamente um pouco da hist\u00f3ria da \u00e9poca do Brasil imperial e da antiga ferrovia que ligava os povos dos tr\u00eas estados. Fazendas seculares, fragmentos significativos da Mata Atl\u00e2ntica, reservas ecol\u00f3gicas, cria\u00e7\u00f5es de animais silvestres, gado, cavalos, planta\u00e7\u00f5es de caf\u00e9, variedade de p\u00e1ssaros, cachoeiras, s\u00edtios arqueol\u00f3gicos e paisagem deslumbrantes fazem do trajeto um eixo de for\u00e7as tel\u00faricas que, como um im\u00e3 atrai visitantes, provocando-lhes o sentimento de introspec\u00e7\u00e3o e contempla\u00e7\u00e3o<\/p>\r\n\r\n\r\n\r\n<p>Durante todo o percurso do Caminho da Luz, fragmentos de mica e cristais emergem do solo, proporcionando-lhe um brilho especial e o caminhante mergulha na emo\u00e7\u00e3o de um retorno a um tempo em que ali viajavam tropeiros, religiosos e aventureiros que se embreavam pelas matas da regi\u00e3o em busca de riquezas.<\/p>\r\n\r\n\r\n\r\n<p><img decoding=\"async\" class=\"alignnone size-full wp-image-7740\" src=\"https:\/\/queijosnobrasil.com.br\/site\/wp-content\/uploads\/2022\/12\/mapa5.jpg\" alt=\"\" width=\"375\" height=\"300\" srcset=\"https:\/\/queijosnobrasil.com.br\/site\/wp-content\/uploads\/2022\/12\/mapa5.jpg 375w, https:\/\/queijosnobrasil.com.br\/site\/wp-content\/uploads\/2022\/12\/mapa5-300x240.jpg 300w\" sizes=\"(max-width: 375px) 100vw, 375px\" \/><br \/>O percurso possui um extens\u00e3o de 195 km, normalmente percorrido em 7 dias a p\u00e9 e 3 a 4 dias de bicicleta ou a cavalo; \u00e9 m\u00e1gico pelas in\u00fameras belezas naturais de que disp\u00f5e, mas tamb\u00e9m pela fraternidade do povo da regi\u00e3o, que passou a respeitar o Caminho e\u00a0orgulha-se de fazer parte desta rota que \u00e9 considerada por muitos como a Compostela Brasileira. O Caminho \u00e9 m\u00edstico pela for\u00e7a energ\u00e9tica que possuem o Santu\u00e1rio da Pedra Santa, a \u00c1gua Santa, a cordilheira da Montanha Sagrada do Caparar\u00f3, as \u00e1guas do Cafarnaum, a Pedra Dourada, a Cachoeira de Tombos, as Serras de Caiana e dos Cristais e os jardins floridos de Espera Feliz. O Caminho tamb\u00e9m \u00e9 m\u00e1gico pela preserva\u00e7\u00e3o de suas fazendas seculares e pelo espir\u00edto de solidariedade de seus povoados e munic\u00edpios.<\/p>\r\n\r\n\r\n\r\n<p><img loading=\"lazy\" decoding=\"async\" class=\"alignnone size-full wp-image-7739\" src=\"https:\/\/queijosnobrasil.com.br\/site\/wp-content\/uploads\/2022\/12\/caminhodaluz10.jpg\" alt=\"\" width=\"375\" height=\"300\" srcset=\"https:\/\/queijosnobrasil.com.br\/site\/wp-content\/uploads\/2022\/12\/caminhodaluz10.jpg 375w, https:\/\/queijosnobrasil.com.br\/site\/wp-content\/uploads\/2022\/12\/caminhodaluz10-300x240.jpg 300w\" sizes=\"(max-width: 375px) 100vw, 375px\" \/><br \/>Finalmente o Caminho leva \u00e0 introspec\u00e7\u00e3o, que nos conduz a um maior conhecimento de n\u00f3s mesmos, de nossos defeitos e virtudes, da nossa pequenenez diante do Criador\u00a0al\u00e9m da certeza de que, quanto mais caminhamos em dire\u00e7\u00e3o \u00e0 luz, mais nos aproximamos de Deus. Esse \u00e9 o Caminho da Luz, o Caminho do Brasil, que pode ser percorrido\u00a0em qualquer \u00e9poca do ano.\u00a0\u00a0<\/p>\r\n","protected":false},"excerpt":{"rendered":"<p>Imagine reunir a pureza da cultura do povo mineiro,\u00a0um mineiro do interior\u00a0ainda intocado pela alta tecnologia e o tudo que o mundo moderno possa oferecer. Somado a esta riqueza cultural, acrescente uma natureza maravilhosa, singular, formosa, m\u00e1gica e forte. Acrescente ainda a religiosidade t\u00e3o arraigada nesta atmosfera tel\u00farica deste caminho, aqui reconhecidamente denominado de o [&hellip;]<\/p>\n","protected":false},"author":1,"featured_media":0,"comment_status":"open","ping_status":"open","sticky":false,"template":"","format":"standard","meta":{"footnotes":""},"categories":[214],"tags":[],"class_list":["post-6549","post","type-post","status-publish","format-standard","hentry","category-tudo-sobre-queijo"],"yoast_head":"<!-- This site is optimized with the Yoast SEO plugin v27.2 - https:\/\/yoast.com\/product\/yoast-seo-wordpress\/ -->\n<title>O Caminho da Luz - Queijos no Brasil<\/title>\n<meta name=\"robots\" content=\"index, follow, max-snippet:-1, max-image-preview:large, max-video-preview:-1\" \/>\n<link rel=\"canonical\" href=\"https:\/\/queijosnobrasil.com.br\/site\/o-caminho-da-luz\/\" \/>\n<meta property=\"og:locale\" content=\"pt_BR\" \/>\n<meta property=\"og:type\" content=\"article\" \/>\n<meta property=\"og:title\" content=\"O Caminho da Luz - Queijos no Brasil\" \/>\n<meta property=\"og:description\" content=\"Imagine reunir a pureza da cultura do povo mineiro,\u00a0um mineiro do interior\u00a0ainda intocado pela alta tecnologia e o tudo que o mundo moderno possa oferecer. Somado a esta riqueza cultural, acrescente uma natureza maravilhosa, singular, formosa, m\u00e1gica e forte. Acrescente ainda a religiosidade t\u00e3o arraigada nesta atmosfera tel\u00farica deste caminho, aqui reconhecidamente denominado de o [&hellip;]\" \/>\n<meta property=\"og:url\" content=\"https:\/\/queijosnobrasil.com.br\/site\/o-caminho-da-luz\/\" \/>\n<meta property=\"og:site_name\" content=\"Queijos no Brasil\" \/>\n<meta property=\"article:published_time\" content=\"2022-12-20T16:10:17+00:00\" \/>\n<meta property=\"article:modified_time\" content=\"2023-05-16T20:20:03+00:00\" \/>\n<meta property=\"og:image\" content=\"https:\/\/queijosnobrasil.com.br\/site\/wp-content\/uploads\/2022\/12\/caminho.jpg\" \/>\n\t<meta property=\"og:image:width\" content=\"104\" \/>\n\t<meta property=\"og:image:height\" content=\"104\" \/>\n\t<meta property=\"og:image:type\" content=\"image\/jpeg\" \/>\n<meta name=\"author\" content=\"Queijos no Brasil\" \/>\n<meta name=\"twitter:card\" content=\"summary_large_image\" \/>\n<meta name=\"twitter:label1\" content=\"Escrito por\" \/>\n\t<meta name=\"twitter:data1\" content=\"Queijos no Brasil\" \/>\n\t<meta name=\"twitter:label2\" content=\"Est. tempo de leitura\" \/>\n\t<meta name=\"twitter:data2\" content=\"3 minutos\" \/>\n<script type=\"application\/ld+json\" class=\"yoast-schema-graph\">{\"@context\":\"https:\/\/schema.org\",\"@graph\":[{\"@type\":\"Article\",\"@id\":\"https:\/\/queijosnobrasil.com.br\/site\/o-caminho-da-luz\/#article\",\"isPartOf\":{\"@id\":\"https:\/\/queijosnobrasil.com.br\/site\/o-caminho-da-luz\/\"},\"author\":{\"name\":\"Queijos no Brasil\",\"@id\":\"https:\/\/queijosnobrasil.com.br\/site\/#\/schema\/person\/ffd948f2dd090403c987eb626885f72c\"},\"headline\":\"O Caminho da Luz\",\"datePublished\":\"2022-12-20T16:10:17+00:00\",\"dateModified\":\"2023-05-16T20:20:03+00:00\",\"mainEntityOfPage\":{\"@id\":\"https:\/\/queijosnobrasil.com.br\/site\/o-caminho-da-luz\/\"},\"wordCount\":601,\"commentCount\":0,\"publisher\":{\"@id\":\"https:\/\/queijosnobrasil.com.br\/site\/#organization\"},\"image\":{\"@id\":\"https:\/\/queijosnobrasil.com.br\/site\/o-caminho-da-luz\/#primaryimage\"},\"thumbnailUrl\":\"https:\/\/queijosnobrasil.com.br\/site\/wp-content\/uploads\/2022\/12\/caminho.jpg\",\"articleSection\":[\"Tudo sobre Queijo\"],\"inLanguage\":\"pt-BR\",\"potentialAction\":[{\"@type\":\"CommentAction\",\"name\":\"Comment\",\"target\":[\"https:\/\/queijosnobrasil.com.br\/site\/o-caminho-da-luz\/#respond\"]}]},{\"@type\":\"WebPage\",\"@id\":\"https:\/\/queijosnobrasil.com.br\/site\/o-caminho-da-luz\/\",\"url\":\"https:\/\/queijosnobrasil.com.br\/site\/o-caminho-da-luz\/\",\"name\":\"O Caminho da Luz - Queijos no Brasil\",\"isPartOf\":{\"@id\":\"https:\/\/queijosnobrasil.com.br\/site\/#website\"},\"primaryImageOfPage\":{\"@id\":\"https:\/\/queijosnobrasil.com.br\/site\/o-caminho-da-luz\/#primaryimage\"},\"image\":{\"@id\":\"https:\/\/queijosnobrasil.com.br\/site\/o-caminho-da-luz\/#primaryimage\"},\"thumbnailUrl\":\"https:\/\/queijosnobrasil.com.br\/site\/wp-content\/uploads\/2022\/12\/caminho.jpg\",\"datePublished\":\"2022-12-20T16:10:17+00:00\",\"dateModified\":\"2023-05-16T20:20:03+00:00\",\"breadcrumb\":{\"@id\":\"https:\/\/queijosnobrasil.com.br\/site\/o-caminho-da-luz\/#breadcrumb\"},\"inLanguage\":\"pt-BR\",\"potentialAction\":[{\"@type\":\"ReadAction\",\"target\":[\"https:\/\/queijosnobrasil.com.br\/site\/o-caminho-da-luz\/\"]}]},{\"@type\":\"ImageObject\",\"inLanguage\":\"pt-BR\",\"@id\":\"https:\/\/queijosnobrasil.com.br\/site\/o-caminho-da-luz\/#primaryimage\",\"url\":\"https:\/\/queijosnobrasil.com.br\/site\/wp-content\/uploads\/2022\/12\/caminho.jpg\",\"contentUrl\":\"https:\/\/queijosnobrasil.com.br\/site\/wp-content\/uploads\/2022\/12\/caminho.jpg\",\"width\":104,\"height\":104},{\"@type\":\"BreadcrumbList\",\"@id\":\"https:\/\/queijosnobrasil.com.br\/site\/o-caminho-da-luz\/#breadcrumb\",\"itemListElement\":[{\"@type\":\"ListItem\",\"position\":1,\"name\":\"In\u00edcio\",\"item\":\"https:\/\/queijosnobrasil.com.br\/site\/\"},{\"@type\":\"ListItem\",\"position\":2,\"name\":\"O Caminho da Luz\"}]},{\"@type\":\"WebSite\",\"@id\":\"https:\/\/queijosnobrasil.com.br\/site\/#website\",\"url\":\"https:\/\/queijosnobrasil.com.br\/site\/\",\"name\":\"Queijos no Brasil\",\"description\":\"Empresa voltada a difus\u00e3o de t\u00e9cnicas de fabrica\u00e7\u00e3o e com\u00e9rcio de ingredientes para produtos l\u00e1cteos : queijo (mussarela, Minas Frescal, coalho, ricota...), iogurte, coalhada, requeij\u00e3o, doce de leite e derivados l\u00e1ticos em geral.\",\"publisher\":{\"@id\":\"https:\/\/queijosnobrasil.com.br\/site\/#organization\"},\"potentialAction\":[{\"@type\":\"SearchAction\",\"target\":{\"@type\":\"EntryPoint\",\"urlTemplate\":\"https:\/\/queijosnobrasil.com.br\/site\/?s={search_term_string}\"},\"query-input\":{\"@type\":\"PropertyValueSpecification\",\"valueRequired\":true,\"valueName\":\"search_term_string\"}}],\"inLanguage\":\"pt-BR\"},{\"@type\":\"Organization\",\"@id\":\"https:\/\/queijosnobrasil.com.br\/site\/#organization\",\"name\":\"Queijos no Brasil\",\"url\":\"https:\/\/queijosnobrasil.com.br\/site\/\",\"logo\":{\"@type\":\"ImageObject\",\"inLanguage\":\"pt-BR\",\"@id\":\"https:\/\/queijosnobrasil.com.br\/site\/#\/schema\/logo\/image\/\",\"url\":\"https:\/\/queijosnobrasil.com.br\/site\/wp-content\/uploads\/2025\/04\/logo-1.webp\",\"contentUrl\":\"https:\/\/queijosnobrasil.com.br\/site\/wp-content\/uploads\/2025\/04\/logo-1.webp\",\"width\":288,\"height\":288,\"caption\":\"Queijos no Brasil\"},\"image\":{\"@id\":\"https:\/\/queijosnobrasil.com.br\/site\/#\/schema\/logo\/image\/\"},\"sameAs\":[\"https:\/\/www.youtube.com\/@queijosnobrasil1698\"]},{\"@type\":\"Person\",\"@id\":\"https:\/\/queijosnobrasil.com.br\/site\/#\/schema\/person\/ffd948f2dd090403c987eb626885f72c\",\"name\":\"Queijos no Brasil\",\"image\":{\"@type\":\"ImageObject\",\"inLanguage\":\"pt-BR\",\"@id\":\"https:\/\/secure.gravatar.com\/avatar\/670b886dc6ab5c07aeb3effa3b8646ea730b765de2cd4c96f5dd2d6a6b9867d0?s=96&d=mm&r=g\",\"url\":\"https:\/\/secure.gravatar.com\/avatar\/670b886dc6ab5c07aeb3effa3b8646ea730b765de2cd4c96f5dd2d6a6b9867d0?s=96&d=mm&r=g\",\"contentUrl\":\"https:\/\/secure.gravatar.com\/avatar\/670b886dc6ab5c07aeb3effa3b8646ea730b765de2cd4c96f5dd2d6a6b9867d0?s=96&d=mm&r=g\",\"caption\":\"Queijos no Brasil\"},\"url\":\"https:\/\/queijosnobrasil.com.br\/site\/author\/admin\/\"}]}<\/script>\n<!-- \/ Yoast SEO plugin. -->","yoast_head_json":{"title":"O Caminho da Luz - Queijos no Brasil","robots":{"index":"index","follow":"follow","max-snippet":"max-snippet:-1","max-image-preview":"max-image-preview:large","max-video-preview":"max-video-preview:-1"},"canonical":"https:\/\/queijosnobrasil.com.br\/site\/o-caminho-da-luz\/","og_locale":"pt_BR","og_type":"article","og_title":"O Caminho da Luz - Queijos no Brasil","og_description":"Imagine reunir a pureza da cultura do povo mineiro,\u00a0um mineiro do interior\u00a0ainda intocado pela alta tecnologia e o tudo que o mundo moderno possa oferecer. Somado a esta riqueza cultural, acrescente uma natureza maravilhosa, singular, formosa, m\u00e1gica e forte. Acrescente ainda a religiosidade t\u00e3o arraigada nesta atmosfera tel\u00farica deste caminho, aqui reconhecidamente denominado de o [&hellip;]","og_url":"https:\/\/queijosnobrasil.com.br\/site\/o-caminho-da-luz\/","og_site_name":"Queijos no Brasil","article_published_time":"2022-12-20T16:10:17+00:00","article_modified_time":"2023-05-16T20:20:03+00:00","og_image":[{"width":104,"height":104,"url":"https:\/\/queijosnobrasil.com.br\/site\/wp-content\/uploads\/2022\/12\/caminho.jpg","type":"image\/jpeg"}],"author":"Queijos no Brasil","twitter_card":"summary_large_image","twitter_misc":{"Escrito por":"Queijos no Brasil","Est. tempo de leitura":"3 minutos"},"schema":{"@context":"https:\/\/schema.org","@graph":[{"@type":"Article","@id":"https:\/\/queijosnobrasil.com.br\/site\/o-caminho-da-luz\/#article","isPartOf":{"@id":"https:\/\/queijosnobrasil.com.br\/site\/o-caminho-da-luz\/"},"author":{"name":"Queijos no Brasil","@id":"https:\/\/queijosnobrasil.com.br\/site\/#\/schema\/person\/ffd948f2dd090403c987eb626885f72c"},"headline":"O Caminho da Luz","datePublished":"2022-12-20T16:10:17+00:00","dateModified":"2023-05-16T20:20:03+00:00","mainEntityOfPage":{"@id":"https:\/\/queijosnobrasil.com.br\/site\/o-caminho-da-luz\/"},"wordCount":601,"commentCount":0,"publisher":{"@id":"https:\/\/queijosnobrasil.com.br\/site\/#organization"},"image":{"@id":"https:\/\/queijosnobrasil.com.br\/site\/o-caminho-da-luz\/#primaryimage"},"thumbnailUrl":"https:\/\/queijosnobrasil.com.br\/site\/wp-content\/uploads\/2022\/12\/caminho.jpg","articleSection":["Tudo sobre Queijo"],"inLanguage":"pt-BR","potentialAction":[{"@type":"CommentAction","name":"Comment","target":["https:\/\/queijosnobrasil.com.br\/site\/o-caminho-da-luz\/#respond"]}]},{"@type":"WebPage","@id":"https:\/\/queijosnobrasil.com.br\/site\/o-caminho-da-luz\/","url":"https:\/\/queijosnobrasil.com.br\/site\/o-caminho-da-luz\/","name":"O Caminho da Luz - Queijos no Brasil","isPartOf":{"@id":"https:\/\/queijosnobrasil.com.br\/site\/#website"},"primaryImageOfPage":{"@id":"https:\/\/queijosnobrasil.com.br\/site\/o-caminho-da-luz\/#primaryimage"},"image":{"@id":"https:\/\/queijosnobrasil.com.br\/site\/o-caminho-da-luz\/#primaryimage"},"thumbnailUrl":"https:\/\/queijosnobrasil.com.br\/site\/wp-content\/uploads\/2022\/12\/caminho.jpg","datePublished":"2022-12-20T16:10:17+00:00","dateModified":"2023-05-16T20:20:03+00:00","breadcrumb":{"@id":"https:\/\/queijosnobrasil.com.br\/site\/o-caminho-da-luz\/#breadcrumb"},"inLanguage":"pt-BR","potentialAction":[{"@type":"ReadAction","target":["https:\/\/queijosnobrasil.com.br\/site\/o-caminho-da-luz\/"]}]},{"@type":"ImageObject","inLanguage":"pt-BR","@id":"https:\/\/queijosnobrasil.com.br\/site\/o-caminho-da-luz\/#primaryimage","url":"https:\/\/queijosnobrasil.com.br\/site\/wp-content\/uploads\/2022\/12\/caminho.jpg","contentUrl":"https:\/\/queijosnobrasil.com.br\/site\/wp-content\/uploads\/2022\/12\/caminho.jpg","width":104,"height":104},{"@type":"BreadcrumbList","@id":"https:\/\/queijosnobrasil.com.br\/site\/o-caminho-da-luz\/#breadcrumb","itemListElement":[{"@type":"ListItem","position":1,"name":"In\u00edcio","item":"https:\/\/queijosnobrasil.com.br\/site\/"},{"@type":"ListItem","position":2,"name":"O Caminho da Luz"}]},{"@type":"WebSite","@id":"https:\/\/queijosnobrasil.com.br\/site\/#website","url":"https:\/\/queijosnobrasil.com.br\/site\/","name":"Queijos no Brasil","description":"Empresa voltada a difus\u00e3o de t\u00e9cnicas de fabrica\u00e7\u00e3o e com\u00e9rcio de ingredientes para produtos l\u00e1cteos : queijo (mussarela, Minas Frescal, coalho, ricota...), iogurte, coalhada, requeij\u00e3o, doce de leite e derivados l\u00e1ticos em geral.","publisher":{"@id":"https:\/\/queijosnobrasil.com.br\/site\/#organization"},"potentialAction":[{"@type":"SearchAction","target":{"@type":"EntryPoint","urlTemplate":"https:\/\/queijosnobrasil.com.br\/site\/?s={search_term_string}"},"query-input":{"@type":"PropertyValueSpecification","valueRequired":true,"valueName":"search_term_string"}}],"inLanguage":"pt-BR"},{"@type":"Organization","@id":"https:\/\/queijosnobrasil.com.br\/site\/#organization","name":"Queijos no Brasil","url":"https:\/\/queijosnobrasil.com.br\/site\/","logo":{"@type":"ImageObject","inLanguage":"pt-BR","@id":"https:\/\/queijosnobrasil.com.br\/site\/#\/schema\/logo\/image\/","url":"https:\/\/queijosnobrasil.com.br\/site\/wp-content\/uploads\/2025\/04\/logo-1.webp","contentUrl":"https:\/\/queijosnobrasil.com.br\/site\/wp-content\/uploads\/2025\/04\/logo-1.webp","width":288,"height":288,"caption":"Queijos no Brasil"},"image":{"@id":"https:\/\/queijosnobrasil.com.br\/site\/#\/schema\/logo\/image\/"},"sameAs":["https:\/\/www.youtube.com\/@queijosnobrasil1698"]},{"@type":"Person","@id":"https:\/\/queijosnobrasil.com.br\/site\/#\/schema\/person\/ffd948f2dd090403c987eb626885f72c","name":"Queijos no Brasil","image":{"@type":"ImageObject","inLanguage":"pt-BR","@id":"https:\/\/secure.gravatar.com\/avatar\/670b886dc6ab5c07aeb3effa3b8646ea730b765de2cd4c96f5dd2d6a6b9867d0?s=96&d=mm&r=g","url":"https:\/\/secure.gravatar.com\/avatar\/670b886dc6ab5c07aeb3effa3b8646ea730b765de2cd4c96f5dd2d6a6b9867d0?s=96&d=mm&r=g","contentUrl":"https:\/\/secure.gravatar.com\/avatar\/670b886dc6ab5c07aeb3effa3b8646ea730b765de2cd4c96f5dd2d6a6b9867d0?s=96&d=mm&r=g","caption":"Queijos no Brasil"},"url":"https:\/\/queijosnobrasil.com.br\/site\/author\/admin\/"}]}},"_links":{"self":[{"href":"https:\/\/queijosnobrasil.com.br\/site\/wp-json\/wp\/v2\/posts\/6549","targetHints":{"allow":["GET"]}}],"collection":[{"href":"https:\/\/queijosnobrasil.com.br\/site\/wp-json\/wp\/v2\/posts"}],"about":[{"href":"https:\/\/queijosnobrasil.com.br\/site\/wp-json\/wp\/v2\/types\/post"}],"author":[{"embeddable":true,"href":"https:\/\/queijosnobrasil.com.br\/site\/wp-json\/wp\/v2\/users\/1"}],"replies":[{"embeddable":true,"href":"https:\/\/queijosnobrasil.com.br\/site\/wp-json\/wp\/v2\/comments?post=6549"}],"version-history":[{"count":2,"href":"https:\/\/queijosnobrasil.com.br\/site\/wp-json\/wp\/v2\/posts\/6549\/revisions"}],"predecessor-version":[{"id":7743,"href":"https:\/\/queijosnobrasil.com.br\/site\/wp-json\/wp\/v2\/posts\/6549\/revisions\/7743"}],"wp:attachment":[{"href":"https:\/\/queijosnobrasil.com.br\/site\/wp-json\/wp\/v2\/media?parent=6549"}],"wp:term":[{"taxonomy":"category","embeddable":true,"href":"https:\/\/queijosnobrasil.com.br\/site\/wp-json\/wp\/v2\/categories?post=6549"},{"taxonomy":"post_tag","embeddable":true,"href":"https:\/\/queijosnobrasil.com.br\/site\/wp-json\/wp\/v2\/tags?post=6549"}],"curies":[{"name":"wp","href":"https:\/\/api.w.org\/{rel}","templated":true}]}}