{"id":6535,"date":"2022-12-20T13:01:34","date_gmt":"2022-12-20T16:01:34","guid":{"rendered":"https:\/\/queijosnobrasil.com.br\/site\/?p=6535"},"modified":"2023-09-18T11:24:17","modified_gmt":"2023-09-18T14:24:17","slug":"queijo-serra-estrela","status":"publish","type":"post","link":"https:\/\/queijosnobrasil.com.br\/site\/queijo-serra-estrela\/","title":{"rendered":"Queijo da Serra Estrela"},"content":{"rendered":"\r\n\r\n\r\n<p><span style=\"font-family: verdana, geneva, sans-serif;\"><img fetchpriority=\"high\" decoding=\"async\" class=\"alignnone size-medium wp-image-8572\" src=\"https:\/\/queijosnobrasil.com.br\/site\/wp-content\/uploads\/2022\/12\/estrela-300x200.jpg\" alt=\"\" width=\"300\" height=\"200\" srcset=\"https:\/\/queijosnobrasil.com.br\/site\/wp-content\/uploads\/2022\/12\/estrela-300x200.jpg 300w, https:\/\/queijosnobrasil.com.br\/site\/wp-content\/uploads\/2022\/12\/estrela-768x512.jpg 768w, https:\/\/queijosnobrasil.com.br\/site\/wp-content\/uploads\/2022\/12\/estrela.jpg 1000w\" sizes=\"(max-width: 300px) 100vw, 300px\" \/><\/span><br \/><span style=\"font-family: verdana, geneva, sans-serif;\">Atribui-se aos Romanos, a introdu\u00e7\u00e3o da fabrica\u00e7\u00e3o do queijo de ovelha na Pen\u00ednsula Ib\u00e9rica. \u00c9 f\u00e1cil perceber que rapidamente essa \u201cSabedoria\u201d tenha chegado aos montes Herm\u00ednios, regi\u00e3o muito povoada de gado ovino e caprino, e que por raz\u00f5es de Flora Natural existente, de adapta\u00e7\u00f5es de tecnologias de fabrica\u00e7\u00e3o do queijo de ovelha, do clima e da ra\u00e7a Bordaleira, tenha nascido o \u201cQueijo Serra da Estrela\u201d.<\/span><br \/><span style=\"font-family: verdana, geneva, sans-serif;\">Na Serra da Estrela desenvolveu-se uma ra\u00e7a de ovinos perfeitamente definida BORDALEIRA SERRA DA ESTRELA. \u00c9 a ra\u00e7a nacional de melhor aptid\u00e3o leiteira, tamb\u00e9m muito prol\u00edfera e f\u00e9rtil, com um per\u00edodo de atividade sexual que se alarga por todo o ano, sendo contudo a cobri\u00e7\u00e3o natural feita durante a Primavera.<\/span><br \/><span style=\"font-family: verdana, geneva, sans-serif;\">Podemos afirmar tamb\u00e9m que o Queijo Serra da Estrela \u00e9 o pai e a m\u00e3e de todos os queijos de ovelha Portugueses, pela transum\u00e2ncia feita no Inverno para a Beira Baixa, e a partir da\u00ed pelo conhecimento transmitido por pastores e roupeiras a outras regi\u00f5es.<\/span><br \/><br \/><span style=\"font-family: verdana, geneva, sans-serif;\">A produ\u00e7\u00e3o deste Queijo obedece a t\u00e9cnicas milenares e a \u00absegredos\u00bb que ter\u00e3o de se procurar nos pastos da regi\u00e3o, no cardo e na sua mistura com o leite, na paci\u00eancia e arte com que se separa e mexe a coalhada e nos processos de cura. Para que se obtenha um Queijo de impar qualidade e sabor, na c\u00e2mara de cura devem ser asseguradas condi\u00e7\u00f5es constantes de humidade e temperatura.<\/span><br \/><br \/><span style=\"font-family: verdana, geneva, sans-serif; color: #00ccff;\">Defini\u00e7\u00e3o<\/span><br \/><span style=\"font-family: verdana, geneva, sans-serif;\">Queijo Serra da Estrela \u2013 queijo curado, de pasta semimole, amanteigada, branca ou ligeiramente amarelada, com poucos ou nenhuns olhos, obtido por esgotamento lento da coalhada ap\u00f3s a coagula\u00e7\u00e3o do leite de ovelha cru\u00a0 pelo cardo (Cynara Cardunculus), de fabrica\u00e7\u00e3o artesanal e proveniente da regi\u00e3o demarcada para esta produ\u00e7\u00e3o (Serra da Estrela).<\/span><br \/><br \/><span style=\"font-family: verdana, geneva, sans-serif; color: #00ccff;\">Ingredientes<\/span><br \/><span style=\"font-family: verdana, geneva, sans-serif;\">Leite de ovelha cru, Cardo (Cynara Cardunculus) e Sal.<\/span><br \/><br \/><span style=\"font-family: verdana, geneva, sans-serif; color: #00ccff;\">Caracter\u00edsticas<\/span><br \/><span style=\"font-family: verdana, geneva, sans-serif;\">Queijo curado de pasta semimole, com um teor de humidade de 61 a 69%, referido ao queijo isento de mat\u00e9ria gorda e com um teor de mat\u00e9ria gorda de 45% a menos de 60%referido ao extrato seco.<\/span><br \/><br \/><span style=\"font-family: verdana, geneva, sans-serif; color: #00ccff;\">Forma<\/span><br \/><span style=\"font-family: verdana, geneva, sans-serif;\">Cilindro baixo (prato), regular, com abaulamento lateral e um pouco na face superior sem bordos definidos, com as dimens\u00f5es aproximadas seguintes:<\/span><br \/><span style=\"font-family: verdana, geneva, sans-serif;\">Di\u00e2metro \u2013 15 \u2013 20 cm, Altura \u2013 4 \u2013 6 cm<\/span><br \/><br \/><span style=\"font-family: verdana, geneva, sans-serif; color: #00ccff;\">Crosta (parte externa)<\/span><br \/><span style=\"font-family: verdana, geneva, sans-serif;\">Consist\u00eancia \u2013 male\u00e1vel, permitindo alguma flutua\u00e7\u00e3o. Aspecto \u2013 inteira, bem formada, lisa e fina. Cor \u2013 Amarelo palha claro, uniforme.<\/span><br \/><br \/><span style=\"font-family: verdana, geneva, sans-serif; color: #00ccff;\">Pasta (interior do queijo)<\/span><br \/><span style=\"font-family: verdana, geneva, sans-serif;\">Textura: Fechada, medianamente amanteigada com zona da corte facilmente deform\u00e1veis, provocando \u00e1 percuss\u00e3o um som maci\u00e7o ou ligeiramente timp\u00e2nico.<\/span><br \/><br \/><span style=\"font-family: verdana, geneva, sans-serif; color: #00ccff;\">Aroma e Sabor<\/span><br \/><span style=\"font-family: verdana, geneva, sans-serif;\">Bouquet suave, limpo, ligeiramente acidulado.<\/span><br \/><br \/><span style=\"font-family: verdana, geneva, sans-serif; color: #00ccff;\">Peso<\/span><br \/><span style=\"font-family: verdana, geneva, sans-serif;\">Peso compreendido entre 1 e 1,7 kg.<\/span><br \/><br \/><span style=\"font-family: verdana, geneva, sans-serif; color: #00ccff;\">Conserva\u00e7\u00e3o<\/span><br \/><span style=\"font-family: verdana, geneva, sans-serif;\">Entre\u00a02 e 10\u00baC<\/span><br \/><br \/><span style=\"font-family: verdana, geneva, sans-serif; color: #00ccff;\">Cardo<\/span><br \/><span style=\"font-family: verdana, geneva, sans-serif;\">Para o uso do cardo \u00e9 feita uma infus\u00e3o de sal (20 a 35 g\/ litro de leite ) e a flor do cardo (parte lil\u00e1s da planta) na quantidade que pode variar em fun\u00e7\u00e3o da for\u00e7a ou poder de coagula\u00e7\u00e3o da planta , em m\u00e9dia 1 a 2,5 g por litro de leite.<\/span><br \/><span style=\"font-family: verdana, geneva, sans-serif;\">A temperatura para adi\u00e7\u00e3o da infus\u00e3o \u00e9 de 28 a 30\u00baC e deve ser mantida enquanto ocorre a coagula\u00e7\u00e3o do leite.<\/span><\/p>\r\n<p><a href=\"http:\/\/sorbet, sorbet de frutas, sorvete, como fazer sorvete, sorvete em casa, sorvete caseiro, fazer sorvete, gelato, gelato italiano, frozen iogurte, sorvete vegano, frozen iogurte vegano, sorvete plant based, picol\u00e9, picol\u00e9 vegano\"><img decoding=\"async\" class=\" wp-image-7443 aligncenter\" src=\"https:\/\/queijosnobrasil.com.br\/site\/wp-content\/uploads\/2023\/05\/tira_loja-300x38.png\" alt=\"\" width=\"529\" height=\"67\" srcset=\"https:\/\/queijosnobrasil.com.br\/site\/wp-content\/uploads\/2023\/05\/tira_loja-300x38.png 300w, https:\/\/queijosnobrasil.com.br\/site\/wp-content\/uploads\/2023\/05\/tira_loja.png 583w\" sizes=\"(max-width: 529px) 100vw, 529px\" \/><\/a><\/p>\r\n","protected":false},"excerpt":{"rendered":"<p>Atribui-se aos Romanos, a introdu\u00e7\u00e3o da fabrica\u00e7\u00e3o do queijo de ovelha na Pen\u00ednsula Ib\u00e9rica. \u00c9 f\u00e1cil perceber que rapidamente essa \u201cSabedoria\u201d tenha chegado aos montes Herm\u00ednios, regi\u00e3o muito povoada de gado ovino e caprino, e que por raz\u00f5es de Flora Natural existente, de adapta\u00e7\u00f5es de tecnologias de fabrica\u00e7\u00e3o do queijo de ovelha, do clima e [&hellip;]<\/p>\n","protected":false},"author":1,"featured_media":0,"comment_status":"open","ping_status":"open","sticky":false,"template":"","format":"standard","meta":{"footnotes":""},"categories":[214],"tags":[273,321,326,232,253,327,240,325,320,230,312,322,323,298,267,301,380,254,277,319,303,328,251,268,309,248,290,250,249,310,311,278,316,269,318,305,317,329,225,243,315,314,239,252,313],"class_list":["post-6535","post","type-post","status-publish","format-standard","hentry","category-tudo-sobre-queijo","tag-cheese-artisanal","tag-como-fazer-iogurte","tag-como-fazer-iogurte-em-casa","tag-como-fazer-queijo","tag-como-fazer-queijo-em-casa","tag-como-fazer-queijos-em-casa","tag-como-fazer-ricota","tag-concurso-de-queijos","tag-curso-de-iogurte","tag-curso-de-queijo","tag-curso-de-queijo-de-leite-cru","tag-doce-de-leite","tag-doce-de-leite-vicosa","tag-escola-de-queijo","tag-fazer-queijo","tag-fazer-queijo-em-casa","tag-fazer-ricota-em-casa","tag-iogurte","tag-leite-cru","tag-manteiga","tag-mestre-queijeiro","tag-planta-based","tag-queijaria","tag-queijaria-artesanal","tag-queijeiro","tag-queijo","tag-queijo-alagoa","tag-queijo-artesanal","tag-queijo-canastra","tag-queijo-colonia","tag-queijo-colonial","tag-queijo-de-leite-cru","tag-queijo-do-brasil","tag-queijo-italiano","tag-queijo-minas-artesanal","tag-queijo-mineiro","tag-queijo-no-brasil","tag-queijo-vegano","tag-requeijao","tag-requeijao-crioulo","tag-requeijao-de-marajo","tag-requeijao-mineiro","tag-ricota","tag-selo-arte","tag-selo-queijo-artesanal"],"yoast_head":"<!-- This site is optimized with the Yoast SEO plugin v27.2 - https:\/\/yoast.com\/product\/yoast-seo-wordpress\/ -->\n<title>Queijo da Serra Estrela - Queijos no Brasil<\/title>\n<meta name=\"robots\" content=\"index, follow, max-snippet:-1, max-image-preview:large, max-video-preview:-1\" \/>\n<link rel=\"canonical\" href=\"https:\/\/queijosnobrasil.com.br\/site\/queijo-serra-estrela\/\" \/>\n<meta property=\"og:locale\" content=\"pt_BR\" \/>\n<meta property=\"og:type\" content=\"article\" \/>\n<meta property=\"og:title\" content=\"Queijo da Serra Estrela - Queijos no Brasil\" \/>\n<meta property=\"og:description\" content=\"Atribui-se aos Romanos, a introdu\u00e7\u00e3o da fabrica\u00e7\u00e3o do queijo de ovelha na Pen\u00ednsula Ib\u00e9rica. \u00c9 f\u00e1cil perceber que rapidamente essa \u201cSabedoria\u201d tenha chegado aos montes Herm\u00ednios, regi\u00e3o muito povoada de gado ovino e caprino, e que por raz\u00f5es de Flora Natural existente, de adapta\u00e7\u00f5es de tecnologias de fabrica\u00e7\u00e3o do queijo de ovelha, do clima e [&hellip;]\" \/>\n<meta property=\"og:url\" content=\"https:\/\/queijosnobrasil.com.br\/site\/queijo-serra-estrela\/\" \/>\n<meta property=\"og:site_name\" content=\"Queijos no Brasil\" \/>\n<meta property=\"article:published_time\" content=\"2022-12-20T16:01:34+00:00\" \/>\n<meta property=\"article:modified_time\" content=\"2023-09-18T14:24:17+00:00\" \/>\n<meta property=\"og:image\" content=\"https:\/\/queijosnobrasil.com.br\/site\/wp-content\/uploads\/2022\/12\/estrela.jpg\" \/>\n\t<meta property=\"og:image:width\" content=\"1000\" \/>\n\t<meta property=\"og:image:height\" content=\"667\" \/>\n\t<meta property=\"og:image:type\" content=\"image\/jpeg\" \/>\n<meta name=\"author\" content=\"Queijos no Brasil\" \/>\n<meta name=\"twitter:card\" content=\"summary_large_image\" \/>\n<meta name=\"twitter:label1\" content=\"Escrito por\" \/>\n\t<meta name=\"twitter:data1\" content=\"Queijos no Brasil\" \/>\n\t<meta name=\"twitter:label2\" content=\"Est. tempo de leitura\" \/>\n\t<meta name=\"twitter:data2\" content=\"3 minutos\" \/>\n<script type=\"application\/ld+json\" class=\"yoast-schema-graph\">{\"@context\":\"https:\/\/schema.org\",\"@graph\":[{\"@type\":\"Article\",\"@id\":\"https:\/\/queijosnobrasil.com.br\/site\/queijo-serra-estrela\/#article\",\"isPartOf\":{\"@id\":\"https:\/\/queijosnobrasil.com.br\/site\/queijo-serra-estrela\/\"},\"author\":{\"name\":\"Queijos no Brasil\",\"@id\":\"https:\/\/queijosnobrasil.com.br\/site\/#\/schema\/person\/ffd948f2dd090403c987eb626885f72c\"},\"headline\":\"Queijo da Serra Estrela\",\"datePublished\":\"2022-12-20T16:01:34+00:00\",\"dateModified\":\"2023-09-18T14:24:17+00:00\",\"mainEntityOfPage\":{\"@id\":\"https:\/\/queijosnobrasil.com.br\/site\/queijo-serra-estrela\/\"},\"wordCount\":539,\"commentCount\":0,\"publisher\":{\"@id\":\"https:\/\/queijosnobrasil.com.br\/site\/#organization\"},\"image\":{\"@id\":\"https:\/\/queijosnobrasil.com.br\/site\/queijo-serra-estrela\/#primaryimage\"},\"thumbnailUrl\":\"https:\/\/queijosnobrasil.com.br\/site\/wp-content\/uploads\/2022\/12\/estrela-300x200.jpg\",\"keywords\":[\"cheese artisanal\",\"como fazer iogurte\",\"como fazer iogurte em casa\",\"como fazer queijo\",\"como fazer queijo em casa\",\"como fazer queijos em casa\",\"como fazer ricota\",\"concurso de queijos\",\"curso de iogurte\",\"curso de queijo\",\"curso de queijo de leite cru\",\"doce de leite\",\"doce de leite vi\u00e7osa\",\"escola de queijo\",\"fazer queijo\",\"fazer queijo em casa\",\"fazer ricota em casa\",\"iogurte\",\"leite cru\",\"manteiga\",\"mestre queijeiro\",\"planta based\",\"queijaria\",\"queijaria artesanal\",\"queijeiro\",\"queijo\",\"queijo alagoa\",\"queijo artesanal\",\"queijo canastra\",\"queijo colonia\",\"queijo colonial\",\"queijo de leite cru\",\"queijo do brasil\",\"queijo italiano\",\"queijo minas artesanal\",\"queijo mineiro\",\"queijo no brasil\",\"queijo vegano\",\"requeij\u00e3o\",\"requeij\u00e3o crioulo\",\"requeij\u00e3o de maraj\u00f3\",\"requeij\u00e3o mineiro\",\"ricota\",\"selo arte\",\"selo queijo artesanal\"],\"articleSection\":[\"Tudo sobre Queijo\"],\"inLanguage\":\"pt-BR\",\"potentialAction\":[{\"@type\":\"CommentAction\",\"name\":\"Comment\",\"target\":[\"https:\/\/queijosnobrasil.com.br\/site\/queijo-serra-estrela\/#respond\"]}]},{\"@type\":\"WebPage\",\"@id\":\"https:\/\/queijosnobrasil.com.br\/site\/queijo-serra-estrela\/\",\"url\":\"https:\/\/queijosnobrasil.com.br\/site\/queijo-serra-estrela\/\",\"name\":\"Queijo da Serra Estrela - Queijos no Brasil\",\"isPartOf\":{\"@id\":\"https:\/\/queijosnobrasil.com.br\/site\/#website\"},\"primaryImageOfPage\":{\"@id\":\"https:\/\/queijosnobrasil.com.br\/site\/queijo-serra-estrela\/#primaryimage\"},\"image\":{\"@id\":\"https:\/\/queijosnobrasil.com.br\/site\/queijo-serra-estrela\/#primaryimage\"},\"thumbnailUrl\":\"https:\/\/queijosnobrasil.com.br\/site\/wp-content\/uploads\/2022\/12\/estrela-300x200.jpg\",\"datePublished\":\"2022-12-20T16:01:34+00:00\",\"dateModified\":\"2023-09-18T14:24:17+00:00\",\"breadcrumb\":{\"@id\":\"https:\/\/queijosnobrasil.com.br\/site\/queijo-serra-estrela\/#breadcrumb\"},\"inLanguage\":\"pt-BR\",\"potentialAction\":[{\"@type\":\"ReadAction\",\"target\":[\"https:\/\/queijosnobrasil.com.br\/site\/queijo-serra-estrela\/\"]}]},{\"@type\":\"ImageObject\",\"inLanguage\":\"pt-BR\",\"@id\":\"https:\/\/queijosnobrasil.com.br\/site\/queijo-serra-estrela\/#primaryimage\",\"url\":\"https:\/\/queijosnobrasil.com.br\/site\/wp-content\/uploads\/2022\/12\/estrela.jpg\",\"contentUrl\":\"https:\/\/queijosnobrasil.com.br\/site\/wp-content\/uploads\/2022\/12\/estrela.jpg\",\"width\":1000,\"height\":667},{\"@type\":\"BreadcrumbList\",\"@id\":\"https:\/\/queijosnobrasil.com.br\/site\/queijo-serra-estrela\/#breadcrumb\",\"itemListElement\":[{\"@type\":\"ListItem\",\"position\":1,\"name\":\"In\u00edcio\",\"item\":\"https:\/\/queijosnobrasil.com.br\/site\/\"},{\"@type\":\"ListItem\",\"position\":2,\"name\":\"Queijo da Serra Estrela\"}]},{\"@type\":\"WebSite\",\"@id\":\"https:\/\/queijosnobrasil.com.br\/site\/#website\",\"url\":\"https:\/\/queijosnobrasil.com.br\/site\/\",\"name\":\"Queijos no Brasil\",\"description\":\"Empresa voltada a difus\u00e3o de t\u00e9cnicas de fabrica\u00e7\u00e3o e com\u00e9rcio de ingredientes para produtos l\u00e1cteos : queijo (mussarela, Minas Frescal, coalho, ricota...), iogurte, coalhada, requeij\u00e3o, doce de leite e derivados l\u00e1ticos em geral.\",\"publisher\":{\"@id\":\"https:\/\/queijosnobrasil.com.br\/site\/#organization\"},\"potentialAction\":[{\"@type\":\"SearchAction\",\"target\":{\"@type\":\"EntryPoint\",\"urlTemplate\":\"https:\/\/queijosnobrasil.com.br\/site\/?s={search_term_string}\"},\"query-input\":{\"@type\":\"PropertyValueSpecification\",\"valueRequired\":true,\"valueName\":\"search_term_string\"}}],\"inLanguage\":\"pt-BR\"},{\"@type\":\"Organization\",\"@id\":\"https:\/\/queijosnobrasil.com.br\/site\/#organization\",\"name\":\"Queijos no Brasil\",\"url\":\"https:\/\/queijosnobrasil.com.br\/site\/\",\"logo\":{\"@type\":\"ImageObject\",\"inLanguage\":\"pt-BR\",\"@id\":\"https:\/\/queijosnobrasil.com.br\/site\/#\/schema\/logo\/image\/\",\"url\":\"https:\/\/queijosnobrasil.com.br\/site\/wp-content\/uploads\/2025\/04\/logo-1.webp\",\"contentUrl\":\"https:\/\/queijosnobrasil.com.br\/site\/wp-content\/uploads\/2025\/04\/logo-1.webp\",\"width\":288,\"height\":288,\"caption\":\"Queijos no Brasil\"},\"image\":{\"@id\":\"https:\/\/queijosnobrasil.com.br\/site\/#\/schema\/logo\/image\/\"},\"sameAs\":[\"https:\/\/www.youtube.com\/@queijosnobrasil1698\"]},{\"@type\":\"Person\",\"@id\":\"https:\/\/queijosnobrasil.com.br\/site\/#\/schema\/person\/ffd948f2dd090403c987eb626885f72c\",\"name\":\"Queijos no Brasil\",\"image\":{\"@type\":\"ImageObject\",\"inLanguage\":\"pt-BR\",\"@id\":\"https:\/\/secure.gravatar.com\/avatar\/670b886dc6ab5c07aeb3effa3b8646ea730b765de2cd4c96f5dd2d6a6b9867d0?s=96&d=mm&r=g\",\"url\":\"https:\/\/secure.gravatar.com\/avatar\/670b886dc6ab5c07aeb3effa3b8646ea730b765de2cd4c96f5dd2d6a6b9867d0?s=96&d=mm&r=g\",\"contentUrl\":\"https:\/\/secure.gravatar.com\/avatar\/670b886dc6ab5c07aeb3effa3b8646ea730b765de2cd4c96f5dd2d6a6b9867d0?s=96&d=mm&r=g\",\"caption\":\"Queijos no Brasil\"},\"url\":\"https:\/\/queijosnobrasil.com.br\/site\/author\/admin\/\"}]}<\/script>\n<!-- \/ Yoast SEO plugin. -->","yoast_head_json":{"title":"Queijo da Serra Estrela - Queijos no Brasil","robots":{"index":"index","follow":"follow","max-snippet":"max-snippet:-1","max-image-preview":"max-image-preview:large","max-video-preview":"max-video-preview:-1"},"canonical":"https:\/\/queijosnobrasil.com.br\/site\/queijo-serra-estrela\/","og_locale":"pt_BR","og_type":"article","og_title":"Queijo da Serra Estrela - Queijos no Brasil","og_description":"Atribui-se aos Romanos, a introdu\u00e7\u00e3o da fabrica\u00e7\u00e3o do queijo de ovelha na Pen\u00ednsula Ib\u00e9rica. \u00c9 f\u00e1cil perceber que rapidamente essa \u201cSabedoria\u201d tenha chegado aos montes Herm\u00ednios, regi\u00e3o muito povoada de gado ovino e caprino, e que por raz\u00f5es de Flora Natural existente, de adapta\u00e7\u00f5es de tecnologias de fabrica\u00e7\u00e3o do queijo de ovelha, do clima e [&hellip;]","og_url":"https:\/\/queijosnobrasil.com.br\/site\/queijo-serra-estrela\/","og_site_name":"Queijos no Brasil","article_published_time":"2022-12-20T16:01:34+00:00","article_modified_time":"2023-09-18T14:24:17+00:00","og_image":[{"width":1000,"height":667,"url":"https:\/\/queijosnobrasil.com.br\/site\/wp-content\/uploads\/2022\/12\/estrela.jpg","type":"image\/jpeg"}],"author":"Queijos no Brasil","twitter_card":"summary_large_image","twitter_misc":{"Escrito por":"Queijos no Brasil","Est. tempo de leitura":"3 minutos"},"schema":{"@context":"https:\/\/schema.org","@graph":[{"@type":"Article","@id":"https:\/\/queijosnobrasil.com.br\/site\/queijo-serra-estrela\/#article","isPartOf":{"@id":"https:\/\/queijosnobrasil.com.br\/site\/queijo-serra-estrela\/"},"author":{"name":"Queijos no Brasil","@id":"https:\/\/queijosnobrasil.com.br\/site\/#\/schema\/person\/ffd948f2dd090403c987eb626885f72c"},"headline":"Queijo da Serra Estrela","datePublished":"2022-12-20T16:01:34+00:00","dateModified":"2023-09-18T14:24:17+00:00","mainEntityOfPage":{"@id":"https:\/\/queijosnobrasil.com.br\/site\/queijo-serra-estrela\/"},"wordCount":539,"commentCount":0,"publisher":{"@id":"https:\/\/queijosnobrasil.com.br\/site\/#organization"},"image":{"@id":"https:\/\/queijosnobrasil.com.br\/site\/queijo-serra-estrela\/#primaryimage"},"thumbnailUrl":"https:\/\/queijosnobrasil.com.br\/site\/wp-content\/uploads\/2022\/12\/estrela-300x200.jpg","keywords":["cheese artisanal","como fazer iogurte","como fazer iogurte em casa","como fazer queijo","como fazer queijo em casa","como fazer queijos em casa","como fazer ricota","concurso de queijos","curso de iogurte","curso de queijo","curso de queijo de leite cru","doce de leite","doce de leite vi\u00e7osa","escola de queijo","fazer queijo","fazer queijo em casa","fazer ricota em casa","iogurte","leite cru","manteiga","mestre queijeiro","planta based","queijaria","queijaria artesanal","queijeiro","queijo","queijo alagoa","queijo artesanal","queijo canastra","queijo colonia","queijo colonial","queijo de leite cru","queijo do brasil","queijo italiano","queijo minas artesanal","queijo mineiro","queijo no brasil","queijo vegano","requeij\u00e3o","requeij\u00e3o crioulo","requeij\u00e3o de maraj\u00f3","requeij\u00e3o mineiro","ricota","selo arte","selo queijo artesanal"],"articleSection":["Tudo sobre Queijo"],"inLanguage":"pt-BR","potentialAction":[{"@type":"CommentAction","name":"Comment","target":["https:\/\/queijosnobrasil.com.br\/site\/queijo-serra-estrela\/#respond"]}]},{"@type":"WebPage","@id":"https:\/\/queijosnobrasil.com.br\/site\/queijo-serra-estrela\/","url":"https:\/\/queijosnobrasil.com.br\/site\/queijo-serra-estrela\/","name":"Queijo da Serra Estrela - Queijos no Brasil","isPartOf":{"@id":"https:\/\/queijosnobrasil.com.br\/site\/#website"},"primaryImageOfPage":{"@id":"https:\/\/queijosnobrasil.com.br\/site\/queijo-serra-estrela\/#primaryimage"},"image":{"@id":"https:\/\/queijosnobrasil.com.br\/site\/queijo-serra-estrela\/#primaryimage"},"thumbnailUrl":"https:\/\/queijosnobrasil.com.br\/site\/wp-content\/uploads\/2022\/12\/estrela-300x200.jpg","datePublished":"2022-12-20T16:01:34+00:00","dateModified":"2023-09-18T14:24:17+00:00","breadcrumb":{"@id":"https:\/\/queijosnobrasil.com.br\/site\/queijo-serra-estrela\/#breadcrumb"},"inLanguage":"pt-BR","potentialAction":[{"@type":"ReadAction","target":["https:\/\/queijosnobrasil.com.br\/site\/queijo-serra-estrela\/"]}]},{"@type":"ImageObject","inLanguage":"pt-BR","@id":"https:\/\/queijosnobrasil.com.br\/site\/queijo-serra-estrela\/#primaryimage","url":"https:\/\/queijosnobrasil.com.br\/site\/wp-content\/uploads\/2022\/12\/estrela.jpg","contentUrl":"https:\/\/queijosnobrasil.com.br\/site\/wp-content\/uploads\/2022\/12\/estrela.jpg","width":1000,"height":667},{"@type":"BreadcrumbList","@id":"https:\/\/queijosnobrasil.com.br\/site\/queijo-serra-estrela\/#breadcrumb","itemListElement":[{"@type":"ListItem","position":1,"name":"In\u00edcio","item":"https:\/\/queijosnobrasil.com.br\/site\/"},{"@type":"ListItem","position":2,"name":"Queijo da Serra Estrela"}]},{"@type":"WebSite","@id":"https:\/\/queijosnobrasil.com.br\/site\/#website","url":"https:\/\/queijosnobrasil.com.br\/site\/","name":"Queijos no Brasil","description":"Empresa voltada a difus\u00e3o de t\u00e9cnicas de fabrica\u00e7\u00e3o e com\u00e9rcio de ingredientes para produtos l\u00e1cteos : queijo (mussarela, Minas Frescal, coalho, ricota...), iogurte, coalhada, requeij\u00e3o, doce de leite e derivados l\u00e1ticos em geral.","publisher":{"@id":"https:\/\/queijosnobrasil.com.br\/site\/#organization"},"potentialAction":[{"@type":"SearchAction","target":{"@type":"EntryPoint","urlTemplate":"https:\/\/queijosnobrasil.com.br\/site\/?s={search_term_string}"},"query-input":{"@type":"PropertyValueSpecification","valueRequired":true,"valueName":"search_term_string"}}],"inLanguage":"pt-BR"},{"@type":"Organization","@id":"https:\/\/queijosnobrasil.com.br\/site\/#organization","name":"Queijos no Brasil","url":"https:\/\/queijosnobrasil.com.br\/site\/","logo":{"@type":"ImageObject","inLanguage":"pt-BR","@id":"https:\/\/queijosnobrasil.com.br\/site\/#\/schema\/logo\/image\/","url":"https:\/\/queijosnobrasil.com.br\/site\/wp-content\/uploads\/2025\/04\/logo-1.webp","contentUrl":"https:\/\/queijosnobrasil.com.br\/site\/wp-content\/uploads\/2025\/04\/logo-1.webp","width":288,"height":288,"caption":"Queijos no Brasil"},"image":{"@id":"https:\/\/queijosnobrasil.com.br\/site\/#\/schema\/logo\/image\/"},"sameAs":["https:\/\/www.youtube.com\/@queijosnobrasil1698"]},{"@type":"Person","@id":"https:\/\/queijosnobrasil.com.br\/site\/#\/schema\/person\/ffd948f2dd090403c987eb626885f72c","name":"Queijos no Brasil","image":{"@type":"ImageObject","inLanguage":"pt-BR","@id":"https:\/\/secure.gravatar.com\/avatar\/670b886dc6ab5c07aeb3effa3b8646ea730b765de2cd4c96f5dd2d6a6b9867d0?s=96&d=mm&r=g","url":"https:\/\/secure.gravatar.com\/avatar\/670b886dc6ab5c07aeb3effa3b8646ea730b765de2cd4c96f5dd2d6a6b9867d0?s=96&d=mm&r=g","contentUrl":"https:\/\/secure.gravatar.com\/avatar\/670b886dc6ab5c07aeb3effa3b8646ea730b765de2cd4c96f5dd2d6a6b9867d0?s=96&d=mm&r=g","caption":"Queijos no Brasil"},"url":"https:\/\/queijosnobrasil.com.br\/site\/author\/admin\/"}]}},"_links":{"self":[{"href":"https:\/\/queijosnobrasil.com.br\/site\/wp-json\/wp\/v2\/posts\/6535","targetHints":{"allow":["GET"]}}],"collection":[{"href":"https:\/\/queijosnobrasil.com.br\/site\/wp-json\/wp\/v2\/posts"}],"about":[{"href":"https:\/\/queijosnobrasil.com.br\/site\/wp-json\/wp\/v2\/types\/post"}],"author":[{"embeddable":true,"href":"https:\/\/queijosnobrasil.com.br\/site\/wp-json\/wp\/v2\/users\/1"}],"replies":[{"embeddable":true,"href":"https:\/\/queijosnobrasil.com.br\/site\/wp-json\/wp\/v2\/comments?post=6535"}],"version-history":[{"count":5,"href":"https:\/\/queijosnobrasil.com.br\/site\/wp-json\/wp\/v2\/posts\/6535\/revisions"}],"predecessor-version":[{"id":8574,"href":"https:\/\/queijosnobrasil.com.br\/site\/wp-json\/wp\/v2\/posts\/6535\/revisions\/8574"}],"wp:attachment":[{"href":"https:\/\/queijosnobrasil.com.br\/site\/wp-json\/wp\/v2\/media?parent=6535"}],"wp:term":[{"taxonomy":"category","embeddable":true,"href":"https:\/\/queijosnobrasil.com.br\/site\/wp-json\/wp\/v2\/categories?post=6535"},{"taxonomy":"post_tag","embeddable":true,"href":"https:\/\/queijosnobrasil.com.br\/site\/wp-json\/wp\/v2\/tags?post=6535"}],"curies":[{"name":"wp","href":"https:\/\/api.w.org\/{rel}","templated":true}]}}