{"id":6524,"date":"2022-12-20T12:56:22","date_gmt":"2022-12-20T15:56:22","guid":{"rendered":"https:\/\/queijosnobrasil.com.br\/site\/?p=6524"},"modified":"2023-05-16T17:37:32","modified_gmt":"2023-05-16T20:37:32","slug":"fondue","status":"publish","type":"post","link":"https:\/\/queijosnobrasil.com.br\/site\/fondue\/","title":{"rendered":"Fondue"},"content":{"rendered":"\r\n<p><img decoding=\"async\" class=\"alignnone size-full wp-image-7792\" src=\"https:\/\/queijosnobrasil.com.br\/site\/wp-content\/uploads\/2022\/12\/requeijo-sem.jpg\" alt=\"\" width=\"200\" height=\"149\" \/><\/p>\r\n<p>A palavra \u00e9 feminina (se refere a pasta fondue),\u00a0sendo comum no Brasil ser tratada como &#8221; o Fondue&#8221;, no masculino. A\u00a0fondue foi criada Su\u00ed\u00e7a em meio \u00e0 Segunda Guerra Mundial. Por causa das batalhas e do inverno rigoroso, os camponeses que moravam nas regi\u00f5es montanhosas n\u00e3o tinham como buscar mantimentos nas cidades.<\/p>\r\n\r\n\r\n\r\n<p>Para n\u00e3o morrer de fome, eles aproveitavam os restos de queijo, j\u00e1 que eram produtores de leite e fabricavam muito queijo.<br \/>Com o principal ingrediente \u00e0 m\u00e3o e em fartura, acabaram inventando uma comida quente, simples, saborosa e nutritiva para aguentar o frio. A mistura ficava no fogo at\u00e9 derreter. Os camponeses, ent\u00e3o, mergulhavam peda\u00e7os de p\u00e3o no creme, enquanto borbulhava.<br \/>A iguaria s\u00f3 ganhou fama na d\u00e9cada de 50, quando o chefe Conrad Egli, do restaurante Chalet Su\u00edsse, em Nova York, passou a servir o prato. Para complementar, criou a fondue de chocolate, que servia de sobremesa.<br \/>Apesar de ter surgido de forma r\u00fastica, a fondue se tornou uma comida refinada. Isso porque os ingredientes utilizados possuem um pre\u00e7o um pouco elevado, como \u00e9 o caso dos queijos gouda, gorgonzola, emental e gruy\u00e8re.<br \/>A fondue de queijos segue o princ\u00edpio b\u00e1sico de elabora\u00e7\u00e3o do requeij\u00e3o, ou seja, a partir de uma \u201cmassa\u201d neste caso, queijos, com a\u00e7\u00e3o do sal fundente mais calor, obt\u00e9m-se queijos em pasta, com adi\u00e7\u00f5es de vinho ou condimentos, temos a nossa tradicional\u00edssima, fondue de queijos.<br \/><br \/><em>Fondue &#8211; Outono:<br \/>400 gramas de\u00a0queijo Gruy\u00e8re<br \/>100 gramas de\u00a0Requeij\u00e3o<br \/>100 gramas de queijo Emmental<br \/>300 ml de vinho branco seco<br \/>Meia colher de noz moscada\u00a0<br \/>1 dente de alho<br \/>Servir com 2 bengalas de p\u00e3o franc\u00eas (baguete) ou o tradicional italiano<\/em><\/p>\r\n\r\n\r\n\r\n<p>Para se preparar a Fondue deve-se utilizar os utens\u00edlios pr\u00f3prios que consiste\u00a0da\u00a0<em>caquelon<\/em>\u00a0(panela pr\u00f3pria com fundo abaulado e formato largo e raso) que deve ser de barro, porcelana ou de pedra, pois\u00a0permitem uma distribui\u00e7\u00e3o uniforme do calor. Al\u00e9m destes materiais pode-se utilizar o a\u00e7o ou ferro, desde que revestidos com esmalte. O\u00a0<em>caquelon<\/em>\u00a0\u00e9 utilizado junto com o\u00a0<em>r\u00e9chaud\u00a0<\/em>(fogareiro), normalmente com aquecimento por \u00e1lcool.<br \/>Al\u00e9m das pe\u00e7as mencionadas utiliza-se os\u00a0<em>fourchettes<\/em>\u00a0(garfos) alongados com 20 a 30 cm de comprimento e cabo em madeira, os quais ser\u00e3o utilizados para imers\u00e3o dos p\u00e3es \u00e0 fondue.\u00a0<\/p>\r\n\r\n\r\n\r\n<p>O vinho para acompanhamento e preparo da fondue deve ser de boa proced\u00eancia, branco seco com certa nota frutada, permitindo um certo aroma \u00e0 fondue.\u00a0Normalmente vinhos elaborados a partir de uvas Riesling s\u00e3o mais recomendados.<\/p>\r\n\r\n\r\n\r\n<p>Modo de preparo<br \/>Rale os queijos\u00a0e a noz moscada, reservando-os.<br \/>Fa\u00e7a pequenos cubos com os p\u00e3es,\u00a0deixando\u00a0ao\u00a0menos uma face com casca.<br \/>Coloque a panela em fogo brando e esfregue com aux\u00edlio de um garfo o dente de alho no fundo e bordas da panela.<br \/>Despeje o vinho na panela, deixe-o\u00a0aquecer branamente, evitando a fervura.<br \/>Acrescente os queijos, misturados a noz moscada e mexa lentamente, com um colher de madeira em movimentos\u00a0circulares, desenhando o n\u00famero oito.\u00a0\u00c0 medida que o queijo recebe o calor, o mesmo se transforma em uma pastas homog\u00eanea e cremosa.\u00a0Quando\u00a0todo o queijo estiver em forma de &#8220;pasta&#8221; cremosa, leve \u00e0 mesa\u00a0abaste\u00e7a o r\u00e9chaud.<\/p>\r\n\r\n\r\n\r\n<p>Como servir\u00a0\u00a0\u00a0<br \/>Ajuste a chama do r\u00e9chaud para manter a temperatura da massa. Espete um cubo de p\u00e3o como garfo apropriado e mergulhe-o na fondue.<\/p>\r\n\r\n\r\n\r\n<p><em>Em s\u00edntese, podemos finalizar que uma boa fondue segue os seguintes princ\u00edpios b\u00e1sicos:\u00a0aquecimento do vinho na panela, adi\u00e7\u00e3o do queijo ralado ou cortado finamente em pequenos cubos, mexedura com a colher de\u00a0pau at\u00e9 obten\u00e7\u00e3o de uma massa homog\u00eanea e cremosa e\u00a0ajuste da panela no r\u00e9chaud.<\/em><\/p>\r\n","protected":false},"excerpt":{"rendered":"<p>A palavra \u00e9 feminina (se refere a pasta fondue),\u00a0sendo comum no Brasil ser tratada como &#8221; o Fondue&#8221;, no masculino. A\u00a0fondue foi criada Su\u00ed\u00e7a em meio \u00e0 Segunda Guerra Mundial. Por causa das batalhas e do inverno rigoroso, os camponeses que moravam nas regi\u00f5es montanhosas n\u00e3o tinham como buscar mantimentos nas cidades. Para n\u00e3o morrer [&hellip;]<\/p>\n","protected":false},"author":1,"featured_media":0,"comment_status":"open","ping_status":"open","sticky":false,"template":"","format":"standard","meta":{"footnotes":""},"categories":[214],"tags":[],"class_list":["post-6524","post","type-post","status-publish","format-standard","hentry","category-tudo-sobre-queijo"],"yoast_head":"<!-- This site is optimized with the Yoast SEO plugin v27.2 - https:\/\/yoast.com\/product\/yoast-seo-wordpress\/ -->\n<title>Fondue - Queijos no Brasil<\/title>\n<meta name=\"robots\" content=\"index, follow, max-snippet:-1, max-image-preview:large, max-video-preview:-1\" \/>\n<link rel=\"canonical\" href=\"https:\/\/queijosnobrasil.com.br\/site\/fondue\/\" \/>\n<meta property=\"og:locale\" content=\"pt_BR\" \/>\n<meta property=\"og:type\" content=\"article\" \/>\n<meta property=\"og:title\" content=\"Fondue - Queijos no Brasil\" \/>\n<meta property=\"og:description\" content=\"A palavra \u00e9 feminina (se refere a pasta fondue),\u00a0sendo comum no Brasil ser tratada como &#8221; o Fondue&#8221;, no masculino. A\u00a0fondue foi criada Su\u00ed\u00e7a em meio \u00e0 Segunda Guerra Mundial. Por causa das batalhas e do inverno rigoroso, os camponeses que moravam nas regi\u00f5es montanhosas n\u00e3o tinham como buscar mantimentos nas cidades. Para n\u00e3o morrer [&hellip;]\" \/>\n<meta property=\"og:url\" content=\"https:\/\/queijosnobrasil.com.br\/site\/fondue\/\" \/>\n<meta property=\"og:site_name\" content=\"Queijos no Brasil\" \/>\n<meta property=\"article:published_time\" content=\"2022-12-20T15:56:22+00:00\" \/>\n<meta property=\"article:modified_time\" content=\"2023-05-16T20:37:32+00:00\" \/>\n<meta property=\"og:image\" content=\"https:\/\/queijosnobrasil.com.br\/site\/wp-content\/uploads\/2022\/12\/requeijo-sem.jpg\" \/>\n\t<meta property=\"og:image:width\" content=\"200\" \/>\n\t<meta property=\"og:image:height\" content=\"149\" \/>\n\t<meta property=\"og:image:type\" content=\"image\/jpeg\" \/>\n<meta name=\"author\" content=\"Queijos no Brasil\" \/>\n<meta name=\"twitter:card\" content=\"summary_large_image\" \/>\n<meta name=\"twitter:label1\" content=\"Escrito por\" \/>\n\t<meta name=\"twitter:data1\" content=\"Queijos no Brasil\" \/>\n\t<meta name=\"twitter:label2\" content=\"Est. tempo de leitura\" \/>\n\t<meta name=\"twitter:data2\" content=\"3 minutos\" \/>\n<script type=\"application\/ld+json\" class=\"yoast-schema-graph\">{\"@context\":\"https:\/\/schema.org\",\"@graph\":[{\"@type\":\"Article\",\"@id\":\"https:\/\/queijosnobrasil.com.br\/site\/fondue\/#article\",\"isPartOf\":{\"@id\":\"https:\/\/queijosnobrasil.com.br\/site\/fondue\/\"},\"author\":{\"name\":\"Queijos no Brasil\",\"@id\":\"https:\/\/queijosnobrasil.com.br\/site\/#\/schema\/person\/ffd948f2dd090403c987eb626885f72c\"},\"headline\":\"Fondue\",\"datePublished\":\"2022-12-20T15:56:22+00:00\",\"dateModified\":\"2023-05-16T20:37:32+00:00\",\"mainEntityOfPage\":{\"@id\":\"https:\/\/queijosnobrasil.com.br\/site\/fondue\/\"},\"wordCount\":633,\"commentCount\":0,\"publisher\":{\"@id\":\"https:\/\/queijosnobrasil.com.br\/site\/#organization\"},\"image\":{\"@id\":\"https:\/\/queijosnobrasil.com.br\/site\/fondue\/#primaryimage\"},\"thumbnailUrl\":\"https:\/\/queijosnobrasil.com.br\/site\/wp-content\/uploads\/2022\/12\/requeijo-sem.jpg\",\"articleSection\":[\"Tudo sobre Queijo\"],\"inLanguage\":\"pt-BR\",\"potentialAction\":[{\"@type\":\"CommentAction\",\"name\":\"Comment\",\"target\":[\"https:\/\/queijosnobrasil.com.br\/site\/fondue\/#respond\"]}]},{\"@type\":\"WebPage\",\"@id\":\"https:\/\/queijosnobrasil.com.br\/site\/fondue\/\",\"url\":\"https:\/\/queijosnobrasil.com.br\/site\/fondue\/\",\"name\":\"Fondue - Queijos no Brasil\",\"isPartOf\":{\"@id\":\"https:\/\/queijosnobrasil.com.br\/site\/#website\"},\"primaryImageOfPage\":{\"@id\":\"https:\/\/queijosnobrasil.com.br\/site\/fondue\/#primaryimage\"},\"image\":{\"@id\":\"https:\/\/queijosnobrasil.com.br\/site\/fondue\/#primaryimage\"},\"thumbnailUrl\":\"https:\/\/queijosnobrasil.com.br\/site\/wp-content\/uploads\/2022\/12\/requeijo-sem.jpg\",\"datePublished\":\"2022-12-20T15:56:22+00:00\",\"dateModified\":\"2023-05-16T20:37:32+00:00\",\"breadcrumb\":{\"@id\":\"https:\/\/queijosnobrasil.com.br\/site\/fondue\/#breadcrumb\"},\"inLanguage\":\"pt-BR\",\"potentialAction\":[{\"@type\":\"ReadAction\",\"target\":[\"https:\/\/queijosnobrasil.com.br\/site\/fondue\/\"]}]},{\"@type\":\"ImageObject\",\"inLanguage\":\"pt-BR\",\"@id\":\"https:\/\/queijosnobrasil.com.br\/site\/fondue\/#primaryimage\",\"url\":\"https:\/\/queijosnobrasil.com.br\/site\/wp-content\/uploads\/2022\/12\/requeijo-sem.jpg\",\"contentUrl\":\"https:\/\/queijosnobrasil.com.br\/site\/wp-content\/uploads\/2022\/12\/requeijo-sem.jpg\",\"width\":200,\"height\":149},{\"@type\":\"BreadcrumbList\",\"@id\":\"https:\/\/queijosnobrasil.com.br\/site\/fondue\/#breadcrumb\",\"itemListElement\":[{\"@type\":\"ListItem\",\"position\":1,\"name\":\"In\u00edcio\",\"item\":\"https:\/\/queijosnobrasil.com.br\/site\/\"},{\"@type\":\"ListItem\",\"position\":2,\"name\":\"Fondue\"}]},{\"@type\":\"WebSite\",\"@id\":\"https:\/\/queijosnobrasil.com.br\/site\/#website\",\"url\":\"https:\/\/queijosnobrasil.com.br\/site\/\",\"name\":\"Queijos no Brasil\",\"description\":\"Empresa voltada a difus\u00e3o de t\u00e9cnicas de fabrica\u00e7\u00e3o e com\u00e9rcio de ingredientes para produtos l\u00e1cteos : queijo (mussarela, Minas Frescal, coalho, ricota...), iogurte, coalhada, requeij\u00e3o, doce de leite e derivados l\u00e1ticos em geral.\",\"publisher\":{\"@id\":\"https:\/\/queijosnobrasil.com.br\/site\/#organization\"},\"potentialAction\":[{\"@type\":\"SearchAction\",\"target\":{\"@type\":\"EntryPoint\",\"urlTemplate\":\"https:\/\/queijosnobrasil.com.br\/site\/?s={search_term_string}\"},\"query-input\":{\"@type\":\"PropertyValueSpecification\",\"valueRequired\":true,\"valueName\":\"search_term_string\"}}],\"inLanguage\":\"pt-BR\"},{\"@type\":\"Organization\",\"@id\":\"https:\/\/queijosnobrasil.com.br\/site\/#organization\",\"name\":\"Queijos no Brasil\",\"url\":\"https:\/\/queijosnobrasil.com.br\/site\/\",\"logo\":{\"@type\":\"ImageObject\",\"inLanguage\":\"pt-BR\",\"@id\":\"https:\/\/queijosnobrasil.com.br\/site\/#\/schema\/logo\/image\/\",\"url\":\"https:\/\/queijosnobrasil.com.br\/site\/wp-content\/uploads\/2025\/04\/logo-1.webp\",\"contentUrl\":\"https:\/\/queijosnobrasil.com.br\/site\/wp-content\/uploads\/2025\/04\/logo-1.webp\",\"width\":288,\"height\":288,\"caption\":\"Queijos no Brasil\"},\"image\":{\"@id\":\"https:\/\/queijosnobrasil.com.br\/site\/#\/schema\/logo\/image\/\"},\"sameAs\":[\"https:\/\/www.youtube.com\/@queijosnobrasil1698\"]},{\"@type\":\"Person\",\"@id\":\"https:\/\/queijosnobrasil.com.br\/site\/#\/schema\/person\/ffd948f2dd090403c987eb626885f72c\",\"name\":\"Queijos no Brasil\",\"image\":{\"@type\":\"ImageObject\",\"inLanguage\":\"pt-BR\",\"@id\":\"https:\/\/secure.gravatar.com\/avatar\/670b886dc6ab5c07aeb3effa3b8646ea730b765de2cd4c96f5dd2d6a6b9867d0?s=96&d=mm&r=g\",\"url\":\"https:\/\/secure.gravatar.com\/avatar\/670b886dc6ab5c07aeb3effa3b8646ea730b765de2cd4c96f5dd2d6a6b9867d0?s=96&d=mm&r=g\",\"contentUrl\":\"https:\/\/secure.gravatar.com\/avatar\/670b886dc6ab5c07aeb3effa3b8646ea730b765de2cd4c96f5dd2d6a6b9867d0?s=96&d=mm&r=g\",\"caption\":\"Queijos no Brasil\"},\"url\":\"https:\/\/queijosnobrasil.com.br\/site\/author\/admin\/\"}]}<\/script>\n<!-- \/ Yoast SEO plugin. -->","yoast_head_json":{"title":"Fondue - Queijos no Brasil","robots":{"index":"index","follow":"follow","max-snippet":"max-snippet:-1","max-image-preview":"max-image-preview:large","max-video-preview":"max-video-preview:-1"},"canonical":"https:\/\/queijosnobrasil.com.br\/site\/fondue\/","og_locale":"pt_BR","og_type":"article","og_title":"Fondue - Queijos no Brasil","og_description":"A palavra \u00e9 feminina (se refere a pasta fondue),\u00a0sendo comum no Brasil ser tratada como &#8221; o Fondue&#8221;, no masculino. A\u00a0fondue foi criada Su\u00ed\u00e7a em meio \u00e0 Segunda Guerra Mundial. Por causa das batalhas e do inverno rigoroso, os camponeses que moravam nas regi\u00f5es montanhosas n\u00e3o tinham como buscar mantimentos nas cidades. Para n\u00e3o morrer [&hellip;]","og_url":"https:\/\/queijosnobrasil.com.br\/site\/fondue\/","og_site_name":"Queijos no Brasil","article_published_time":"2022-12-20T15:56:22+00:00","article_modified_time":"2023-05-16T20:37:32+00:00","og_image":[{"width":200,"height":149,"url":"https:\/\/queijosnobrasil.com.br\/site\/wp-content\/uploads\/2022\/12\/requeijo-sem.jpg","type":"image\/jpeg"}],"author":"Queijos no Brasil","twitter_card":"summary_large_image","twitter_misc":{"Escrito por":"Queijos no Brasil","Est. tempo de leitura":"3 minutos"},"schema":{"@context":"https:\/\/schema.org","@graph":[{"@type":"Article","@id":"https:\/\/queijosnobrasil.com.br\/site\/fondue\/#article","isPartOf":{"@id":"https:\/\/queijosnobrasil.com.br\/site\/fondue\/"},"author":{"name":"Queijos no Brasil","@id":"https:\/\/queijosnobrasil.com.br\/site\/#\/schema\/person\/ffd948f2dd090403c987eb626885f72c"},"headline":"Fondue","datePublished":"2022-12-20T15:56:22+00:00","dateModified":"2023-05-16T20:37:32+00:00","mainEntityOfPage":{"@id":"https:\/\/queijosnobrasil.com.br\/site\/fondue\/"},"wordCount":633,"commentCount":0,"publisher":{"@id":"https:\/\/queijosnobrasil.com.br\/site\/#organization"},"image":{"@id":"https:\/\/queijosnobrasil.com.br\/site\/fondue\/#primaryimage"},"thumbnailUrl":"https:\/\/queijosnobrasil.com.br\/site\/wp-content\/uploads\/2022\/12\/requeijo-sem.jpg","articleSection":["Tudo sobre Queijo"],"inLanguage":"pt-BR","potentialAction":[{"@type":"CommentAction","name":"Comment","target":["https:\/\/queijosnobrasil.com.br\/site\/fondue\/#respond"]}]},{"@type":"WebPage","@id":"https:\/\/queijosnobrasil.com.br\/site\/fondue\/","url":"https:\/\/queijosnobrasil.com.br\/site\/fondue\/","name":"Fondue - Queijos no Brasil","isPartOf":{"@id":"https:\/\/queijosnobrasil.com.br\/site\/#website"},"primaryImageOfPage":{"@id":"https:\/\/queijosnobrasil.com.br\/site\/fondue\/#primaryimage"},"image":{"@id":"https:\/\/queijosnobrasil.com.br\/site\/fondue\/#primaryimage"},"thumbnailUrl":"https:\/\/queijosnobrasil.com.br\/site\/wp-content\/uploads\/2022\/12\/requeijo-sem.jpg","datePublished":"2022-12-20T15:56:22+00:00","dateModified":"2023-05-16T20:37:32+00:00","breadcrumb":{"@id":"https:\/\/queijosnobrasil.com.br\/site\/fondue\/#breadcrumb"},"inLanguage":"pt-BR","potentialAction":[{"@type":"ReadAction","target":["https:\/\/queijosnobrasil.com.br\/site\/fondue\/"]}]},{"@type":"ImageObject","inLanguage":"pt-BR","@id":"https:\/\/queijosnobrasil.com.br\/site\/fondue\/#primaryimage","url":"https:\/\/queijosnobrasil.com.br\/site\/wp-content\/uploads\/2022\/12\/requeijo-sem.jpg","contentUrl":"https:\/\/queijosnobrasil.com.br\/site\/wp-content\/uploads\/2022\/12\/requeijo-sem.jpg","width":200,"height":149},{"@type":"BreadcrumbList","@id":"https:\/\/queijosnobrasil.com.br\/site\/fondue\/#breadcrumb","itemListElement":[{"@type":"ListItem","position":1,"name":"In\u00edcio","item":"https:\/\/queijosnobrasil.com.br\/site\/"},{"@type":"ListItem","position":2,"name":"Fondue"}]},{"@type":"WebSite","@id":"https:\/\/queijosnobrasil.com.br\/site\/#website","url":"https:\/\/queijosnobrasil.com.br\/site\/","name":"Queijos no Brasil","description":"Empresa voltada a difus\u00e3o de t\u00e9cnicas de fabrica\u00e7\u00e3o e com\u00e9rcio de ingredientes para produtos l\u00e1cteos : queijo (mussarela, Minas Frescal, coalho, ricota...), iogurte, coalhada, requeij\u00e3o, doce de leite e derivados l\u00e1ticos em geral.","publisher":{"@id":"https:\/\/queijosnobrasil.com.br\/site\/#organization"},"potentialAction":[{"@type":"SearchAction","target":{"@type":"EntryPoint","urlTemplate":"https:\/\/queijosnobrasil.com.br\/site\/?s={search_term_string}"},"query-input":{"@type":"PropertyValueSpecification","valueRequired":true,"valueName":"search_term_string"}}],"inLanguage":"pt-BR"},{"@type":"Organization","@id":"https:\/\/queijosnobrasil.com.br\/site\/#organization","name":"Queijos no Brasil","url":"https:\/\/queijosnobrasil.com.br\/site\/","logo":{"@type":"ImageObject","inLanguage":"pt-BR","@id":"https:\/\/queijosnobrasil.com.br\/site\/#\/schema\/logo\/image\/","url":"https:\/\/queijosnobrasil.com.br\/site\/wp-content\/uploads\/2025\/04\/logo-1.webp","contentUrl":"https:\/\/queijosnobrasil.com.br\/site\/wp-content\/uploads\/2025\/04\/logo-1.webp","width":288,"height":288,"caption":"Queijos no Brasil"},"image":{"@id":"https:\/\/queijosnobrasil.com.br\/site\/#\/schema\/logo\/image\/"},"sameAs":["https:\/\/www.youtube.com\/@queijosnobrasil1698"]},{"@type":"Person","@id":"https:\/\/queijosnobrasil.com.br\/site\/#\/schema\/person\/ffd948f2dd090403c987eb626885f72c","name":"Queijos no Brasil","image":{"@type":"ImageObject","inLanguage":"pt-BR","@id":"https:\/\/secure.gravatar.com\/avatar\/670b886dc6ab5c07aeb3effa3b8646ea730b765de2cd4c96f5dd2d6a6b9867d0?s=96&d=mm&r=g","url":"https:\/\/secure.gravatar.com\/avatar\/670b886dc6ab5c07aeb3effa3b8646ea730b765de2cd4c96f5dd2d6a6b9867d0?s=96&d=mm&r=g","contentUrl":"https:\/\/secure.gravatar.com\/avatar\/670b886dc6ab5c07aeb3effa3b8646ea730b765de2cd4c96f5dd2d6a6b9867d0?s=96&d=mm&r=g","caption":"Queijos no Brasil"},"url":"https:\/\/queijosnobrasil.com.br\/site\/author\/admin\/"}]}},"_links":{"self":[{"href":"https:\/\/queijosnobrasil.com.br\/site\/wp-json\/wp\/v2\/posts\/6524","targetHints":{"allow":["GET"]}}],"collection":[{"href":"https:\/\/queijosnobrasil.com.br\/site\/wp-json\/wp\/v2\/posts"}],"about":[{"href":"https:\/\/queijosnobrasil.com.br\/site\/wp-json\/wp\/v2\/types\/post"}],"author":[{"embeddable":true,"href":"https:\/\/queijosnobrasil.com.br\/site\/wp-json\/wp\/v2\/users\/1"}],"replies":[{"embeddable":true,"href":"https:\/\/queijosnobrasil.com.br\/site\/wp-json\/wp\/v2\/comments?post=6524"}],"version-history":[{"count":3,"href":"https:\/\/queijosnobrasil.com.br\/site\/wp-json\/wp\/v2\/posts\/6524\/revisions"}],"predecessor-version":[{"id":7793,"href":"https:\/\/queijosnobrasil.com.br\/site\/wp-json\/wp\/v2\/posts\/6524\/revisions\/7793"}],"wp:attachment":[{"href":"https:\/\/queijosnobrasil.com.br\/site\/wp-json\/wp\/v2\/media?parent=6524"}],"wp:term":[{"taxonomy":"category","embeddable":true,"href":"https:\/\/queijosnobrasil.com.br\/site\/wp-json\/wp\/v2\/categories?post=6524"},{"taxonomy":"post_tag","embeddable":true,"href":"https:\/\/queijosnobrasil.com.br\/site\/wp-json\/wp\/v2\/tags?post=6524"}],"curies":[{"name":"wp","href":"https:\/\/api.w.org\/{rel}","templated":true}]}}