{"id":6501,"date":"2022-12-20T12:44:21","date_gmt":"2022-12-20T15:44:21","guid":{"rendered":"https:\/\/queijosnobrasil.com.br\/site\/?p=6501"},"modified":"2023-09-16T10:23:04","modified_gmt":"2023-09-16T13:23:04","slug":"requeijao-creme-suico","status":"publish","type":"post","link":"https:\/\/queijosnobrasil.com.br\/site\/requeijao-creme-suico\/","title":{"rendered":"Requeij\u00e3o Creme Sui\u00e7o"},"content":{"rendered":"\r\n<p><span style=\"font-family: verdana, geneva, sans-serif;\">Este requeij\u00e3o perdeu-se num tempo onde ainda andava-se de bonde.\u00a0Apresentamos\u00a0uma tecnologia originalmente processada com leite \u201ccru\u201d adaptada para se trabalhar com leite pasteurizado e fermenta\u00e7\u00e3o l\u00e1tica.<\/span><\/p>\r\n<p><span style=\"font-family: verdana, geneva, sans-serif;\">\r\n\r\n<\/span><\/p>\r\n<p><span style=\"font-family: verdana, geneva, sans-serif;\">Muito do sucesso dos requeij\u00f5es regionais se davam ao fato do sabor \u201cleiteiro\u201d traduzidos\u00a0por um leite de qualidade influenciado pelo manejo leiteiro,\u00a0\u00a0como alimenta\u00e7\u00e3o,, ra\u00e7a dos animais e clima.<\/span><\/p>\r\n<p><span style=\"font-family: verdana, geneva, sans-serif;\">\r\n\r\n<\/span><\/p>\r\n<p><span style=\"font-family: verdana, geneva, sans-serif;\">O rendimento m\u00e9dio situa-se na faixa de 5,5 a 6 litros de leite por quilo de requeij\u00e3o.<\/span><\/p>\r\n<p><span style=\"font-family: verdana, geneva, sans-serif;\">\r\n\r\n<\/span><\/p>\r\n<p><span style=\"font-family: verdana, geneva, sans-serif;\">A massa apresenta pH final na faixa de 4,80 a 5,20, sendo necess\u00e1rio a utiliza\u00e7\u00e3o de bicarbonato de s\u00f3dio (seguindo a tradi\u00e7\u00e3o antiga) como corretor e tamb\u00e9m fundente de caracter\u00edstica alcalina. Originalmente \u00e9 um requeij\u00e3o que vai do semi cremoso ao firme (barra).\u00a0\u00a0<\/span><\/p>\r\n<p><span style=\"font-family: verdana, geneva, sans-serif;\">\r\n\r\n<\/span><\/p>\r\n<p><span style=\"font-family: verdana, geneva, sans-serif;\">Composi\u00e7\u00e3o m\u00e9dia do produto<\/span><\/p>\r\n<p><span style=\"font-family: verdana, geneva, sans-serif;\">\r\n\r\n<\/span><\/p>\r\n<figure class=\"wp-block-table\">\r\n<table>\r\n<tbody>\r\n<tr>\r\n<td>\r\n<p><span style=\"font-family: verdana, geneva, sans-serif;\">F\u00edsico Qu\u00edmicas <\/span><\/p>\r\n<p><span style=\"font-family: verdana, geneva, sans-serif;\">EST: 45%<\/span><br \/><span style=\"font-family: verdana, geneva, sans-serif;\">Gordura:\u00a0 28%<\/span><br \/><span style=\"font-family: verdana, geneva, sans-serif;\">ESD: 17%<\/span><br \/><span style=\"font-family: verdana, geneva, sans-serif;\">GES: 60 a 65%<\/span><br \/><span style=\"font-family: verdana, geneva, sans-serif;\">Sal: 0,80 a 0,85%<\/span><br \/><span style=\"font-family: verdana, geneva, sans-serif;\">Umidade: 55%<\/span><\/p>\r\n<\/td>\r\n<\/tr>\r\n<\/tbody>\r\n<\/table>\r\n<\/figure>\r\n<p><span style=\"font-family: verdana, geneva, sans-serif;\">\r\n\r\n<\/span><\/p>\r\n<p><span style=\"font-family: verdana, geneva, sans-serif;\">Tecnologia &#8211; mat\u00e9ria prima:<\/span><\/p>\r\n<p><span style=\"font-family: verdana, geneva, sans-serif;\">\r\n\r\n<\/span><\/p>\r\n<p><span style=\"font-family: verdana, geneva, sans-serif;\">Leite: leite desnatado pasteurizado (m\u00e1ximo de 0,5% de gordura) com demais caracter\u00edsticas f\u00edsico qu\u00edmicas normais para leite de boa qualidade.<\/span><\/p>\r\n<p><span style=\"font-family: verdana, geneva, sans-serif;\">\r\n\r\n<\/span><\/p>\r\n<p><span style=\"font-family: verdana, geneva, sans-serif;\">Creme: Utilizar o creme do desnate, pasteurizar a 80\u00baC\/10 minutos ou em equipamento pasteurizador HTST tamb\u00e9m a 80\u00baC\/ 16 segundos.<\/span><\/p>\r\n<p><span style=\"font-family: verdana, geneva, sans-serif;\">\r\n\r\n<\/span><\/p>\r\n<p><span style=\"font-family: verdana, geneva, sans-serif;\">Para melhor padroniza\u00e7\u00e3o de todo o processo regular o teor de gordura do creme em 50% \u00b11 e acidez m\u00e1xima de 18\u00baD.\u00a0O creme deve ser adicionado a quente (55 &#8211; 60\u00baC).<\/span><\/p>\r\n<p><span style=\"font-family: verdana, geneva, sans-serif;\">\r\n\r\n<\/span><\/p>\r\n<p><span style=\"font-family: verdana, geneva, sans-serif;\">Ingredientes:<\/span><\/p>\r\n<p><span style=\"font-family: verdana, geneva, sans-serif;\">\r\n\r\n<\/span><\/p>\r\n<ul class=\"wp-block-list\">\r\n<li><span style=\"font-family: verdana, geneva, sans-serif;\">Cloreto de s\u00f3dio: sal refinado isento de impurezas.<\/span><\/li>\r\n\r\n\r\n\r\n<li><span style=\"font-family: verdana, geneva, sans-serif;\">Sal fundente: a base de citrato de s\u00f3dio. Uso normal at\u00e9 2%.<\/span><\/li>\r\n\r\n\r\n\r\n<li><span style=\"font-family: verdana, geneva, sans-serif;\">Bicarbonato de S\u00f3dio: juntamente com o citrato ir\u00e1 auxiliar na emuls\u00e3o dos ingredientes l\u00e1ticos com \u00e1gua.<\/span><\/li>\r\n\r\n\r\n\r\n<li><span style=\"font-family: verdana, geneva, sans-serif;\">Conservante sorbato de pot\u00e1ssio: calcular em torno de 0,03% sobre a quantidade final de produto.<\/span><\/li>\r\n\r\n\r\n\r\n<li><span style=\"font-family: verdana, geneva, sans-serif;\">Fermento l\u00e1tico industrial composto de\u00a0<em>Lactococcus lactis subsp. Cremoris e Lactococcus lactis subsp. Lactis.<\/em><\/span><\/li>\r\n\r\n\r\n\r\n<li><span style=\"font-family: verdana, geneva, sans-serif;\">\u00c1gua .<\/span><\/li>\r\n<\/ul>\r\n<p><span style=\"font-family: verdana, geneva, sans-serif;\">\r\n\r\n<\/span><\/p>\r\n<p><span style=\"font-family: verdana, geneva, sans-serif;\">Preparo de massa (op\u00e7\u00e3o 1):<\/span><br \/><span style=\"font-family: verdana, geneva, sans-serif;\">Desnatar o leite e aquec\u00ea-lo a temperatura de 30\u00baC em tanque de parede dupla.<\/span><br \/><span style=\"font-family: verdana, geneva, sans-serif;\">Adicionar 3 a 5% de fermento l\u00e1tico industrial e deixar fermentar por 4 a 6 horas at\u00e9 que atinja o pH de 4,6 ou acidez em torno de 70\u00baD.<\/span><br \/><span style=\"font-family: verdana, geneva, sans-serif;\">Iniciar mexedura lenta com aquecimento de vapor indireto at\u00e9 atingir 75\u00baC (verificar a forma\u00e7\u00e3o de uma massa firme com desprendimento de soro esverdeado).<\/span><br \/><span style=\"font-family: verdana, geneva, sans-serif;\">Retirar a totalidade do soro e efetuar duas lavagens com \u00e1gua industrial ou gelada (de prefer\u00eancia) na propor\u00e7\u00e3o de 5 vezes a quantidade da massa para cada lavagem.<\/span><br \/><span style=\"font-family: verdana, geneva, sans-serif;\">A acidez final da \u00e1gua de lavagem dever\u00e1 ser de 1\u00baD ou nula (ideal).<\/span><br \/><span style=\"font-family: verdana, geneva, sans-serif;\">Ap\u00f3s as lavagens, retirar a \u00e1gua e prensar por 30 minutos com 40 libras \/pol\u00b2 (ideal dreno prensa).<\/span><br \/><span style=\"font-family: verdana, geneva, sans-serif;\">Ap\u00f3s a prensagem armazenar em c\u00e2mara frigor\u00edfica de estocagem (m\u00e1x. 5\u00baC) por at\u00e9 60 dias (dependendo das condi\u00e7\u00f5es de prensagem e temperatura de armazenagem).<\/span><\/p>\r\n<p><span style=\"font-family: verdana, geneva, sans-serif;\">\r\n\r\n<\/span><\/p>\r\n<p><span style=\"font-family: verdana, geneva, sans-serif;\">Preparo de massa (op\u00e7\u00e3o 2):<\/span><br \/><span style=\"font-family: verdana, geneva, sans-serif;\">Desnatar o leite e aquec\u00ea-lo a temperatura de 35\u00baC em tanque de parede dupla provido de tampa.<\/span><br \/><span style=\"font-family: verdana, geneva, sans-serif;\">Adicionar 1% de fermento l\u00e1tico industrial e deixar fermentar por 8 horas at\u00e9 que atinja o pH de 4,6 ou acidez em torno de 70\u00baD.<\/span><br \/><span style=\"font-family: verdana, geneva, sans-serif;\">Iniciar mexedura lenta com aquecimento de vapor indireto at\u00e9 atingir 65\u00baC (verificar a forma\u00e7\u00e3o de uma massa firme com desprendimento de soro esverdeado).<\/span><br \/><span style=\"font-family: verdana, geneva, sans-serif;\">Retirar a totalidade do soro e efetuar duas lavagens com \u00e1gua industrial ou gelada (de prefer\u00eancia) na propor\u00e7\u00e3o de 5 vezes a quantidade da massa para cada lavagem. A acidez final da \u00e1gua de lavagem dever\u00e1 ser de 1\u00baD ou nula (ideal).<\/span><br \/><span style=\"font-family: verdana, geneva, sans-serif;\">Ap\u00f3s as lavagens, retirar a \u00e1gua e prensar por 30 minutos em 40 libras \/pol\u00b2 (ideal dreno prensa).<\/span><br \/><span style=\"font-family: verdana, geneva, sans-serif;\">Ap\u00f3s a prensagem armazenar em c\u00e2mara frigor\u00edfica de estocagem (m\u00e1x. 5\u00baC) por at\u00e9 60 dias (dependendo das condi\u00e7\u00f5es de prensagem e temperatura de armazenagem).<\/span><\/p>\r\n<p><span style=\"font-family: verdana, geneva, sans-serif;\">\r\n\r\n<\/span><\/p>\r\n<p><span style=\"font-family: verdana, geneva, sans-serif;\">Tratamento com a massa:<\/span><br \/><span style=\"font-family: verdana, geneva, sans-serif;\">Ap\u00f3s 24 horas do processamento a massa dever\u00e1 ser mo\u00edda ou triturada e acondicionada com 30% do seu peso em creme. Dever\u00e1 novamente ser armazenada em c\u00e2mara fria por um per\u00edodo de 1 semana. Ap\u00f3s este per\u00edodo poder\u00e1 ser processada normalmente.<\/span><\/p>\r\n<p><span style=\"font-family: verdana, geneva, sans-serif;\">\r\n\r\n<\/span><\/p>\r\n<p><span style=\"font-family: verdana, geneva, sans-serif;\">Fus\u00e3o<\/span><br \/><span style=\"font-family: verdana, geneva, sans-serif;\">Tacho aberto:<\/span><br \/><span style=\"font-family: verdana, geneva, sans-serif;\">Tradicionalmente\u00a0este tipo de requeij\u00e3o \u00e9 elaborado em tachos abertos com misturadores do tipo \u201cfilador\u201d.<\/span><br \/><span style=\"font-family: verdana, geneva, sans-serif;\">A fus\u00e3o \u00e9 iniciada com adi\u00e7\u00e3o da massa ao tacho e aquecimento com no m\u00e1ximo 10 lbs\/pol\u00b2 na press\u00e3o do mesmo. A esta massa adiciona-se o sal e parte do bicarbonato de s\u00f3dio\u00a0 dilu\u00eddo em parte de \u00e1gua.<\/span><br \/><span style=\"font-family: verdana, geneva, sans-serif;\">Visualmente observa-se a incorpora\u00e7\u00e3o do creme e \u00e1gua, transformando-se em uma pasta homog\u00eanea e muito arom\u00e1tica. No decorrer do processamento a massa r\u00edgida dever\u00e1 dar lugar a uma pasta homog\u00eanea que absorva o restante do creme de leite e \u00e1gua se necess\u00e1rio.<\/span><br \/><span style=\"font-family: verdana, geneva, sans-serif;\">O citrato de s\u00f3dio dever\u00e1 ser adicionado em at\u00e9 2% pesados sobre a massa e dosado gradativamente conforme a mudan\u00e7a de estados (massa para pasta).<\/span><br \/><span style=\"font-family: verdana, geneva, sans-serif;\">O aquecimento final dever\u00e1 ser de 85\u00baC com a adi\u00e7\u00e3o do restante do creme e \u00e1gua\u00a0 calculados num tempo m\u00e9dio de 40 minutos para uma tachada de 150 quilos de produto final.<\/span><br \/><span style=\"font-family: verdana, geneva, sans-serif;\">Press\u00e3o final no tacho de processamento: 20 lbs\/pol\u00b2.<\/span><\/p>\r\n<p><span style=\"font-family: verdana, geneva, sans-serif;\">\r\n\r\n<\/span><\/p>\r\n<p><span style=\"font-family: verdana, geneva, sans-serif;\">Formula\u00e7\u00e3o pr\u00e1tica com 25 quilos finais:<\/span><br \/><span style=\"font-family: verdana, geneva, sans-serif;\">Componentes: massa (40% est), creme (50% de gordura), sal comum (0,85% sobre a formula\u00e7\u00e3o final), sais de fus\u00e3o (0,6% sobre a formula\u00e7\u00e3o final).<\/span><\/p>\r\n<p><span style=\"font-family: verdana, geneva, sans-serif;\">\r\n\r\n<\/span><\/p>\r\n<p><span style=\"font-family: verdana, geneva, sans-serif;\">Formula\u00e7\u00e3o\u00a0com gordura (28%), umidade (55%), sal (0,85%) e GES (62%):\u00a0\u00a0<\/span><\/p>\r\n<p><span style=\"font-family: verdana, geneva, sans-serif;\">\r\n\r\n<\/span><\/p>\r\n<figure class=\"wp-block-table\">\r\n<table>\r\n<tbody>\r\n<tr>\r\n<td><span style=\"font-family: verdana, geneva, sans-serif;\">Produto<\/span><\/td>\r\n<td><span style=\"font-family: verdana, geneva, sans-serif;\">Quantidade (quilos)<\/span><\/td>\r\n<td><span style=\"font-family: verdana, geneva, sans-serif;\">est<\/span><\/td>\r\n<td><span style=\"font-family: verdana, geneva, sans-serif;\">gordura<\/span><\/td>\r\n<td><span style=\"font-family: verdana, geneva, sans-serif;\">umidade<\/span><\/td>\r\n<td><span style=\"font-family: verdana, geneva, sans-serif;\">sal<\/span><\/td>\r\n<td><span style=\"font-family: verdana, geneva, sans-serif;\">pH<\/span><\/td>\r\n<\/tr>\r\n<tr>\r\n<td><span style=\"font-family: verdana, geneva, sans-serif;\">Massa<\/span><\/td>\r\n<td><span style=\"font-family: verdana, geneva, sans-serif;\">9,718<\/span><\/td>\r\n<td><span style=\"font-family: verdana, geneva, sans-serif;\">3,887<\/span><\/td>\r\n<td><span style=\"font-family: verdana, geneva, sans-serif;\">&#8211;<\/span><\/td>\r\n<td><span style=\"font-family: verdana, geneva, sans-serif;\">5,831<\/span><\/td>\r\n<td><span style=\"font-family: verdana, geneva, sans-serif;\">&#8211;<\/span><\/td>\r\n<td><span style=\"font-family: verdana, geneva, sans-serif;\">5,2<\/span><\/td>\r\n<\/tr>\r\n<tr>\r\n<td><span style=\"font-family: verdana, geneva, sans-serif;\">Creme<\/span><\/td>\r\n<td><span style=\"font-family: verdana, geneva, sans-serif;\">14<\/span><\/td>\r\n<td><span style=\"font-family: verdana, geneva, sans-serif;\">7<\/span><\/td>\r\n<td><span style=\"font-family: verdana, geneva, sans-serif;\">7<\/span><\/td>\r\n<td><span style=\"font-family: verdana, geneva, sans-serif;\">7<\/span><\/td>\r\n<td><span style=\"font-family: verdana, geneva, sans-serif;\">&#8211;<\/span><\/td>\r\n<td><span style=\"font-family: verdana, geneva, sans-serif;\">6,5<\/span><\/td>\r\n<\/tr>\r\n<tr>\r\n<td><span style=\"font-family: verdana, geneva, sans-serif;\">Fundente<\/span><\/td>\r\n<td><span style=\"font-family: verdana, geneva, sans-serif;\">0,150<\/span><\/td>\r\n<td><span style=\"font-family: verdana, geneva, sans-serif;\">0,150<\/span><\/td>\r\n<td><span style=\"font-family: verdana, geneva, sans-serif;\">&#8211;<\/span><\/td>\r\n<td><span style=\"font-family: verdana, geneva, sans-serif;\">&#8211;<\/span><\/td>\r\n<td><span style=\"font-family: verdana, geneva, sans-serif;\">&#8211;<\/span><\/td>\r\n<td><span style=\"font-family: verdana, geneva, sans-serif;\">9<\/span><\/td>\r\n<\/tr>\r\n<tr>\r\n<td><span style=\"font-family: verdana, geneva, sans-serif;\">Sal<\/span><\/td>\r\n<td><span style=\"font-family: verdana, geneva, sans-serif;\">0,212<\/span><\/td>\r\n<td><span style=\"font-family: verdana, geneva, sans-serif;\">0,212<\/span><\/td>\r\n<td><span style=\"font-family: verdana, geneva, sans-serif;\">&#8211;<\/span><\/td>\r\n<td><span style=\"font-family: verdana, geneva, sans-serif;\">&#8211;<\/span><\/td>\r\n<td><span style=\"font-family: verdana, geneva, sans-serif;\">0,212<\/span><\/td>\r\n<td><span style=\"font-family: verdana, geneva, sans-serif;\">7,2<\/span><\/td>\r\n<\/tr>\r\n<tr>\r\n<td><span style=\"font-family: verdana, geneva, sans-serif;\">\u00c1gua condensada<\/span><\/td>\r\n<td><span style=\"font-family: verdana, geneva, sans-serif;\">&#8211;<\/span><\/td>\r\n<td><span style=\"font-family: verdana, geneva, sans-serif;\">&#8211;<\/span><\/td>\r\n<td><span style=\"font-family: verdana, geneva, sans-serif;\">&#8211;<\/span><\/td>\r\n<td><span style=\"font-family: verdana, geneva, sans-serif;\">&#8211;<\/span><\/td>\r\n<td><span style=\"font-family: verdana, geneva, sans-serif;\">&#8211;<\/span><\/td>\r\n<td><span style=\"font-family: verdana, geneva, sans-serif;\">&#8211;<\/span><\/td>\r\n<\/tr>\r\n<tr>\r\n<td><span style=\"font-family: verdana, geneva, sans-serif;\">\u00c1gua adicionada<\/span><\/td>\r\n<td><span style=\"font-family: verdana, geneva, sans-serif;\">0,92<\/span><\/td>\r\n<td><span style=\"font-family: verdana, geneva, sans-serif;\">&#8211;<\/span><\/td>\r\n<td><span style=\"font-family: verdana, geneva, sans-serif;\">&#8211;<\/span><\/td>\r\n<td><span style=\"font-family: verdana, geneva, sans-serif;\">0,92<\/span><\/td>\r\n<td><span style=\"font-family: verdana, geneva, sans-serif;\">&#8211;<\/span><\/td>\r\n<td><span style=\"font-family: verdana, geneva, sans-serif;\">7,2<\/span><\/td>\r\n<\/tr>\r\n<tr>\r\n<td><span style=\"font-family: verdana, geneva, sans-serif;\">Total<\/span><\/td>\r\n<td><span style=\"font-family: verdana, geneva, sans-serif;\">25<\/span><\/td>\r\n<td><span style=\"font-family: verdana, geneva, sans-serif;\">11,249<\/span><\/td>\r\n<td><span style=\"font-family: verdana, geneva, sans-serif;\">7<\/span><\/td>\r\n<td><span style=\"font-family: verdana, geneva, sans-serif;\">13,751<\/span><\/td>\r\n<td><span style=\"font-family: verdana, geneva, sans-serif;\">0,212<\/span><\/td>\r\n<td><span style=\"font-family: verdana, geneva, sans-serif;\">&#8211;<\/span><\/td>\r\n<\/tr>\r\n<tr>\r\n<td><span style=\"font-family: verdana, geneva, sans-serif;\">Especifica\u00e7\u00e3o (%)<\/span><\/td>\r\n<td><span style=\"font-family: verdana, geneva, sans-serif;\">100<\/span><\/td>\r\n<td><span style=\"font-family: verdana, geneva, sans-serif;\">45<\/span><\/td>\r\n<td><span style=\"font-family: verdana, geneva, sans-serif;\">26<\/span><\/td>\r\n<td><span style=\"font-family: verdana, geneva, sans-serif;\">55<\/span><\/td>\r\n<td><span style=\"font-family: verdana, geneva, sans-serif;\">0,85<\/span><\/td>\r\n<td><span style=\"font-family: verdana, geneva, sans-serif;\">5,5<\/span><\/td>\r\n<\/tr>\r\n<\/tbody>\r\n<\/table>\r\n<\/figure>\r\n<p><span style=\"font-family: verdana, geneva, sans-serif;\">\r\n\r\n<\/span><\/p>\r\n<p><span style=\"font-family: verdana, geneva, sans-serif;\">Conservantes: sorbato de pot\u00e1ssio 7,5 grs.<\/span><br \/><span style=\"font-family: verdana, geneva, sans-serif;\">*Varia\u00e7\u00f5es de \u00b1 1 aceit\u00e1vel.<\/span><\/p>\r\n<p><span style=\"font-family: verdana, geneva, sans-serif;\">Autor: Professor Fernando Rodrigues<\/span><\/p>\r\n","protected":false},"excerpt":{"rendered":"<p>Este requeij\u00e3o perdeu-se num tempo onde ainda andava-se de bonde.\u00a0Apresentamos\u00a0uma tecnologia originalmente processada com leite \u201ccru\u201d adaptada para se trabalhar com leite pasteurizado e fermenta\u00e7\u00e3o l\u00e1tica. Muito do sucesso dos requeij\u00f5es regionais se davam ao fato do sabor \u201cleiteiro\u201d traduzidos\u00a0por um leite de qualidade influenciado pelo manejo leiteiro,\u00a0\u00a0como alimenta\u00e7\u00e3o,, ra\u00e7a dos animais e clima. O [&hellip;]<\/p>\n","protected":false},"author":1,"featured_media":0,"comment_status":"open","ping_status":"open","sticky":false,"template":"","format":"standard","meta":{"footnotes":""},"categories":[214],"tags":[],"class_list":["post-6501","post","type-post","status-publish","format-standard","hentry","category-tudo-sobre-queijo"],"yoast_head":"<!-- This site is optimized with the Yoast SEO plugin v27.2 - https:\/\/yoast.com\/product\/yoast-seo-wordpress\/ -->\n<title>Requeij\u00e3o Creme Sui\u00e7o - Queijos no Brasil<\/title>\n<meta name=\"robots\" content=\"index, follow, max-snippet:-1, max-image-preview:large, max-video-preview:-1\" \/>\n<link rel=\"canonical\" href=\"https:\/\/queijosnobrasil.com.br\/site\/requeijao-creme-suico\/\" \/>\n<meta property=\"og:locale\" content=\"pt_BR\" \/>\n<meta property=\"og:type\" content=\"article\" \/>\n<meta property=\"og:title\" content=\"Requeij\u00e3o Creme Sui\u00e7o - Queijos no Brasil\" \/>\n<meta property=\"og:description\" content=\"Este requeij\u00e3o perdeu-se num tempo onde ainda andava-se de bonde.\u00a0Apresentamos\u00a0uma tecnologia originalmente processada com leite \u201ccru\u201d adaptada para se trabalhar com leite pasteurizado e fermenta\u00e7\u00e3o l\u00e1tica. Muito do sucesso dos requeij\u00f5es regionais se davam ao fato do sabor \u201cleiteiro\u201d traduzidos\u00a0por um leite de qualidade influenciado pelo manejo leiteiro,\u00a0\u00a0como alimenta\u00e7\u00e3o,, ra\u00e7a dos animais e clima. O [&hellip;]\" \/>\n<meta property=\"og:url\" content=\"https:\/\/queijosnobrasil.com.br\/site\/requeijao-creme-suico\/\" \/>\n<meta property=\"og:site_name\" content=\"Queijos no Brasil\" \/>\n<meta property=\"article:published_time\" content=\"2022-12-20T15:44:21+00:00\" \/>\n<meta property=\"article:modified_time\" content=\"2023-09-16T13:23:04+00:00\" \/>\n<meta name=\"author\" content=\"Queijos no Brasil\" \/>\n<meta name=\"twitter:card\" content=\"summary_large_image\" \/>\n<meta name=\"twitter:label1\" content=\"Escrito por\" \/>\n\t<meta name=\"twitter:data1\" content=\"Queijos no Brasil\" \/>\n\t<meta name=\"twitter:label2\" content=\"Est. tempo de leitura\" \/>\n\t<meta name=\"twitter:data2\" content=\"5 minutos\" \/>\n<script type=\"application\/ld+json\" class=\"yoast-schema-graph\">{\"@context\":\"https:\/\/schema.org\",\"@graph\":[{\"@type\":\"Article\",\"@id\":\"https:\/\/queijosnobrasil.com.br\/site\/requeijao-creme-suico\/#article\",\"isPartOf\":{\"@id\":\"https:\/\/queijosnobrasil.com.br\/site\/requeijao-creme-suico\/\"},\"author\":{\"name\":\"Queijos no Brasil\",\"@id\":\"https:\/\/queijosnobrasil.com.br\/site\/#\/schema\/person\/ffd948f2dd090403c987eb626885f72c\"},\"headline\":\"Requeij\u00e3o Creme Sui\u00e7o\",\"datePublished\":\"2022-12-20T15:44:21+00:00\",\"dateModified\":\"2023-09-16T13:23:04+00:00\",\"mainEntityOfPage\":{\"@id\":\"https:\/\/queijosnobrasil.com.br\/site\/requeijao-creme-suico\/\"},\"wordCount\":931,\"commentCount\":0,\"publisher\":{\"@id\":\"https:\/\/queijosnobrasil.com.br\/site\/#organization\"},\"articleSection\":[\"Tudo sobre Queijo\"],\"inLanguage\":\"pt-BR\",\"potentialAction\":[{\"@type\":\"CommentAction\",\"name\":\"Comment\",\"target\":[\"https:\/\/queijosnobrasil.com.br\/site\/requeijao-creme-suico\/#respond\"]}]},{\"@type\":\"WebPage\",\"@id\":\"https:\/\/queijosnobrasil.com.br\/site\/requeijao-creme-suico\/\",\"url\":\"https:\/\/queijosnobrasil.com.br\/site\/requeijao-creme-suico\/\",\"name\":\"Requeij\u00e3o Creme Sui\u00e7o - Queijos no Brasil\",\"isPartOf\":{\"@id\":\"https:\/\/queijosnobrasil.com.br\/site\/#website\"},\"datePublished\":\"2022-12-20T15:44:21+00:00\",\"dateModified\":\"2023-09-16T13:23:04+00:00\",\"breadcrumb\":{\"@id\":\"https:\/\/queijosnobrasil.com.br\/site\/requeijao-creme-suico\/#breadcrumb\"},\"inLanguage\":\"pt-BR\",\"potentialAction\":[{\"@type\":\"ReadAction\",\"target\":[\"https:\/\/queijosnobrasil.com.br\/site\/requeijao-creme-suico\/\"]}]},{\"@type\":\"BreadcrumbList\",\"@id\":\"https:\/\/queijosnobrasil.com.br\/site\/requeijao-creme-suico\/#breadcrumb\",\"itemListElement\":[{\"@type\":\"ListItem\",\"position\":1,\"name\":\"In\u00edcio\",\"item\":\"https:\/\/queijosnobrasil.com.br\/site\/\"},{\"@type\":\"ListItem\",\"position\":2,\"name\":\"Requeij\u00e3o Creme Sui\u00e7o\"}]},{\"@type\":\"WebSite\",\"@id\":\"https:\/\/queijosnobrasil.com.br\/site\/#website\",\"url\":\"https:\/\/queijosnobrasil.com.br\/site\/\",\"name\":\"Queijos no Brasil\",\"description\":\"Empresa voltada a difus\u00e3o de t\u00e9cnicas de fabrica\u00e7\u00e3o e com\u00e9rcio de ingredientes para produtos l\u00e1cteos : queijo (mussarela, Minas Frescal, coalho, ricota...), iogurte, coalhada, requeij\u00e3o, doce de leite e derivados l\u00e1ticos em geral.\",\"publisher\":{\"@id\":\"https:\/\/queijosnobrasil.com.br\/site\/#organization\"},\"potentialAction\":[{\"@type\":\"SearchAction\",\"target\":{\"@type\":\"EntryPoint\",\"urlTemplate\":\"https:\/\/queijosnobrasil.com.br\/site\/?s={search_term_string}\"},\"query-input\":{\"@type\":\"PropertyValueSpecification\",\"valueRequired\":true,\"valueName\":\"search_term_string\"}}],\"inLanguage\":\"pt-BR\"},{\"@type\":\"Organization\",\"@id\":\"https:\/\/queijosnobrasil.com.br\/site\/#organization\",\"name\":\"Queijos no Brasil\",\"url\":\"https:\/\/queijosnobrasil.com.br\/site\/\",\"logo\":{\"@type\":\"ImageObject\",\"inLanguage\":\"pt-BR\",\"@id\":\"https:\/\/queijosnobrasil.com.br\/site\/#\/schema\/logo\/image\/\",\"url\":\"https:\/\/queijosnobrasil.com.br\/site\/wp-content\/uploads\/2025\/04\/logo-1.webp\",\"contentUrl\":\"https:\/\/queijosnobrasil.com.br\/site\/wp-content\/uploads\/2025\/04\/logo-1.webp\",\"width\":288,\"height\":288,\"caption\":\"Queijos no Brasil\"},\"image\":{\"@id\":\"https:\/\/queijosnobrasil.com.br\/site\/#\/schema\/logo\/image\/\"},\"sameAs\":[\"https:\/\/www.youtube.com\/@queijosnobrasil1698\"]},{\"@type\":\"Person\",\"@id\":\"https:\/\/queijosnobrasil.com.br\/site\/#\/schema\/person\/ffd948f2dd090403c987eb626885f72c\",\"name\":\"Queijos no Brasil\",\"image\":{\"@type\":\"ImageObject\",\"inLanguage\":\"pt-BR\",\"@id\":\"https:\/\/secure.gravatar.com\/avatar\/670b886dc6ab5c07aeb3effa3b8646ea730b765de2cd4c96f5dd2d6a6b9867d0?s=96&d=mm&r=g\",\"url\":\"https:\/\/secure.gravatar.com\/avatar\/670b886dc6ab5c07aeb3effa3b8646ea730b765de2cd4c96f5dd2d6a6b9867d0?s=96&d=mm&r=g\",\"contentUrl\":\"https:\/\/secure.gravatar.com\/avatar\/670b886dc6ab5c07aeb3effa3b8646ea730b765de2cd4c96f5dd2d6a6b9867d0?s=96&d=mm&r=g\",\"caption\":\"Queijos no Brasil\"},\"url\":\"https:\/\/queijosnobrasil.com.br\/site\/author\/admin\/\"}]}<\/script>\n<!-- \/ Yoast SEO plugin. -->","yoast_head_json":{"title":"Requeij\u00e3o Creme Sui\u00e7o - Queijos no Brasil","robots":{"index":"index","follow":"follow","max-snippet":"max-snippet:-1","max-image-preview":"max-image-preview:large","max-video-preview":"max-video-preview:-1"},"canonical":"https:\/\/queijosnobrasil.com.br\/site\/requeijao-creme-suico\/","og_locale":"pt_BR","og_type":"article","og_title":"Requeij\u00e3o Creme Sui\u00e7o - Queijos no Brasil","og_description":"Este requeij\u00e3o perdeu-se num tempo onde ainda andava-se de bonde.\u00a0Apresentamos\u00a0uma tecnologia originalmente processada com leite \u201ccru\u201d adaptada para se trabalhar com leite pasteurizado e fermenta\u00e7\u00e3o l\u00e1tica. Muito do sucesso dos requeij\u00f5es regionais se davam ao fato do sabor \u201cleiteiro\u201d traduzidos\u00a0por um leite de qualidade influenciado pelo manejo leiteiro,\u00a0\u00a0como alimenta\u00e7\u00e3o,, ra\u00e7a dos animais e clima. O [&hellip;]","og_url":"https:\/\/queijosnobrasil.com.br\/site\/requeijao-creme-suico\/","og_site_name":"Queijos no Brasil","article_published_time":"2022-12-20T15:44:21+00:00","article_modified_time":"2023-09-16T13:23:04+00:00","author":"Queijos no Brasil","twitter_card":"summary_large_image","twitter_misc":{"Escrito por":"Queijos no Brasil","Est. tempo de leitura":"5 minutos"},"schema":{"@context":"https:\/\/schema.org","@graph":[{"@type":"Article","@id":"https:\/\/queijosnobrasil.com.br\/site\/requeijao-creme-suico\/#article","isPartOf":{"@id":"https:\/\/queijosnobrasil.com.br\/site\/requeijao-creme-suico\/"},"author":{"name":"Queijos no Brasil","@id":"https:\/\/queijosnobrasil.com.br\/site\/#\/schema\/person\/ffd948f2dd090403c987eb626885f72c"},"headline":"Requeij\u00e3o Creme Sui\u00e7o","datePublished":"2022-12-20T15:44:21+00:00","dateModified":"2023-09-16T13:23:04+00:00","mainEntityOfPage":{"@id":"https:\/\/queijosnobrasil.com.br\/site\/requeijao-creme-suico\/"},"wordCount":931,"commentCount":0,"publisher":{"@id":"https:\/\/queijosnobrasil.com.br\/site\/#organization"},"articleSection":["Tudo sobre Queijo"],"inLanguage":"pt-BR","potentialAction":[{"@type":"CommentAction","name":"Comment","target":["https:\/\/queijosnobrasil.com.br\/site\/requeijao-creme-suico\/#respond"]}]},{"@type":"WebPage","@id":"https:\/\/queijosnobrasil.com.br\/site\/requeijao-creme-suico\/","url":"https:\/\/queijosnobrasil.com.br\/site\/requeijao-creme-suico\/","name":"Requeij\u00e3o Creme Sui\u00e7o - Queijos no Brasil","isPartOf":{"@id":"https:\/\/queijosnobrasil.com.br\/site\/#website"},"datePublished":"2022-12-20T15:44:21+00:00","dateModified":"2023-09-16T13:23:04+00:00","breadcrumb":{"@id":"https:\/\/queijosnobrasil.com.br\/site\/requeijao-creme-suico\/#breadcrumb"},"inLanguage":"pt-BR","potentialAction":[{"@type":"ReadAction","target":["https:\/\/queijosnobrasil.com.br\/site\/requeijao-creme-suico\/"]}]},{"@type":"BreadcrumbList","@id":"https:\/\/queijosnobrasil.com.br\/site\/requeijao-creme-suico\/#breadcrumb","itemListElement":[{"@type":"ListItem","position":1,"name":"In\u00edcio","item":"https:\/\/queijosnobrasil.com.br\/site\/"},{"@type":"ListItem","position":2,"name":"Requeij\u00e3o Creme Sui\u00e7o"}]},{"@type":"WebSite","@id":"https:\/\/queijosnobrasil.com.br\/site\/#website","url":"https:\/\/queijosnobrasil.com.br\/site\/","name":"Queijos no Brasil","description":"Empresa voltada a difus\u00e3o de t\u00e9cnicas de fabrica\u00e7\u00e3o e com\u00e9rcio de ingredientes para produtos l\u00e1cteos : queijo (mussarela, Minas Frescal, coalho, ricota...), iogurte, coalhada, requeij\u00e3o, doce de leite e derivados l\u00e1ticos em geral.","publisher":{"@id":"https:\/\/queijosnobrasil.com.br\/site\/#organization"},"potentialAction":[{"@type":"SearchAction","target":{"@type":"EntryPoint","urlTemplate":"https:\/\/queijosnobrasil.com.br\/site\/?s={search_term_string}"},"query-input":{"@type":"PropertyValueSpecification","valueRequired":true,"valueName":"search_term_string"}}],"inLanguage":"pt-BR"},{"@type":"Organization","@id":"https:\/\/queijosnobrasil.com.br\/site\/#organization","name":"Queijos no Brasil","url":"https:\/\/queijosnobrasil.com.br\/site\/","logo":{"@type":"ImageObject","inLanguage":"pt-BR","@id":"https:\/\/queijosnobrasil.com.br\/site\/#\/schema\/logo\/image\/","url":"https:\/\/queijosnobrasil.com.br\/site\/wp-content\/uploads\/2025\/04\/logo-1.webp","contentUrl":"https:\/\/queijosnobrasil.com.br\/site\/wp-content\/uploads\/2025\/04\/logo-1.webp","width":288,"height":288,"caption":"Queijos no Brasil"},"image":{"@id":"https:\/\/queijosnobrasil.com.br\/site\/#\/schema\/logo\/image\/"},"sameAs":["https:\/\/www.youtube.com\/@queijosnobrasil1698"]},{"@type":"Person","@id":"https:\/\/queijosnobrasil.com.br\/site\/#\/schema\/person\/ffd948f2dd090403c987eb626885f72c","name":"Queijos no Brasil","image":{"@type":"ImageObject","inLanguage":"pt-BR","@id":"https:\/\/secure.gravatar.com\/avatar\/670b886dc6ab5c07aeb3effa3b8646ea730b765de2cd4c96f5dd2d6a6b9867d0?s=96&d=mm&r=g","url":"https:\/\/secure.gravatar.com\/avatar\/670b886dc6ab5c07aeb3effa3b8646ea730b765de2cd4c96f5dd2d6a6b9867d0?s=96&d=mm&r=g","contentUrl":"https:\/\/secure.gravatar.com\/avatar\/670b886dc6ab5c07aeb3effa3b8646ea730b765de2cd4c96f5dd2d6a6b9867d0?s=96&d=mm&r=g","caption":"Queijos no Brasil"},"url":"https:\/\/queijosnobrasil.com.br\/site\/author\/admin\/"}]}},"_links":{"self":[{"href":"https:\/\/queijosnobrasil.com.br\/site\/wp-json\/wp\/v2\/posts\/6501","targetHints":{"allow":["GET"]}}],"collection":[{"href":"https:\/\/queijosnobrasil.com.br\/site\/wp-json\/wp\/v2\/posts"}],"about":[{"href":"https:\/\/queijosnobrasil.com.br\/site\/wp-json\/wp\/v2\/types\/post"}],"author":[{"embeddable":true,"href":"https:\/\/queijosnobrasil.com.br\/site\/wp-json\/wp\/v2\/users\/1"}],"replies":[{"embeddable":true,"href":"https:\/\/queijosnobrasil.com.br\/site\/wp-json\/wp\/v2\/comments?post=6501"}],"version-history":[{"count":3,"href":"https:\/\/queijosnobrasil.com.br\/site\/wp-json\/wp\/v2\/posts\/6501\/revisions"}],"predecessor-version":[{"id":8154,"href":"https:\/\/queijosnobrasil.com.br\/site\/wp-json\/wp\/v2\/posts\/6501\/revisions\/8154"}],"wp:attachment":[{"href":"https:\/\/queijosnobrasil.com.br\/site\/wp-json\/wp\/v2\/media?parent=6501"}],"wp:term":[{"taxonomy":"category","embeddable":true,"href":"https:\/\/queijosnobrasil.com.br\/site\/wp-json\/wp\/v2\/categories?post=6501"},{"taxonomy":"post_tag","embeddable":true,"href":"https:\/\/queijosnobrasil.com.br\/site\/wp-json\/wp\/v2\/tags?post=6501"}],"curies":[{"name":"wp","href":"https:\/\/api.w.org\/{rel}","templated":true}]}}