{"id":6337,"date":"2022-12-20T09:44:28","date_gmt":"2022-12-20T12:44:28","guid":{"rendered":"https:\/\/queijosnobrasil.com.br\/site\/?p=6337"},"modified":"2025-01-14T11:04:34","modified_gmt":"2025-01-14T14:04:34","slug":"principais-defeitos-em-queijos","status":"publish","type":"post","link":"https:\/\/queijosnobrasil.com.br\/site\/principais-defeitos-em-queijos\/","title":{"rendered":"Principais Defeitos em Queijos"},"content":{"rendered":"\r\n<p><img fetchpriority=\"high\" decoding=\"async\" class=\"alignnone  wp-image-9053\" src=\"https:\/\/queijosnobrasil.com.br\/site\/wp-content\/uploads\/2022\/12\/STILTON-300x200.jpg\" alt=\"\" width=\"581\" height=\"387\" srcset=\"https:\/\/queijosnobrasil.com.br\/site\/wp-content\/uploads\/2022\/12\/STILTON-300x200.jpg 300w, https:\/\/queijosnobrasil.com.br\/site\/wp-content\/uploads\/2022\/12\/STILTON-1024x683.jpg 1024w, https:\/\/queijosnobrasil.com.br\/site\/wp-content\/uploads\/2022\/12\/STILTON-768x512.jpg 768w, https:\/\/queijosnobrasil.com.br\/site\/wp-content\/uploads\/2022\/12\/STILTON-1536x1024.jpg 1536w, https:\/\/queijosnobrasil.com.br\/site\/wp-content\/uploads\/2022\/12\/STILTON-2048x1365.jpg 2048w\" sizes=\"(max-width: 581px) 100vw, 581px\" \/><\/p>\r\n<p><span style=\"font-family: verdana, geneva, sans-serif; font-size: 14pt; color: #00ccff;\"><strong>Defeitos em Queijos<\/strong><\/span><\/p>\r\n<p><span style=\"font-family: verdana, geneva, sans-serif;\">\r\n\r\n<\/span><\/p>\r\n<p><span style=\"font-family: verdana, geneva, sans-serif;\">Atendendo a in\u00fameros pedidos, neste artigo o professor em Tecnologia de Fabrica\u00e7\u00e3o de Queijos e Derivados L\u00e1ticos Fernando Rodrigues aborda de forma objetiva e simples os principais defeitos de fabrica\u00e7\u00e3o de queijos. Com certeza, um tema muito \u00fatil tanto para iniciantes quanto para fabricantes que hora ou outra se surpreendem com preju\u00edzos acarretados por impropriedades ocorridas durante o processo de fabrica\u00e7\u00e3o. \u00a0\u00a0\u00a0 \u00a0\u00a0<\/span><\/p>\r\n<p><span style=\"font-family: verdana, geneva, sans-serif;\">\r\n\r\n\r\n\r\n<\/span><\/p>\r\n<p><span style=\"font-family: verdana, geneva, sans-serif;\"><span style=\"color: #993300;\">Queijo \u201cmole\u201d<\/span> (baixa consist\u00eancia, excesso de umidade):<\/span><br \/><span style=\"font-family: verdana, geneva, sans-serif;\">Tempo de mexedura* insuficiente consequentemente os gr\u00e3os ret\u00e9m mais umidade (\u00e1gua).<\/span><br \/><br \/><span style=\"font-family: verdana, geneva, sans-serif;\">Cada queijo requer uma determinada maneira de se cortar somadas a v\u00e1rias opera\u00e7\u00f5es mec\u00e2nicas (mexedura, aquecimento, pr\u00e9 prensagem etc). Toda t\u00e9cnica deve ser rigorosamente empregada conforme o tipo fabricado.<\/span><br \/><span style=\"font-family: verdana, geneva, sans-serif;\">No queijo Minas Frescal, este problema \u00e9 evidenciado pela expuls\u00e3o do soro na embalagem (denominado de queijo \u201cchor\u00e3o\u201d);<\/span><br \/><span style=\"font-family: verdana, geneva, sans-serif;\">(*) mexedura: \u00e9 o trabalho mec\u00e2nico de agita\u00e7\u00e3o da massa, feita normalmente com p\u00e1 ou garfos mexedores.<\/span><br \/><br \/><span style=\"font-family: verdana, geneva, sans-serif; color: #993300;\">Sabor amargo:<\/span><br \/><span style=\"font-family: verdana, geneva, sans-serif;\">A primeira causa poder estar relacionada ao excesso de coalho ou a utiliza\u00e7\u00e3o de coalhos de baixa qualidade (os coalhos n\u00e3o devem conter pepsina su\u00edna \u2013 leia sempre o r\u00f3tulo).<\/span><br \/><span style=\"font-family: verdana, geneva, sans-serif;\">Leites \u201dvelhos\u201d (estocados por longos per\u00edodos sob refrigera\u00e7\u00e3o) tamb\u00e9m podem ser um potencializador do problema de sabor amargo.<\/span><br \/><span style=\"font-family: verdana, geneva, sans-serif;\">Por fim, recomendamos n\u00e3o elaborar queijo com leite cru (sem pasteurizar) e\/ou leite \u00e1cido.<\/span><br \/><br \/><span style=\"font-family: verdana, geneva, sans-serif; color: #993300;\">Queijo com sabor \u00e1cido desagrad\u00e1vel:<\/span><br \/><span style=\"font-family: verdana, geneva, sans-serif;\">O problema pode estar relacionado com a utiliza\u00e7\u00e3o de leite de qualidade duvidosa (principalmente leite com defici\u00eancia higi\u00eanica, armazenado por um longo per\u00edodo*). Outra causa \u00e9 a defici\u00eancia higi\u00eanico sanit\u00e1ria no decorrer do preparo do queijo. (*) Consideramos longo per\u00edodo acima de 48 horas. A temperatura m\u00e1xima de armazenagem deve ser de 4\u00baC.<\/span><br \/><br \/><span style=\"font-family: verdana, geneva, sans-serif; color: #993300;\">Queijo inchado (estufamento):<\/span><br \/><span style=\"font-family: verdana, geneva, sans-serif;\">O estufamento da embalagem em queijos \u00e9 consequ\u00eancia da produ\u00e7\u00e3o de g\u00e1s e expans\u00e3o do mesmo.<\/span><br \/><span style=\"font-family: verdana, geneva, sans-serif;\">O defeito tamb\u00e9m associado \u00e0 contamina\u00e7\u00e3o por bact\u00e9rias do grupo Coliforme (principalmente em queijos frescos).<\/span><br \/><br \/><span style=\"font-family: verdana, geneva, sans-serif; color: #993300;\">Como se d\u00e1 a contamina\u00e7\u00e3o?<\/span><br \/><span style=\"font-family: verdana, geneva, sans-serif;\">Utiliza\u00e7\u00e3o de leite cru (sem pasteurizar).<\/span><br \/><span style=\"font-family: verdana, geneva, sans-serif;\">Contamina\u00e7\u00e3o do leite pasteurizado e no processo de fabrica\u00e7\u00e3o por defici\u00eancia de higiene em toda a cadeia de produ\u00e7\u00e3o do queijo (desde a higiene pessoal do manipulador \u00e0s condi\u00e7\u00f5es de embalagem e estocagem final).<\/span><br \/><span style=\"font-family: verdana, geneva, sans-serif;\">Utiliza\u00e7\u00e3o de fermento sem a\u00e7\u00e3o efetiva (o n\u00e3o desenvolvimento do fermento favorece a a\u00e7\u00e3o deste contaminante).<\/span><br \/><span style=\"font-family: verdana, geneva, sans-serif;\">O estufamento precoce \u00e9 indicativo de defici\u00eancia sanit\u00e1ria.<\/span><br \/><span style=\"font-family: verdana, geneva, sans-serif;\">N\u00e3o se deve consumir queijos estufados (inchados)!<\/span><br \/><br \/><span style=\"font-family: verdana, geneva, sans-serif; color: #993300;\">Sabor e odor desagrad\u00e1vel:<\/span><br \/><span style=\"font-family: verdana, geneva, sans-serif;\">Estes s\u00e3o efeitos do crescimento de microrganismos produtores de compostos vol\u00e1teis durante seu metabolismo, detectados pelo olfato e paladar humano, tornando o produto inaceit\u00e1vel pelo consumidor.<\/span><br \/><span style=\"font-family: verdana, geneva, sans-serif;\">Este defeito est\u00e1 intimamente relacionado com a flora microbiana presente no leite in natura, composta principalmente de bact\u00e9rias psicrotr\u00f3ficas (capazes de se multiplicarem em temperaturas de estocagem, abaixo de 7\u00baC).<\/span><br \/><br \/><span style=\"font-family: verdana, geneva, sans-serif;\">O combate deve ser efetivo adotando medidas rigorosas no manuseio do leite do momento da ordenha ao processamento final;<\/span><br \/><span style=\"font-family: verdana, geneva, sans-serif;\">Por \u00faltimo podemos destacar com igual import\u00e2ncia a contamina\u00e7\u00e3o do leite, neste caso a contamina\u00e7\u00e3o do produto no decorrer do processamento pela a\u00e7\u00e3o de bact\u00e9rias formadoras de biofilmes (Pseudomonas, por exemplo), coliforme e a contamina\u00e7\u00e3o ambiental por fungos e leveduras.<\/span><br \/><br \/><span style=\"font-family: verdana, geneva, sans-serif; color: #993300;\">Desenvolvimento de fungos (mofos):<\/span><br \/><span style=\"font-family: verdana, geneva, sans-serif;\">Problema ambiental (instala\u00e7\u00f5es mal cuidadas, armazenamento de material \u201ccru\u201d no interior da f\u00e1brica etc).<\/span><br \/><span style=\"font-family: verdana, geneva, sans-serif;\">Embora de f\u00e1cil controle, ocorre com grande frequ\u00eancia no decorrer da vida de prateleira do produto causando um desgaste \u00e0 marca.<\/span><br \/><span style=\"font-family: verdana, geneva, sans-serif;\">Os seguintes procedimentos de boas pr\u00e1ticas de processamento devem ser adotados: manuten\u00e7\u00e3o de um rigoroso controle ambiental; higiene rigorosa de todo o processo; uso de conservante regulamentado; armazenagem, distribui\u00e7\u00e3o em adequada temperatura de refrigera\u00e7\u00e3o.<\/span><br \/><br \/><span style=\"font-family: verdana, geneva, sans-serif; color: #993300;\">Defeitos de apar\u00eancia:<\/span><br \/><span style=\"font-family: verdana, geneva, sans-serif;\">Casca muito grossa: queijo sem embalar, armazenado em local muito seco.<\/span><br \/><span style=\"font-family: verdana, geneva, sans-serif;\">Casca muito lisa: salmoura muito dilu\u00edda; queijo com pouca acidez, local de armazenagem muito \u00famido.<\/span><\/p>\r\n<p><span style=\"font-family: verdana, geneva, sans-serif;\">\r\n\r\n\r\n\r\n<\/span><\/p>\r\n<p><span style=\"font-family: verdana, geneva, sans-serif; color: #993300;\">Trinca na casca:<\/span><br \/><span style=\"font-family: verdana, geneva, sans-serif;\">Queijos expostos em ambiente muito seco.<\/span><br \/><span style=\"font-family: verdana, geneva, sans-serif;\">Panos (dessoradores) rasgados ou dobrados no momento da enformagem.<\/span><br \/><span style=\"font-family: verdana, geneva, sans-serif;\">Defici\u00eancia no tempo de prensagem.<\/span><br \/><span style=\"font-family: verdana, geneva, sans-serif;\">Leite com pasteuriza\u00e7\u00e3o a temperatura muito elevada.<\/span><br \/><span style=\"font-family: verdana, geneva, sans-serif;\">Utiliza\u00e7\u00e3o de leite com elevada acidez ou fermento desbalanceado (com elevada produ\u00e7\u00e3o de acidez) e massa com excesso de sal.<\/span><\/p>\r\n<p><span style=\"font-family: verdana, geneva, sans-serif;\">\r\n\r\n\r\n\r\n<\/span><\/p>\r\n<p><span style=\"font-family: verdana, geneva, sans-serif; color: #993300;\">Estufamento tardio (caracterizado por olhaduras grandes e irregulares):<\/span><br \/><span style=\"font-family: verdana, geneva, sans-serif;\">O problema est\u00e1 relacionado com desenvolvimento bacteriano por a\u00e7\u00e3o de bact\u00e9rias termo resistentes, esporulados e contamina\u00e7\u00e3o no processo.<\/span><br \/><span style=\"font-family: verdana, geneva, sans-serif;\">Este problema est\u00e1 intimamente relacionado com a qualidade inicial do leite, traduzida pela elevada carga de esporos no leite, normalmente de gado alimentado com silagem de baixa qualidade.<\/span><\/p>\r\n","protected":false},"excerpt":{"rendered":"<p>Defeitos em Queijos Atendendo a in\u00fameros pedidos, neste artigo o professor em Tecnologia de Fabrica\u00e7\u00e3o de Queijos e Derivados L\u00e1ticos Fernando Rodrigues aborda de forma objetiva e simples os principais defeitos de fabrica\u00e7\u00e3o de queijos. Com certeza, um tema muito \u00fatil tanto para iniciantes quanto para fabricantes que hora ou outra se surpreendem com preju\u00edzos [&hellip;]<\/p>\n","protected":false},"author":1,"featured_media":0,"comment_status":"open","ping_status":"open","sticky":false,"template":"","format":"standard","meta":{"footnotes":""},"categories":[214],"tags":[408,341,340,344,438,351,352,358,321,337,349,414,443,440,441,343,345,347,407,432,436,350,404,322,357,359,368,363,361,367,364,405,406,365,366,323,362,298,435,412,360,439,346,254,331,257,336,332,330,338,233,263,342,319,348,434,353,354,445,335,334,444,309,248,415,433,437,442,446,355,413],"class_list":["post-6337","post","type-post","status-publish","format-standard","hentry","category-tudo-sobre-queijo","tag-queijosnobrasil","tag-aproveitamento-de-soro","tag-bebida-lactea","tag-chantily","tag-cheeseartisanal","tag-como-desnatar-leite","tag-como-fazer-creme-de-leite","tag-como-fazer-doce-de-leite","tag-como-fazer-iogurte","tag-como-fazer-iogurte-natural","tag-como-fazer-manteiga","tag-como-usar-a-transglutaminase","tag-comofazeriogurte","tag-comofazerqueijo","tag-comofazerqueijoemcasa","tag-creme-de-leite","tag-creme-de-leite-fermentado","tag-creme-para-manteiga","tag-curso-de-queijo-queijos-no-brasil","tag-cursodequeijo","tag-cursodequeijodeleitecru","tag-desnatar-leite","tag-doce-de-confeiteiro","tag-doce-de-leite","tag-doce-de-leite-argentino","tag-doce-de-leite-caseiro","tag-doce-de-leite-com-chocolate","tag-doce-de-leite-com-coco","tag-doce-de-leite-com-soro","tag-doce-de-leite-de-corte","tag-doce-de-leite-diet","tag-doce-de-leite-para-confeitaria","tag-doce-de-leite-para-sorvete","tag-doce-de-leite-sem-lactose","tag-doce-de-leite-vegano","tag-doce-de-leite-vicosa","tag-doce-para-confeitaria","tag-escola-de-queijo","tag-escoladequeijo","tag-faca-iogurte","tag-fazer-doce-de-leite","tag-fazerqueijo","tag-fermento-para-creme","tag-iogurte","tag-iogurte-artesanal","tag-iogurte-com-frutas","tag-iogurte-com-probioticos","tag-iogurte-como-fazer-em-casa","tag-iogurte-grego","tag-iogurte-natural","tag-iogurte-vegano","tag-iogurte-whey","tag-kefir","tag-manteiga","tag-manteiga-fermentada","tag-mestrequeijeiro","tag-nata","tag-nata-light","tag-plantbased","tag-probioticos","tag-probioticos-para-iogurte","tag-queijariaartesanal","tag-queijeiro","tag-queijo","tag-queijo-vegano-com-transglutaminase","tag-queijoartesanal","tag-queijodeleitecru","tag-queijosdobrasil","tag-queijovegano","tag-sour-cream","tag-transglutaminase-em-plant-based"],"yoast_head":"<!-- This site is optimized with the Yoast SEO plugin v27.2 - https:\/\/yoast.com\/product\/yoast-seo-wordpress\/ -->\n<title>Principais Defeitos em Queijos - Queijos no Brasil<\/title>\n<meta name=\"robots\" content=\"index, follow, max-snippet:-1, max-image-preview:large, max-video-preview:-1\" \/>\n<link rel=\"canonical\" href=\"https:\/\/queijosnobrasil.com.br\/site\/principais-defeitos-em-queijos\/\" \/>\n<meta property=\"og:locale\" content=\"pt_BR\" \/>\n<meta property=\"og:type\" content=\"article\" \/>\n<meta property=\"og:title\" content=\"Principais Defeitos em Queijos - Queijos no Brasil\" \/>\n<meta property=\"og:description\" content=\"Defeitos em Queijos Atendendo a in\u00fameros pedidos, neste artigo o professor em Tecnologia de Fabrica\u00e7\u00e3o de Queijos e Derivados L\u00e1ticos Fernando Rodrigues aborda de forma objetiva e simples os principais defeitos de fabrica\u00e7\u00e3o de queijos. Com certeza, um tema muito \u00fatil tanto para iniciantes quanto para fabricantes que hora ou outra se surpreendem com preju\u00edzos [&hellip;]\" \/>\n<meta property=\"og:url\" content=\"https:\/\/queijosnobrasil.com.br\/site\/principais-defeitos-em-queijos\/\" \/>\n<meta property=\"og:site_name\" content=\"Queijos no Brasil\" \/>\n<meta property=\"article:published_time\" content=\"2022-12-20T12:44:28+00:00\" \/>\n<meta property=\"article:modified_time\" content=\"2025-01-14T14:04:34+00:00\" \/>\n<meta property=\"og:image\" content=\"https:\/\/queijosnobrasil.com.br\/site\/wp-content\/uploads\/2022\/12\/STILTON-scaled.jpg\" \/>\n\t<meta property=\"og:image:width\" content=\"2560\" \/>\n\t<meta property=\"og:image:height\" content=\"1707\" \/>\n\t<meta property=\"og:image:type\" content=\"image\/jpeg\" \/>\n<meta name=\"author\" content=\"Queijos no Brasil\" \/>\n<meta name=\"twitter:card\" content=\"summary_large_image\" \/>\n<meta name=\"twitter:label1\" content=\"Escrito por\" \/>\n\t<meta name=\"twitter:data1\" content=\"Queijos no Brasil\" \/>\n\t<meta name=\"twitter:label2\" content=\"Est. tempo de leitura\" \/>\n\t<meta name=\"twitter:data2\" content=\"4 minutos\" \/>\n<script type=\"application\/ld+json\" class=\"yoast-schema-graph\">{\"@context\":\"https:\/\/schema.org\",\"@graph\":[{\"@type\":\"Article\",\"@id\":\"https:\/\/queijosnobrasil.com.br\/site\/principais-defeitos-em-queijos\/#article\",\"isPartOf\":{\"@id\":\"https:\/\/queijosnobrasil.com.br\/site\/principais-defeitos-em-queijos\/\"},\"author\":{\"name\":\"Queijos no Brasil\",\"@id\":\"https:\/\/queijosnobrasil.com.br\/site\/#\/schema\/person\/ffd948f2dd090403c987eb626885f72c\"},\"headline\":\"Principais Defeitos em Queijos\",\"datePublished\":\"2022-12-20T12:44:28+00:00\",\"dateModified\":\"2025-01-14T14:04:34+00:00\",\"mainEntityOfPage\":{\"@id\":\"https:\/\/queijosnobrasil.com.br\/site\/principais-defeitos-em-queijos\/\"},\"wordCount\":782,\"commentCount\":0,\"publisher\":{\"@id\":\"https:\/\/queijosnobrasil.com.br\/site\/#organization\"},\"image\":{\"@id\":\"https:\/\/queijosnobrasil.com.br\/site\/principais-defeitos-em-queijos\/#primaryimage\"},\"thumbnailUrl\":\"https:\/\/queijosnobrasil.com.br\/site\/wp-content\/uploads\/2022\/12\/STILTON-300x200.jpg\",\"keywords\":[\"@queijosnobrasil\",\"aproveitamento de soro\",\"bebida l\u00e1ctea\",\"chantily\",\"cheeseartisanal\",\"como desnatar leite\",\"como fazer creme de leite\",\"como fazer doce de leite\",\"como fazer iogurte\",\"como fazer iogurte natural\",\"como fazer manteiga\",\"como usar a transglutaminase\",\"comofazeriogurte\",\"comofazerqueijo\",\"comofazerqueijoemcasa\",\"creme de leite\",\"creme de leite fermentado\",\"creme para manteiga\",\"curso de queijo queijos no brasil\",\"cursodequeijo\",\"cursodequeijodeleitecru\",\"desnatar leite\",\"doce de confeiteiro\",\"doce de leite\",\"doce de leite argentino\",\"doce de leite caseiro\",\"doce de leite com chocolate\",\"doce de leite com coco\",\"doce de leite com soro\",\"doce de leite de corte\",\"doce de leite diet\",\"doce de leite para confeitaria\",\"doce de leite para sorvete\",\"doce de leite sem lactose\",\"doce de leite vegano\",\"doce de leite vi\u00e7osa\",\"doce para confeitaria\",\"escola de queijo\",\"escoladequeijo\",\"fa\u00e7a iogurte\",\"fazer doce de leite\",\"fazerqueijo\",\"fermento para creme\",\"iogurte\",\"iogurte artesanal\",\"iogurte com frutas\",\"iogurte com probi\u00f3ticos\",\"iogurte como fazer em casa\",\"iogurte grego\",\"iogurte natural\",\"iogurte vegano\",\"iogurte whey\",\"kefir\",\"manteiga\",\"manteiga fermentada\",\"mestrequeijeiro\",\"nata\",\"nata light\",\"plantbased\",\"probi\u00f3ticos\",\"probi\u00f3ticos para iogurte\",\"queijariaartesanal\",\"queijeiro\",\"queijo\",\"queijo vegano com transglutaminase\",\"queijoartesanal\",\"queijodeleitecru\",\"queijosdobrasil\",\"queijovegano\",\"sour cream\",\"transglutaminase em plant based\"],\"articleSection\":[\"Tudo sobre Queijo\"],\"inLanguage\":\"pt-BR\",\"potentialAction\":[{\"@type\":\"CommentAction\",\"name\":\"Comment\",\"target\":[\"https:\/\/queijosnobrasil.com.br\/site\/principais-defeitos-em-queijos\/#respond\"]}]},{\"@type\":\"WebPage\",\"@id\":\"https:\/\/queijosnobrasil.com.br\/site\/principais-defeitos-em-queijos\/\",\"url\":\"https:\/\/queijosnobrasil.com.br\/site\/principais-defeitos-em-queijos\/\",\"name\":\"Principais Defeitos em Queijos - Queijos no Brasil\",\"isPartOf\":{\"@id\":\"https:\/\/queijosnobrasil.com.br\/site\/#website\"},\"primaryImageOfPage\":{\"@id\":\"https:\/\/queijosnobrasil.com.br\/site\/principais-defeitos-em-queijos\/#primaryimage\"},\"image\":{\"@id\":\"https:\/\/queijosnobrasil.com.br\/site\/principais-defeitos-em-queijos\/#primaryimage\"},\"thumbnailUrl\":\"https:\/\/queijosnobrasil.com.br\/site\/wp-content\/uploads\/2022\/12\/STILTON-300x200.jpg\",\"datePublished\":\"2022-12-20T12:44:28+00:00\",\"dateModified\":\"2025-01-14T14:04:34+00:00\",\"breadcrumb\":{\"@id\":\"https:\/\/queijosnobrasil.com.br\/site\/principais-defeitos-em-queijos\/#breadcrumb\"},\"inLanguage\":\"pt-BR\",\"potentialAction\":[{\"@type\":\"ReadAction\",\"target\":[\"https:\/\/queijosnobrasil.com.br\/site\/principais-defeitos-em-queijos\/\"]}]},{\"@type\":\"ImageObject\",\"inLanguage\":\"pt-BR\",\"@id\":\"https:\/\/queijosnobrasil.com.br\/site\/principais-defeitos-em-queijos\/#primaryimage\",\"url\":\"https:\/\/queijosnobrasil.com.br\/site\/wp-content\/uploads\/2022\/12\/STILTON-scaled.jpg\",\"contentUrl\":\"https:\/\/queijosnobrasil.com.br\/site\/wp-content\/uploads\/2022\/12\/STILTON-scaled.jpg\",\"width\":2560,\"height\":1707},{\"@type\":\"BreadcrumbList\",\"@id\":\"https:\/\/queijosnobrasil.com.br\/site\/principais-defeitos-em-queijos\/#breadcrumb\",\"itemListElement\":[{\"@type\":\"ListItem\",\"position\":1,\"name\":\"In\u00edcio\",\"item\":\"https:\/\/queijosnobrasil.com.br\/site\/\"},{\"@type\":\"ListItem\",\"position\":2,\"name\":\"Principais Defeitos em Queijos\"}]},{\"@type\":\"WebSite\",\"@id\":\"https:\/\/queijosnobrasil.com.br\/site\/#website\",\"url\":\"https:\/\/queijosnobrasil.com.br\/site\/\",\"name\":\"Queijos no Brasil\",\"description\":\"Empresa voltada a difus\u00e3o de t\u00e9cnicas de fabrica\u00e7\u00e3o e com\u00e9rcio de ingredientes para produtos l\u00e1cteos : queijo (mussarela, Minas Frescal, coalho, ricota...), iogurte, coalhada, requeij\u00e3o, doce de leite e derivados l\u00e1ticos em geral.\",\"publisher\":{\"@id\":\"https:\/\/queijosnobrasil.com.br\/site\/#organization\"},\"potentialAction\":[{\"@type\":\"SearchAction\",\"target\":{\"@type\":\"EntryPoint\",\"urlTemplate\":\"https:\/\/queijosnobrasil.com.br\/site\/?s={search_term_string}\"},\"query-input\":{\"@type\":\"PropertyValueSpecification\",\"valueRequired\":true,\"valueName\":\"search_term_string\"}}],\"inLanguage\":\"pt-BR\"},{\"@type\":\"Organization\",\"@id\":\"https:\/\/queijosnobrasil.com.br\/site\/#organization\",\"name\":\"Queijos no Brasil\",\"url\":\"https:\/\/queijosnobrasil.com.br\/site\/\",\"logo\":{\"@type\":\"ImageObject\",\"inLanguage\":\"pt-BR\",\"@id\":\"https:\/\/queijosnobrasil.com.br\/site\/#\/schema\/logo\/image\/\",\"url\":\"https:\/\/queijosnobrasil.com.br\/site\/wp-content\/uploads\/2025\/04\/logo-1.webp\",\"contentUrl\":\"https:\/\/queijosnobrasil.com.br\/site\/wp-content\/uploads\/2025\/04\/logo-1.webp\",\"width\":288,\"height\":288,\"caption\":\"Queijos no Brasil\"},\"image\":{\"@id\":\"https:\/\/queijosnobrasil.com.br\/site\/#\/schema\/logo\/image\/\"},\"sameAs\":[\"https:\/\/www.youtube.com\/@queijosnobrasil1698\"]},{\"@type\":\"Person\",\"@id\":\"https:\/\/queijosnobrasil.com.br\/site\/#\/schema\/person\/ffd948f2dd090403c987eb626885f72c\",\"name\":\"Queijos no Brasil\",\"image\":{\"@type\":\"ImageObject\",\"inLanguage\":\"pt-BR\",\"@id\":\"https:\/\/secure.gravatar.com\/avatar\/670b886dc6ab5c07aeb3effa3b8646ea730b765de2cd4c96f5dd2d6a6b9867d0?s=96&d=mm&r=g\",\"url\":\"https:\/\/secure.gravatar.com\/avatar\/670b886dc6ab5c07aeb3effa3b8646ea730b765de2cd4c96f5dd2d6a6b9867d0?s=96&d=mm&r=g\",\"contentUrl\":\"https:\/\/secure.gravatar.com\/avatar\/670b886dc6ab5c07aeb3effa3b8646ea730b765de2cd4c96f5dd2d6a6b9867d0?s=96&d=mm&r=g\",\"caption\":\"Queijos no Brasil\"},\"url\":\"https:\/\/queijosnobrasil.com.br\/site\/author\/admin\/\"}]}<\/script>\n<!-- \/ Yoast SEO plugin. -->","yoast_head_json":{"title":"Principais Defeitos em Queijos - Queijos no Brasil","robots":{"index":"index","follow":"follow","max-snippet":"max-snippet:-1","max-image-preview":"max-image-preview:large","max-video-preview":"max-video-preview:-1"},"canonical":"https:\/\/queijosnobrasil.com.br\/site\/principais-defeitos-em-queijos\/","og_locale":"pt_BR","og_type":"article","og_title":"Principais Defeitos em Queijos - Queijos no Brasil","og_description":"Defeitos em Queijos Atendendo a in\u00fameros pedidos, neste artigo o professor em Tecnologia de Fabrica\u00e7\u00e3o de Queijos e Derivados L\u00e1ticos Fernando Rodrigues aborda de forma objetiva e simples os principais defeitos de fabrica\u00e7\u00e3o de queijos. Com certeza, um tema muito \u00fatil tanto para iniciantes quanto para fabricantes que hora ou outra se surpreendem com preju\u00edzos [&hellip;]","og_url":"https:\/\/queijosnobrasil.com.br\/site\/principais-defeitos-em-queijos\/","og_site_name":"Queijos no Brasil","article_published_time":"2022-12-20T12:44:28+00:00","article_modified_time":"2025-01-14T14:04:34+00:00","og_image":[{"width":2560,"height":1707,"url":"https:\/\/queijosnobrasil.com.br\/site\/wp-content\/uploads\/2022\/12\/STILTON-scaled.jpg","type":"image\/jpeg"}],"author":"Queijos no Brasil","twitter_card":"summary_large_image","twitter_misc":{"Escrito por":"Queijos no Brasil","Est. tempo de leitura":"4 minutos"},"schema":{"@context":"https:\/\/schema.org","@graph":[{"@type":"Article","@id":"https:\/\/queijosnobrasil.com.br\/site\/principais-defeitos-em-queijos\/#article","isPartOf":{"@id":"https:\/\/queijosnobrasil.com.br\/site\/principais-defeitos-em-queijos\/"},"author":{"name":"Queijos no Brasil","@id":"https:\/\/queijosnobrasil.com.br\/site\/#\/schema\/person\/ffd948f2dd090403c987eb626885f72c"},"headline":"Principais Defeitos em Queijos","datePublished":"2022-12-20T12:44:28+00:00","dateModified":"2025-01-14T14:04:34+00:00","mainEntityOfPage":{"@id":"https:\/\/queijosnobrasil.com.br\/site\/principais-defeitos-em-queijos\/"},"wordCount":782,"commentCount":0,"publisher":{"@id":"https:\/\/queijosnobrasil.com.br\/site\/#organization"},"image":{"@id":"https:\/\/queijosnobrasil.com.br\/site\/principais-defeitos-em-queijos\/#primaryimage"},"thumbnailUrl":"https:\/\/queijosnobrasil.com.br\/site\/wp-content\/uploads\/2022\/12\/STILTON-300x200.jpg","keywords":["@queijosnobrasil","aproveitamento de soro","bebida l\u00e1ctea","chantily","cheeseartisanal","como desnatar leite","como fazer creme de leite","como fazer doce de leite","como fazer iogurte","como fazer iogurte natural","como fazer manteiga","como usar a transglutaminase","comofazeriogurte","comofazerqueijo","comofazerqueijoemcasa","creme de leite","creme de leite fermentado","creme para manteiga","curso de queijo queijos no brasil","cursodequeijo","cursodequeijodeleitecru","desnatar leite","doce de confeiteiro","doce de leite","doce de leite argentino","doce de leite caseiro","doce de leite com chocolate","doce de leite com coco","doce de leite com soro","doce de leite de corte","doce de leite diet","doce de leite para confeitaria","doce de leite para sorvete","doce de leite sem lactose","doce de leite vegano","doce de leite vi\u00e7osa","doce para confeitaria","escola de queijo","escoladequeijo","fa\u00e7a iogurte","fazer doce de leite","fazerqueijo","fermento para creme","iogurte","iogurte artesanal","iogurte com frutas","iogurte com probi\u00f3ticos","iogurte como fazer em casa","iogurte grego","iogurte natural","iogurte vegano","iogurte whey","kefir","manteiga","manteiga fermentada","mestrequeijeiro","nata","nata light","plantbased","probi\u00f3ticos","probi\u00f3ticos para iogurte","queijariaartesanal","queijeiro","queijo","queijo vegano com transglutaminase","queijoartesanal","queijodeleitecru","queijosdobrasil","queijovegano","sour cream","transglutaminase em plant based"],"articleSection":["Tudo sobre Queijo"],"inLanguage":"pt-BR","potentialAction":[{"@type":"CommentAction","name":"Comment","target":["https:\/\/queijosnobrasil.com.br\/site\/principais-defeitos-em-queijos\/#respond"]}]},{"@type":"WebPage","@id":"https:\/\/queijosnobrasil.com.br\/site\/principais-defeitos-em-queijos\/","url":"https:\/\/queijosnobrasil.com.br\/site\/principais-defeitos-em-queijos\/","name":"Principais Defeitos em Queijos - Queijos no Brasil","isPartOf":{"@id":"https:\/\/queijosnobrasil.com.br\/site\/#website"},"primaryImageOfPage":{"@id":"https:\/\/queijosnobrasil.com.br\/site\/principais-defeitos-em-queijos\/#primaryimage"},"image":{"@id":"https:\/\/queijosnobrasil.com.br\/site\/principais-defeitos-em-queijos\/#primaryimage"},"thumbnailUrl":"https:\/\/queijosnobrasil.com.br\/site\/wp-content\/uploads\/2022\/12\/STILTON-300x200.jpg","datePublished":"2022-12-20T12:44:28+00:00","dateModified":"2025-01-14T14:04:34+00:00","breadcrumb":{"@id":"https:\/\/queijosnobrasil.com.br\/site\/principais-defeitos-em-queijos\/#breadcrumb"},"inLanguage":"pt-BR","potentialAction":[{"@type":"ReadAction","target":["https:\/\/queijosnobrasil.com.br\/site\/principais-defeitos-em-queijos\/"]}]},{"@type":"ImageObject","inLanguage":"pt-BR","@id":"https:\/\/queijosnobrasil.com.br\/site\/principais-defeitos-em-queijos\/#primaryimage","url":"https:\/\/queijosnobrasil.com.br\/site\/wp-content\/uploads\/2022\/12\/STILTON-scaled.jpg","contentUrl":"https:\/\/queijosnobrasil.com.br\/site\/wp-content\/uploads\/2022\/12\/STILTON-scaled.jpg","width":2560,"height":1707},{"@type":"BreadcrumbList","@id":"https:\/\/queijosnobrasil.com.br\/site\/principais-defeitos-em-queijos\/#breadcrumb","itemListElement":[{"@type":"ListItem","position":1,"name":"In\u00edcio","item":"https:\/\/queijosnobrasil.com.br\/site\/"},{"@type":"ListItem","position":2,"name":"Principais Defeitos em Queijos"}]},{"@type":"WebSite","@id":"https:\/\/queijosnobrasil.com.br\/site\/#website","url":"https:\/\/queijosnobrasil.com.br\/site\/","name":"Queijos no Brasil","description":"Empresa voltada a difus\u00e3o de t\u00e9cnicas de fabrica\u00e7\u00e3o e com\u00e9rcio de ingredientes para produtos l\u00e1cteos : queijo (mussarela, Minas Frescal, coalho, ricota...), iogurte, coalhada, requeij\u00e3o, doce de leite e derivados l\u00e1ticos em geral.","publisher":{"@id":"https:\/\/queijosnobrasil.com.br\/site\/#organization"},"potentialAction":[{"@type":"SearchAction","target":{"@type":"EntryPoint","urlTemplate":"https:\/\/queijosnobrasil.com.br\/site\/?s={search_term_string}"},"query-input":{"@type":"PropertyValueSpecification","valueRequired":true,"valueName":"search_term_string"}}],"inLanguage":"pt-BR"},{"@type":"Organization","@id":"https:\/\/queijosnobrasil.com.br\/site\/#organization","name":"Queijos no Brasil","url":"https:\/\/queijosnobrasil.com.br\/site\/","logo":{"@type":"ImageObject","inLanguage":"pt-BR","@id":"https:\/\/queijosnobrasil.com.br\/site\/#\/schema\/logo\/image\/","url":"https:\/\/queijosnobrasil.com.br\/site\/wp-content\/uploads\/2025\/04\/logo-1.webp","contentUrl":"https:\/\/queijosnobrasil.com.br\/site\/wp-content\/uploads\/2025\/04\/logo-1.webp","width":288,"height":288,"caption":"Queijos no Brasil"},"image":{"@id":"https:\/\/queijosnobrasil.com.br\/site\/#\/schema\/logo\/image\/"},"sameAs":["https:\/\/www.youtube.com\/@queijosnobrasil1698"]},{"@type":"Person","@id":"https:\/\/queijosnobrasil.com.br\/site\/#\/schema\/person\/ffd948f2dd090403c987eb626885f72c","name":"Queijos no Brasil","image":{"@type":"ImageObject","inLanguage":"pt-BR","@id":"https:\/\/secure.gravatar.com\/avatar\/670b886dc6ab5c07aeb3effa3b8646ea730b765de2cd4c96f5dd2d6a6b9867d0?s=96&d=mm&r=g","url":"https:\/\/secure.gravatar.com\/avatar\/670b886dc6ab5c07aeb3effa3b8646ea730b765de2cd4c96f5dd2d6a6b9867d0?s=96&d=mm&r=g","contentUrl":"https:\/\/secure.gravatar.com\/avatar\/670b886dc6ab5c07aeb3effa3b8646ea730b765de2cd4c96f5dd2d6a6b9867d0?s=96&d=mm&r=g","caption":"Queijos no Brasil"},"url":"https:\/\/queijosnobrasil.com.br\/site\/author\/admin\/"}]}},"_links":{"self":[{"href":"https:\/\/queijosnobrasil.com.br\/site\/wp-json\/wp\/v2\/posts\/6337","targetHints":{"allow":["GET"]}}],"collection":[{"href":"https:\/\/queijosnobrasil.com.br\/site\/wp-json\/wp\/v2\/posts"}],"about":[{"href":"https:\/\/queijosnobrasil.com.br\/site\/wp-json\/wp\/v2\/types\/post"}],"author":[{"embeddable":true,"href":"https:\/\/queijosnobrasil.com.br\/site\/wp-json\/wp\/v2\/users\/1"}],"replies":[{"embeddable":true,"href":"https:\/\/queijosnobrasil.com.br\/site\/wp-json\/wp\/v2\/comments?post=6337"}],"version-history":[{"count":4,"href":"https:\/\/queijosnobrasil.com.br\/site\/wp-json\/wp\/v2\/posts\/6337\/revisions"}],"predecessor-version":[{"id":9052,"href":"https:\/\/queijosnobrasil.com.br\/site\/wp-json\/wp\/v2\/posts\/6337\/revisions\/9052"}],"wp:attachment":[{"href":"https:\/\/queijosnobrasil.com.br\/site\/wp-json\/wp\/v2\/media?parent=6337"}],"wp:term":[{"taxonomy":"category","embeddable":true,"href":"https:\/\/queijosnobrasil.com.br\/site\/wp-json\/wp\/v2\/categories?post=6337"},{"taxonomy":"post_tag","embeddable":true,"href":"https:\/\/queijosnobrasil.com.br\/site\/wp-json\/wp\/v2\/tags?post=6337"}],"curies":[{"name":"wp","href":"https:\/\/api.w.org\/{rel}","templated":true}]}}