{"id":6277,"date":"2022-12-20T09:03:42","date_gmt":"2022-12-20T12:03:42","guid":{"rendered":"https:\/\/queijosnobrasil.com.br\/site\/?p=6277"},"modified":"2024-11-25T21:04:54","modified_gmt":"2024-11-26T00:04:54","slug":"queijo-mineiro-sem-lactose","status":"publish","type":"post","link":"https:\/\/queijosnobrasil.com.br\/site\/queijo-mineiro-sem-lactose\/","title":{"rendered":"Queijo Mineiro Artesanal"},"content":{"rendered":"\r\n<figure class=\"wp-block-image size-full\"><img fetchpriority=\"high\" decoding=\"async\" width=\"280\" height=\"280\" class=\"wp-image-6278\" src=\"https:\/\/queijosnobrasil.com.br\/site\/wp-content\/uploads\/2022\/12\/mineiro-queijo.gif\" alt=\"\" \/><br \/><span style=\"font-family: verdana, geneva, sans-serif;\">O Queijo Minas ou Mineiro \u00e9 um queijo tipicamente brasileiro origin\u00e1rio da influ\u00eancia das diversas correntes imigrat\u00f3rias ocorridas no Brasil, principalmente a portuguesa, quando ainda da \u00e9poca da coloniza\u00e7\u00e3o e introdu\u00e7\u00e3o do gado nas terras brasileiras.<\/span><\/figure>\r\n<p><span style=\"font-family: verdana, geneva, sans-serif;\">\r\n\r\n\r\n\r\n<\/span><\/p>\r\n<p><span style=\"font-family: verdana, geneva, sans-serif;\">O queijo Mineiro quando elaborado a partir de leite pasteurizado apresenta um sabor suave promovido pelo frescor encontrado na suavidade da acidez natural do leite combinado com o aroma definido proporcionado pela adi\u00e7\u00e3o do fermento l\u00e1cteo selecionado.<\/span><\/p>\r\n<p><span style=\"font-family: verdana, geneva, sans-serif;\">\r\n\r\n<\/span><\/p>\r\n<p><span style=\"font-family: verdana, geneva, sans-serif;\">J\u00e1 o queijo elaborado a partir do leite cru, estar\u00e1 sujeito \u00e0s varia\u00e7\u00f5es fermentativas pela presen\u00e7a da flora l\u00e1ctea original (desej\u00e1vel) traduzindo num sabor pr\u00f3prio, o qual acentua-se com o passar dos dias, este \u00e9 o &#8220;segredo&#8221; de v\u00e1rias marcas mineiras.\u00a0<\/span><\/p>\r\n<p><span style=\"font-family: verdana, geneva, sans-serif;\">\r\n\r\n<\/span><\/p>\r\n<p><span style=\"font-family: verdana, geneva, sans-serif;\">Um fator de grande import\u00e2ncia a ser ressaltado \u00e9 que quando se elaboram queijos a partir de leite cru (ou seja, leite o qual n\u00e3o tenha passado pelo processo de pasteuriza\u00e7\u00e3o e \u00e9 utilizado imediatamente ap\u00f3s a ordenha), este n\u00e3o deve ser imediatamente consumido devendo o mesmo passar obrigatoriamente pelo processo de cura (em termos de seguran\u00e7a por no m\u00ednimo 22 dias depois de fabricado), esta \u00e9 uma das in\u00fameras premissas que regem a elabora\u00e7\u00e3o do queijo Canastra, entre v\u00e1rias outras.<\/span><\/p>\r\n<p><span style=\"font-family: verdana, geneva, sans-serif;\">\r\n\r\n<\/span><\/p>\r\n<p><span style=\"font-family: verdana, geneva, sans-serif;\">Portanto respondendo \u00e0 in\u00fameras indaga\u00e7\u00f5es: n\u00e3o \u00e9 prudente o consumo de queijos frescos a partir de leite cru sem que se conhe\u00e7a a origem deste leite, sanidade do rebanho, condi\u00e7\u00f5es sanit\u00e1rias de elabora\u00e7\u00e3o, legaliza\u00e7\u00e3o e alguns fatores necess\u00e1rios que resguardam a seguran\u00e7a alimentar.<\/span><\/p>\r\n<p><span style=\"font-family: verdana, geneva, sans-serif;\">\r\n\r\n<\/span><\/p>\r\n<p><span style=\"font-family: verdana, geneva, sans-serif;\">O queijo Mineiro possui o formato cil\u00edndrico e peso vari\u00e1vel (mais comum com 500 at\u00e9 900 gramas comercializado muitas vezes por unidade ou forma).<\/span><\/p>\r\n<p><span style=\"font-family: verdana, geneva, sans-serif;\">\r\n\r\n<\/span><\/p>\r\n<p><span style=\"font-family: verdana, geneva, sans-serif; color: #00ccff;\">O queijo Mineiro e a pasteuriza\u00e7\u00e3o do leite em CASA<\/span><\/p>\r\n<p><span style=\"font-family: verdana, geneva, sans-serif;\">\r\n\r\n<\/span><\/p>\r\n<p><span style=\"font-family: verdana, geneva, sans-serif;\">A sequ\u00eancia do queijo Mineiro at\u00e9 o momento da pasteuriza\u00e7\u00e3o em casa, passa pelas seguintes fases: ordenha do leite de animais sadios e filtra\u00e7\u00e3o (limpeza do leite coando-o).<\/span><\/p>\r\n<p><span style=\"font-family: verdana, geneva, sans-serif;\">\r\n\r\n<\/span><\/p>\r\n<p><span style=\"font-family: verdana, geneva, sans-serif;\">A pasteuriza\u00e7\u00e3o em casa faz-se submetendo este leite ao aquecimento (pode ser feito no fog\u00e3o sob constante agita\u00e7\u00e3o) at\u00e9 que este atinja a temperatura de 65\u00baC mantido por 20 a 30 minutos (basta tampar a vasilha e desligar a chama, marcando o tempo mencionado, n\u00e3o h\u00e1 necessidade de ficar regulando a temperatura, pois o processo por um todo \u00e9 suficiente).<\/span><\/p>\r\n<p><span style=\"font-family: verdana, geneva, sans-serif;\">\r\n\r\n<\/span><\/p>\r\n<p><span style=\"font-family: verdana, geneva, sans-serif;\">Bom, o pr\u00f3ximo passo ap\u00f3s a pasteuriza\u00e7\u00e3o \u00e9 o resfriamento do leite (afinal este leite se encontra com a temperatura de 65\u00baC e para elabora\u00e7\u00e3o do queijo \u00e9 necess\u00e1rio o resfriamento para a temperatura de trabalho, neste caso 38\u00baC).<\/span><\/p>\r\n<p><span style=\"font-family: verdana, geneva, sans-serif;\">\r\n\r\n<\/span><\/p>\r\n<p><span style=\"font-family: verdana, geneva, sans-serif;\">Isto pode ser feito em banho maria. Ao final temos o leite de qualidade pasteurizado (combina\u00e7\u00e3o de calor com tempo).<\/span><\/p>\r\n<p><span style=\"font-family: verdana, geneva, sans-serif;\">\r\n\r\n<\/span><\/p>\r\n<p><span style=\"font-family: verdana, geneva, sans-serif; color: #00ccff;\">O queijo Mineiro\u00a0<\/span><\/p>\r\n<p><span style=\"font-family: verdana, geneva, sans-serif;\">\r\n\r\n<\/span><\/p>\r\n<p><span style=\"font-family: verdana, geneva, sans-serif;\">O primeiro procedimento ap\u00f3s a pasteuriza\u00e7\u00e3o do leite para elabora\u00e7\u00e3o do queijo Mineiro \u00e9 o acerto da temperatura para faixa de 36 a 38\u00baC.<\/span><\/p>\r\n<p><span style=\"font-family: verdana, geneva, sans-serif;\">\r\n\r\n<\/span><\/p>\r\n<p><span style=\"font-family: verdana, geneva, sans-serif;\">Todo procedimento de aquecimento ou resfriamento deve ser executado efetivamente com aux\u00edlio de um agitador ou escumadeira, pe\u00e7a simples, por\u00e9m de grande valia na elabora\u00e7\u00e3o de queijos.<\/span><\/p>\r\n<p><span style=\"font-family: verdana, geneva, sans-serif;\">\r\n\r\n<\/span><\/p>\r\n<p><span style=\"font-family: verdana, geneva, sans-serif;\">Ao leite pasteurizado e com a temperatura regulada para a faixa mencionada adicionam-se<span style=\"color: #00ccff;\">\u00a0<a style=\"color: #00ccff;\" href=\"https:\/\/www.queijosnobrasil.com\/\">CLORETO DE C\u00c1LCIO\u00a0<\/a><\/span>(o c\u00e1lcio na forma de cloreto de c\u00e1lcio rep\u00f5e parte de c\u00e1lcio original do leite que \u00e9 insolubilizado pelo processo de pasteuriza\u00e7\u00e3o permitindo uma boa coagula\u00e7\u00e3o e melhor rendimento).<\/span><\/p>\r\n<p><span style=\"font-family: verdana, geneva, sans-serif;\">\r\n\r\n<\/span><\/p>\r\n<p><span style=\"font-family: verdana, geneva, sans-serif;\">A dosagem de cloreto de c\u00e1lcio corresponde a 6 ml para cada 10 litros de leite, adicionado diretamente.<\/span><\/p>\r\n<p><span style=\"font-family: verdana, geneva, sans-serif;\">\r\n\r\n<\/span><\/p>\r\n<p><span style=\"font-family: verdana, geneva, sans-serif;\">Para queijos elaborados a partir de leite pasteurizado \u00e9 necess\u00e1ria a adi\u00e7\u00e3o de fermento l\u00e1cteo composto por l\u00e1cteas originalmente presentes no leite. Nossa op\u00e7\u00e3o \u00e9 o fermento para <a href=\"https:\/\/www.queijosnobrasil.com\/fermento-lacteos\/fermento-pingo-canastra-detail\"><span style=\"color: #00ccff;\">QUEIJOS ARTESANAIS DOCINA &#8211; 10 litros<\/span><\/a> , ou seja, dose recomendada para 10 litros de leite. A adi\u00e7\u00e3o \u00e9 simples, basta adicion\u00e1-lo sobre o leite, misturar e pronto.\u00a0\u00a0\u00a0\u00a0<\/span><\/p>\r\n<p><span style=\"font-family: verdana, geneva, sans-serif;\">\r\n\r\n<\/span><\/p>\r\n<p><span style=\"font-family: verdana, geneva, sans-serif;\">Ap\u00f3s a adi\u00e7\u00e3o do cloreto de c\u00e1lcio e <a href=\"https:\/\/www.queijosnobrasil.com\/loja\/busca.php?loja=1346086&amp;palavra_busca=Fermento+Queijo\"><span style=\"color: #00ccff;\">FERMENTO QUEIJOS ARTESANAIS DOCINA &#8211; 10 litros<\/span><\/a> faz-se a adi\u00e7\u00e3o do coagulante (<span style=\"color: #00ccff;\"><a style=\"color: #00ccff;\" href=\"https:\/\/www.queijosnobrasil.com\/coagulantes\">COAGULANTE\u00a0 QUIMASE<\/a><\/span>\u00a0na dosagem de 3 ml para cada 10 litros de leite), tomando-se o cuidado de diluir em meio copo de \u00e1gua em temperatura ambiente, que n\u00e3o contenha res\u00edduo de cloro (o cloro interfere na efic\u00e1cia de todo coagulante).<\/span><\/p>\r\n<p><span style=\"font-family: verdana, geneva, sans-serif;\">\r\n\r\n<\/span><\/p>\r\n<p><span style=\"font-family: verdana, geneva, sans-serif;\">Uma vez adicionado o coagulante o tempo de coagula\u00e7\u00e3o do leite e forma\u00e7\u00e3o da coalhada ou co\u00e1gulo ocorre num tempo m\u00e9dio de 30 minutos (pode antecipar ou delongar um pouco mais), o que pode ser observado pela forma\u00e7\u00e3o de um co\u00e1gulo firme, liso, com brilho, sem desprendimento de soro.<\/span><\/p>\r\n<p><span style=\"font-family: verdana, geneva, sans-serif;\">\r\n\r\n<\/span><\/p>\r\n<p><span style=\"font-family: verdana, geneva, sans-serif;\">O pr\u00f3ximo passo \u00e9 o corte do co\u00e1gulo formando-se cubos com aproximadamente 2 cm de aresta (gr\u00e3o n\u00famero 1, no tamanho de um caro\u00e7o de ameixa) com aux\u00edlio de uma faca ou um mexedor especifico.<\/span><\/p>\r\n<p><span style=\"font-family: verdana, geneva, sans-serif;\">\r\n\r\n<\/span><\/p>\r\n<p><span style=\"font-family: verdana, geneva, sans-serif;\">Ap\u00f3s o corte deixa-se a massa em repouso por 5 minutos e inicia-se a mexedura lentamente por um tempo de 30 a 40 minutos contados a partir do momento do corte do co\u00e1gulo e a varia\u00e7\u00e3o de tempo est\u00e1 relacionada com a consist\u00eancia que se queira ao final (quanto mais se mexe mais consistente ser\u00e1 o queijo obtido).<\/span><\/p>\r\n<p><span style=\"font-family: verdana, geneva, sans-serif;\">\r\n\r\n<\/span><\/p>\r\n<p><span style=\"font-family: verdana, geneva, sans-serif;\">Ap\u00f3s o ponto faz-se a retirada de 50% de soro para facilitar a enformagem e efetivar a salga na massa (retirar soro at\u00e9 que os gr\u00e3os ou massa comecem a aparecer na superf\u00edcie).<\/span><br \/><span style=\"font-family: verdana, geneva, sans-serif;\"><img decoding=\"async\" class=\"alignnone size-full wp-image-7629\" src=\"https:\/\/queijosnobrasil.com.br\/site\/wp-content\/uploads\/2022\/12\/mineiro-enformagem.gif\" alt=\"\" width=\"300\" height=\"450\" \/><\/span><\/p>\r\n<p><span style=\"font-family: verdana, geneva, sans-serif;\">\r\n\r\n\r\n\r\n<\/span><\/p>\r\n<p><span style=\"font-family: verdana, geneva, sans-serif;\">Calcular em torno de 120 gramas de sal refinado fino e dissolver em\u00a0<em>500<\/em>\u00a0ml de soro. Adicionar sobre a massa e misturar efetivamente com certa delicadeza.<\/span><\/p>\r\n<p><span style=\"font-family: verdana, geneva, sans-serif;\">\r\n\r\n<\/span><\/p>\r\n<p><span style=\"font-family: verdana, geneva, sans-serif;\">Para enformagem utiliza-se as formas t\u00edpicas do queijo Mineiro revestidas com dessoradores ou tecido para queijo (500 gramas) tomando o cuidado de ench\u00ea-las totalmente com aux\u00edlio de uma pequena peneira.<\/span><\/p>\r\n<p><span style=\"font-family: verdana, geneva, sans-serif;\">\r\n\r\n<\/span><\/p>\r\n<p><span style=\"font-family: verdana, geneva, sans-serif;\">Decorridos 10 minutos da enformagem os queijos devem passar pela 1\u00aa viragem.<\/span><\/p>\r\n<p><span style=\"font-family: verdana, geneva, sans-serif;\">\r\n\r\n<\/span><\/p>\r\n<p><span style=\"font-family: verdana, geneva, sans-serif;\">\u00c0 medida que se enforma as pe\u00e7as devem ser dispostas sobre um local limpo e devidamente sanitizado (pode-se utilizar bandejas pl\u00e1sticas).<\/span><\/p>\r\n<p><span style=\"font-family: verdana, geneva, sans-serif;\">\r\n\r\n<\/span><\/p>\r\n<p><span style=\"font-family: verdana, geneva, sans-serif;\">Os queijos devem ser virados ap\u00f3s 5 a 10 minutos (os queijos esfriam por cima &#8211; confira o esquema de viragem descrito a seguir).<\/span><\/p>\r\n<p><span style=\"font-family: verdana, geneva, sans-serif;\">\r\n\r\n<\/span><\/p>\r\n<p><span style=\"font-family: verdana, geneva, sans-serif;\">As formas devem ser cobertas ou protegidas com o tecido para queijos artesanais no decorrer de todo o processo adotado no ambiente.<\/span><\/p>\r\n<p><span style=\"font-family: verdana, geneva, sans-serif;\">\r\n\r\n<\/span><\/p>\r\n<p><span style=\"font-family: verdana, geneva, sans-serif;\">Com 10 litros de leite elaboram-se 2 queijos pequenos ou 1 queijo de 1 quilo aproximadamente.<\/span><\/p>\r\n<p><span style=\"font-family: verdana, geneva, sans-serif;\">\r\n\r\n<\/span><\/p>\r\n<p><span style=\"font-family: verdana, geneva, sans-serif; color: #00ccff;\">Esquema de viragens:<\/span><\/p>\r\n<p><span style=\"font-family: verdana, geneva, sans-serif;\">\r\n\r\n<\/span><\/p>\r\n<p><span style=\"font-family: verdana, geneva, sans-serif;\">1\u00aa viragem: ap\u00f3s 10 minutos depois da enformagem;<\/span><\/p>\r\n<p><span style=\"font-family: verdana, geneva, sans-serif;\">\r\n\r\n<\/span><\/p>\r\n<p><span style=\"font-family: verdana, geneva, sans-serif;\">2\u00aa viragem: ap\u00f3s 30 minutos decorridos a 1\u00aa viragem (cobrir os queijos).<\/span><\/p>\r\n<p><span style=\"font-family: verdana, geneva, sans-serif;\">\r\n\r\n<\/span><\/p>\r\n<p><span style=\"font-family: verdana, geneva, sans-serif;\">3\u00aa viragem: ap\u00f3s 60 minutos decorridos a 2\u00aa viragem (cobrir os queijos);<\/span><\/p>\r\n<p><span style=\"font-family: verdana, geneva, sans-serif;\">\r\n\r\n<\/span><\/p>\r\n<p><span style=\"font-family: verdana, geneva, sans-serif;\">Retirar o tecido e guardar os queijos ainda nas formas sob refrigera\u00e7\u00e3o.<\/span><\/p>\r\n<p><span style=\"font-family: verdana, geneva, sans-serif;\">\r\n\r\n<\/span><\/p>\r\n<p><span style=\"font-family: verdana, geneva, sans-serif; color: #00ccff;\">CONSUMO:<\/span><\/p>\r\n<p><span style=\"font-family: verdana, geneva, sans-serif;\">\r\n\r\n<\/span><\/p>\r\n<p><span style=\"font-family: verdana, geneva, sans-serif;\">O consumo pode ser imediato (no dia seguinte) ou ap\u00f3s alguns dias caso se queira curar algumas pe\u00e7as (ver dica para uso com leite cru).<\/span><\/p>\r\n<p><span style=\"font-family: verdana, geneva, sans-serif;\">\r\n\r\n<\/span><\/p>\r\n<p><span style=\"font-family: verdana, geneva, sans-serif;\">Os queijos devem ser destinados para prateleiras especiais (as quais permitem a completa ventila\u00e7\u00e3o das pe\u00e7as.<\/span><\/p>\r\n<p><span style=\"font-family: verdana, geneva, sans-serif;\">\r\n\r\n<\/span><\/p>\r\n<p><span style=\"font-family: verdana, geneva, sans-serif; color: #00ccff;\">CURA do queijo Mineiro<\/span><\/p>\r\n<p><span style=\"font-family: verdana, geneva, sans-serif;\">\r\n\r\n<\/span><\/p>\r\n<p><span style=\"font-family: verdana, geneva, sans-serif;\">O tratamento do queijo Mineiro no decorrer da matura\u00e7\u00e3o \u00e9 simples e pode ser empregado tanto para o queijo elaborado a partir de leite pasteurizado quanto do leite cru.<\/span><\/p>\r\n<p><span style=\"font-family: verdana, geneva, sans-serif;\">\r\n\r\n<\/span><\/p>\r\n<p><span style=\"font-family: verdana, geneva, sans-serif;\">1\u00aa semana todo dia fazer viragens dos queijos;<\/span><\/p>\r\n<p><span style=\"font-family: verdana, geneva, sans-serif;\">\r\n\r\n<\/span><\/p>\r\n<p><span style=\"font-family: verdana, geneva, sans-serif;\">De 2 em 2 dias do 7\u00ba at\u00e9 o 10\u00ba dia.<\/span><\/p>\r\n<p><span style=\"font-family: verdana, geneva, sans-serif;\">\r\n\r\n<\/span><\/p>\r\n<p><span style=\"font-family: verdana, geneva, sans-serif;\">Ap\u00f3s este per\u00edodo os queijos podem ser tratados com solu\u00e7\u00e3o de cura (vide ao final).<\/span><\/p>\r\n<p><span style=\"font-family: verdana, geneva, sans-serif;\">\r\n\r\n<\/span><\/p>\r\n<p><span style=\"font-family: verdana, geneva, sans-serif;\">Ap\u00f3s esta etapa podem ser tratados com cobertura para queijos (natural).<\/span><\/p>\r\n<p><span style=\"font-family: verdana, geneva, sans-serif;\">\r\n\r\n<\/span><\/p>\r\n<p><span style=\"font-family: verdana, geneva, sans-serif;\">Deixar maturar por mais 10 dias a 10\u00b0C, sendo que o consumo ideal \u00e9 em torno de 25 a 60 dias.<\/span><\/p>\r\n<p><span style=\"font-family: verdana, geneva, sans-serif;\">\r\n\r\n<\/span><\/p>\r\n<p><span style=\"font-family: verdana, geneva, sans-serif;\"><span style=\"color: #00ccff;\">Validade:<\/span> 120 dias.<\/span><\/p>\r\n<p><span style=\"font-family: verdana, geneva, sans-serif;\">\r\n\r\n<\/span><\/p>\r\n<p><span style=\"font-family: verdana, geneva, sans-serif;\"><span style=\"color: #00ccff;\">Rendimento:<\/span> 8,5 a 9 litros de leite para 1 quilo de queijo.<\/span><\/p>\r\n<p><span style=\"font-family: verdana, geneva, sans-serif;\">\r\n\r\n<\/span><\/p>\r\n<p><span style=\"font-family: verdana, geneva, sans-serif; color: #00ccff;\">Solu\u00e7\u00e3o de cura:<\/span><\/p>\r\n<p><span style=\"font-family: verdana, geneva, sans-serif;\">\r\n\r\n<\/span><\/p>\r\n<p><span style=\"font-family: verdana, geneva, sans-serif;\">Tratamento da casca (para queijos onde se queira a matura\u00e7\u00e3o fora da embalagem e forma\u00e7\u00e3o de casca) utiliza-se o tratamento com solu\u00e7\u00e3o de \u00e1lcool e \u00e1gua (\u00bd litro de \u00e1lcool e 200 ml de \u00e1gua).<\/span><\/p>\r\n<p><span style=\"font-family: verdana, geneva, sans-serif;\">\r\n\r\n<\/span><\/p>\r\n<p><span style=\"font-family: verdana, geneva, sans-serif;\">Passar a solu\u00e7\u00e3o com pano levemente umedecido ap\u00f3s o 10\u00ba dia da fabrica\u00e7\u00e3o.<\/span><\/p>\r\n<p><span style=\"font-family: verdana, geneva, sans-serif;\">\r\n\r\n<\/span><\/p>\r\n<p><span style=\"font-family: verdana, geneva, sans-serif;\">Armazenagem: at\u00e9 90 dias, sob refrigera\u00e7\u00e3o de 1 a 3\u00baC devidamente embalados.<\/span><\/p>\r\n<p><span style=\"font-family: verdana, geneva, sans-serif;\">\r\n\r\n<\/span><\/p>\r\n<p><span style=\"font-family: verdana, geneva, sans-serif;\">Rendimento: 8,2 a 8,5 litros de leite por quilo de queijo.<\/span><\/p>\r\n<p><a href=\"https:\/\/www.queijosnobrasil.com\/\"><img decoding=\"async\" class=\"size-medium wp-image-7443 aligncenter\" src=\"https:\/\/queijosnobrasil.com.br\/site\/wp-content\/uploads\/2023\/05\/tira_loja-300x38.png\" alt=\"\" width=\"300\" height=\"38\" srcset=\"https:\/\/queijosnobrasil.com.br\/site\/wp-content\/uploads\/2023\/05\/tira_loja-300x38.png 300w, https:\/\/queijosnobrasil.com.br\/site\/wp-content\/uploads\/2023\/05\/tira_loja.png 583w\" sizes=\"(max-width: 300px) 100vw, 300px\" \/><\/a><\/p>\r\n","protected":false},"excerpt":{"rendered":"<p>O queijo Mineiro quando elaborado a partir de leite pasteurizado apresenta um sabor suave promovido pelo frescor encontrado na suavidade da acidez natural do leite combinado com o aroma definido proporcionado pela adi\u00e7\u00e3o do fermento l\u00e1cteo selecionado. J\u00e1 o queijo elaborado a partir do leite cru, estar\u00e1 sujeito \u00e0s varia\u00e7\u00f5es fermentativas pela presen\u00e7a da flora [&hellip;]<\/p>\n","protected":false},"author":1,"featured_media":0,"comment_status":"open","ping_status":"open","sticky":false,"template":"","format":"standard","meta":{"footnotes":""},"categories":[214],"tags":[232,274,276,230,271,267,248,307,306,305],"class_list":["post-6277","post","type-post","status-publish","format-standard","hentry","category-tudo-sobre-queijo","tag-como-fazer-queijo","tag-como-fazer-queijo-canastra","tag-como-fazer-queijo-de-leite-cru","tag-curso-de-queijo","tag-curso-de-queijo-artesanal","tag-fazer-queijo","tag-queijo","tag-queijo-curado","tag-queijo-meia-cura","tag-queijo-mineiro"],"yoast_head":"<!-- This site is optimized with the Yoast SEO plugin v27.2 - https:\/\/yoast.com\/product\/yoast-seo-wordpress\/ -->\n<title>Queijo Mineiro Artesanal - Queijos no Brasil<\/title>\n<meta name=\"robots\" content=\"index, follow, max-snippet:-1, max-image-preview:large, max-video-preview:-1\" \/>\n<link rel=\"canonical\" href=\"https:\/\/queijosnobrasil.com.br\/site\/queijo-mineiro-sem-lactose\/\" \/>\n<meta property=\"og:locale\" content=\"pt_BR\" \/>\n<meta property=\"og:type\" content=\"article\" \/>\n<meta property=\"og:title\" content=\"Queijo Mineiro Artesanal - Queijos no Brasil\" \/>\n<meta property=\"og:description\" content=\"O queijo Mineiro quando elaborado a partir de leite pasteurizado apresenta um sabor suave promovido pelo frescor encontrado na suavidade da acidez natural do leite combinado com o aroma definido proporcionado pela adi\u00e7\u00e3o do fermento l\u00e1cteo selecionado. J\u00e1 o queijo elaborado a partir do leite cru, estar\u00e1 sujeito \u00e0s varia\u00e7\u00f5es fermentativas pela presen\u00e7a da flora [&hellip;]\" \/>\n<meta property=\"og:url\" content=\"https:\/\/queijosnobrasil.com.br\/site\/queijo-mineiro-sem-lactose\/\" \/>\n<meta property=\"og:site_name\" content=\"Queijos no Brasil\" \/>\n<meta property=\"article:published_time\" content=\"2022-12-20T12:03:42+00:00\" \/>\n<meta property=\"article:modified_time\" content=\"2024-11-26T00:04:54+00:00\" \/>\n<meta property=\"og:image\" content=\"https:\/\/queijosnobrasil.com.br\/site\/wp-content\/uploads\/2022\/12\/mineiro-queijo.gif\" \/>\n\t<meta property=\"og:image:width\" content=\"280\" \/>\n\t<meta property=\"og:image:height\" content=\"280\" \/>\n\t<meta property=\"og:image:type\" content=\"image\/gif\" \/>\n<meta name=\"author\" content=\"Queijos no Brasil\" \/>\n<meta name=\"twitter:card\" content=\"summary_large_image\" \/>\n<meta name=\"twitter:label1\" content=\"Escrito por\" \/>\n\t<meta name=\"twitter:data1\" content=\"Queijos no Brasil\" \/>\n\t<meta name=\"twitter:label2\" content=\"Est. tempo de leitura\" \/>\n\t<meta name=\"twitter:data2\" content=\"7 minutos\" \/>\n<script type=\"application\/ld+json\" class=\"yoast-schema-graph\">{\"@context\":\"https:\/\/schema.org\",\"@graph\":[{\"@type\":\"Article\",\"@id\":\"https:\/\/queijosnobrasil.com.br\/site\/queijo-mineiro-sem-lactose\/#article\",\"isPartOf\":{\"@id\":\"https:\/\/queijosnobrasil.com.br\/site\/queijo-mineiro-sem-lactose\/\"},\"author\":{\"name\":\"Queijos no Brasil\",\"@id\":\"https:\/\/queijosnobrasil.com.br\/site\/#\/schema\/person\/ffd948f2dd090403c987eb626885f72c\"},\"headline\":\"Queijo Mineiro Artesanal\",\"datePublished\":\"2022-12-20T12:03:42+00:00\",\"dateModified\":\"2024-11-26T00:04:54+00:00\",\"mainEntityOfPage\":{\"@id\":\"https:\/\/queijosnobrasil.com.br\/site\/queijo-mineiro-sem-lactose\/\"},\"wordCount\":1305,\"commentCount\":0,\"publisher\":{\"@id\":\"https:\/\/queijosnobrasil.com.br\/site\/#organization\"},\"image\":{\"@id\":\"https:\/\/queijosnobrasil.com.br\/site\/queijo-mineiro-sem-lactose\/#primaryimage\"},\"thumbnailUrl\":\"https:\/\/queijosnobrasil.com.br\/site\/wp-content\/uploads\/2022\/12\/mineiro-queijo.gif\",\"keywords\":[\"como fazer queijo\",\"como fazer queijo canastra\",\"como fazer queijo de leite cru\",\"curso de queijo\",\"curso de queijo artesanal\",\"fazer queijo\",\"queijo\",\"queijo curado\",\"queijo meia cura\",\"queijo mineiro\"],\"articleSection\":[\"Tudo sobre Queijo\"],\"inLanguage\":\"pt-BR\",\"potentialAction\":[{\"@type\":\"CommentAction\",\"name\":\"Comment\",\"target\":[\"https:\/\/queijosnobrasil.com.br\/site\/queijo-mineiro-sem-lactose\/#respond\"]}]},{\"@type\":\"WebPage\",\"@id\":\"https:\/\/queijosnobrasil.com.br\/site\/queijo-mineiro-sem-lactose\/\",\"url\":\"https:\/\/queijosnobrasil.com.br\/site\/queijo-mineiro-sem-lactose\/\",\"name\":\"Queijo Mineiro Artesanal - Queijos no Brasil\",\"isPartOf\":{\"@id\":\"https:\/\/queijosnobrasil.com.br\/site\/#website\"},\"primaryImageOfPage\":{\"@id\":\"https:\/\/queijosnobrasil.com.br\/site\/queijo-mineiro-sem-lactose\/#primaryimage\"},\"image\":{\"@id\":\"https:\/\/queijosnobrasil.com.br\/site\/queijo-mineiro-sem-lactose\/#primaryimage\"},\"thumbnailUrl\":\"https:\/\/queijosnobrasil.com.br\/site\/wp-content\/uploads\/2022\/12\/mineiro-queijo.gif\",\"datePublished\":\"2022-12-20T12:03:42+00:00\",\"dateModified\":\"2024-11-26T00:04:54+00:00\",\"breadcrumb\":{\"@id\":\"https:\/\/queijosnobrasil.com.br\/site\/queijo-mineiro-sem-lactose\/#breadcrumb\"},\"inLanguage\":\"pt-BR\",\"potentialAction\":[{\"@type\":\"ReadAction\",\"target\":[\"https:\/\/queijosnobrasil.com.br\/site\/queijo-mineiro-sem-lactose\/\"]}]},{\"@type\":\"ImageObject\",\"inLanguage\":\"pt-BR\",\"@id\":\"https:\/\/queijosnobrasil.com.br\/site\/queijo-mineiro-sem-lactose\/#primaryimage\",\"url\":\"https:\/\/queijosnobrasil.com.br\/site\/wp-content\/uploads\/2022\/12\/mineiro-queijo.gif\",\"contentUrl\":\"https:\/\/queijosnobrasil.com.br\/site\/wp-content\/uploads\/2022\/12\/mineiro-queijo.gif\",\"width\":280,\"height\":280},{\"@type\":\"BreadcrumbList\",\"@id\":\"https:\/\/queijosnobrasil.com.br\/site\/queijo-mineiro-sem-lactose\/#breadcrumb\",\"itemListElement\":[{\"@type\":\"ListItem\",\"position\":1,\"name\":\"In\u00edcio\",\"item\":\"https:\/\/queijosnobrasil.com.br\/site\/\"},{\"@type\":\"ListItem\",\"position\":2,\"name\":\"Queijo Mineiro Artesanal\"}]},{\"@type\":\"WebSite\",\"@id\":\"https:\/\/queijosnobrasil.com.br\/site\/#website\",\"url\":\"https:\/\/queijosnobrasil.com.br\/site\/\",\"name\":\"Queijos no Brasil\",\"description\":\"Empresa voltada a difus\u00e3o de t\u00e9cnicas de fabrica\u00e7\u00e3o e com\u00e9rcio de ingredientes para produtos l\u00e1cteos : queijo (mussarela, Minas Frescal, coalho, ricota...), iogurte, coalhada, requeij\u00e3o, doce de leite e derivados l\u00e1ticos em geral.\",\"publisher\":{\"@id\":\"https:\/\/queijosnobrasil.com.br\/site\/#organization\"},\"potentialAction\":[{\"@type\":\"SearchAction\",\"target\":{\"@type\":\"EntryPoint\",\"urlTemplate\":\"https:\/\/queijosnobrasil.com.br\/site\/?s={search_term_string}\"},\"query-input\":{\"@type\":\"PropertyValueSpecification\",\"valueRequired\":true,\"valueName\":\"search_term_string\"}}],\"inLanguage\":\"pt-BR\"},{\"@type\":\"Organization\",\"@id\":\"https:\/\/queijosnobrasil.com.br\/site\/#organization\",\"name\":\"Queijos no Brasil\",\"url\":\"https:\/\/queijosnobrasil.com.br\/site\/\",\"logo\":{\"@type\":\"ImageObject\",\"inLanguage\":\"pt-BR\",\"@id\":\"https:\/\/queijosnobrasil.com.br\/site\/#\/schema\/logo\/image\/\",\"url\":\"https:\/\/queijosnobrasil.com.br\/site\/wp-content\/uploads\/2025\/04\/logo-1.webp\",\"contentUrl\":\"https:\/\/queijosnobrasil.com.br\/site\/wp-content\/uploads\/2025\/04\/logo-1.webp\",\"width\":288,\"height\":288,\"caption\":\"Queijos no Brasil\"},\"image\":{\"@id\":\"https:\/\/queijosnobrasil.com.br\/site\/#\/schema\/logo\/image\/\"},\"sameAs\":[\"https:\/\/www.youtube.com\/@queijosnobrasil1698\"]},{\"@type\":\"Person\",\"@id\":\"https:\/\/queijosnobrasil.com.br\/site\/#\/schema\/person\/ffd948f2dd090403c987eb626885f72c\",\"name\":\"Queijos no Brasil\",\"image\":{\"@type\":\"ImageObject\",\"inLanguage\":\"pt-BR\",\"@id\":\"https:\/\/secure.gravatar.com\/avatar\/670b886dc6ab5c07aeb3effa3b8646ea730b765de2cd4c96f5dd2d6a6b9867d0?s=96&d=mm&r=g\",\"url\":\"https:\/\/secure.gravatar.com\/avatar\/670b886dc6ab5c07aeb3effa3b8646ea730b765de2cd4c96f5dd2d6a6b9867d0?s=96&d=mm&r=g\",\"contentUrl\":\"https:\/\/secure.gravatar.com\/avatar\/670b886dc6ab5c07aeb3effa3b8646ea730b765de2cd4c96f5dd2d6a6b9867d0?s=96&d=mm&r=g\",\"caption\":\"Queijos no Brasil\"},\"url\":\"https:\/\/queijosnobrasil.com.br\/site\/author\/admin\/\"}]}<\/script>\n<!-- \/ Yoast SEO plugin. -->","yoast_head_json":{"title":"Queijo Mineiro Artesanal - Queijos no Brasil","robots":{"index":"index","follow":"follow","max-snippet":"max-snippet:-1","max-image-preview":"max-image-preview:large","max-video-preview":"max-video-preview:-1"},"canonical":"https:\/\/queijosnobrasil.com.br\/site\/queijo-mineiro-sem-lactose\/","og_locale":"pt_BR","og_type":"article","og_title":"Queijo Mineiro Artesanal - Queijos no Brasil","og_description":"O queijo Mineiro quando elaborado a partir de leite pasteurizado apresenta um sabor suave promovido pelo frescor encontrado na suavidade da acidez natural do leite combinado com o aroma definido proporcionado pela adi\u00e7\u00e3o do fermento l\u00e1cteo selecionado. J\u00e1 o queijo elaborado a partir do leite cru, estar\u00e1 sujeito \u00e0s varia\u00e7\u00f5es fermentativas pela presen\u00e7a da flora [&hellip;]","og_url":"https:\/\/queijosnobrasil.com.br\/site\/queijo-mineiro-sem-lactose\/","og_site_name":"Queijos no Brasil","article_published_time":"2022-12-20T12:03:42+00:00","article_modified_time":"2024-11-26T00:04:54+00:00","og_image":[{"width":280,"height":280,"url":"https:\/\/queijosnobrasil.com.br\/site\/wp-content\/uploads\/2022\/12\/mineiro-queijo.gif","type":"image\/gif"}],"author":"Queijos no Brasil","twitter_card":"summary_large_image","twitter_misc":{"Escrito por":"Queijos no Brasil","Est. tempo de leitura":"7 minutos"},"schema":{"@context":"https:\/\/schema.org","@graph":[{"@type":"Article","@id":"https:\/\/queijosnobrasil.com.br\/site\/queijo-mineiro-sem-lactose\/#article","isPartOf":{"@id":"https:\/\/queijosnobrasil.com.br\/site\/queijo-mineiro-sem-lactose\/"},"author":{"name":"Queijos no Brasil","@id":"https:\/\/queijosnobrasil.com.br\/site\/#\/schema\/person\/ffd948f2dd090403c987eb626885f72c"},"headline":"Queijo Mineiro Artesanal","datePublished":"2022-12-20T12:03:42+00:00","dateModified":"2024-11-26T00:04:54+00:00","mainEntityOfPage":{"@id":"https:\/\/queijosnobrasil.com.br\/site\/queijo-mineiro-sem-lactose\/"},"wordCount":1305,"commentCount":0,"publisher":{"@id":"https:\/\/queijosnobrasil.com.br\/site\/#organization"},"image":{"@id":"https:\/\/queijosnobrasil.com.br\/site\/queijo-mineiro-sem-lactose\/#primaryimage"},"thumbnailUrl":"https:\/\/queijosnobrasil.com.br\/site\/wp-content\/uploads\/2022\/12\/mineiro-queijo.gif","keywords":["como fazer queijo","como fazer queijo canastra","como fazer queijo de leite cru","curso de queijo","curso de queijo artesanal","fazer queijo","queijo","queijo curado","queijo meia cura","queijo mineiro"],"articleSection":["Tudo sobre Queijo"],"inLanguage":"pt-BR","potentialAction":[{"@type":"CommentAction","name":"Comment","target":["https:\/\/queijosnobrasil.com.br\/site\/queijo-mineiro-sem-lactose\/#respond"]}]},{"@type":"WebPage","@id":"https:\/\/queijosnobrasil.com.br\/site\/queijo-mineiro-sem-lactose\/","url":"https:\/\/queijosnobrasil.com.br\/site\/queijo-mineiro-sem-lactose\/","name":"Queijo Mineiro Artesanal - Queijos no Brasil","isPartOf":{"@id":"https:\/\/queijosnobrasil.com.br\/site\/#website"},"primaryImageOfPage":{"@id":"https:\/\/queijosnobrasil.com.br\/site\/queijo-mineiro-sem-lactose\/#primaryimage"},"image":{"@id":"https:\/\/queijosnobrasil.com.br\/site\/queijo-mineiro-sem-lactose\/#primaryimage"},"thumbnailUrl":"https:\/\/queijosnobrasil.com.br\/site\/wp-content\/uploads\/2022\/12\/mineiro-queijo.gif","datePublished":"2022-12-20T12:03:42+00:00","dateModified":"2024-11-26T00:04:54+00:00","breadcrumb":{"@id":"https:\/\/queijosnobrasil.com.br\/site\/queijo-mineiro-sem-lactose\/#breadcrumb"},"inLanguage":"pt-BR","potentialAction":[{"@type":"ReadAction","target":["https:\/\/queijosnobrasil.com.br\/site\/queijo-mineiro-sem-lactose\/"]}]},{"@type":"ImageObject","inLanguage":"pt-BR","@id":"https:\/\/queijosnobrasil.com.br\/site\/queijo-mineiro-sem-lactose\/#primaryimage","url":"https:\/\/queijosnobrasil.com.br\/site\/wp-content\/uploads\/2022\/12\/mineiro-queijo.gif","contentUrl":"https:\/\/queijosnobrasil.com.br\/site\/wp-content\/uploads\/2022\/12\/mineiro-queijo.gif","width":280,"height":280},{"@type":"BreadcrumbList","@id":"https:\/\/queijosnobrasil.com.br\/site\/queijo-mineiro-sem-lactose\/#breadcrumb","itemListElement":[{"@type":"ListItem","position":1,"name":"In\u00edcio","item":"https:\/\/queijosnobrasil.com.br\/site\/"},{"@type":"ListItem","position":2,"name":"Queijo Mineiro Artesanal"}]},{"@type":"WebSite","@id":"https:\/\/queijosnobrasil.com.br\/site\/#website","url":"https:\/\/queijosnobrasil.com.br\/site\/","name":"Queijos no Brasil","description":"Empresa voltada a difus\u00e3o de t\u00e9cnicas de fabrica\u00e7\u00e3o e com\u00e9rcio de ingredientes para produtos l\u00e1cteos : queijo (mussarela, Minas Frescal, coalho, ricota...), iogurte, coalhada, requeij\u00e3o, doce de leite e derivados l\u00e1ticos em geral.","publisher":{"@id":"https:\/\/queijosnobrasil.com.br\/site\/#organization"},"potentialAction":[{"@type":"SearchAction","target":{"@type":"EntryPoint","urlTemplate":"https:\/\/queijosnobrasil.com.br\/site\/?s={search_term_string}"},"query-input":{"@type":"PropertyValueSpecification","valueRequired":true,"valueName":"search_term_string"}}],"inLanguage":"pt-BR"},{"@type":"Organization","@id":"https:\/\/queijosnobrasil.com.br\/site\/#organization","name":"Queijos no Brasil","url":"https:\/\/queijosnobrasil.com.br\/site\/","logo":{"@type":"ImageObject","inLanguage":"pt-BR","@id":"https:\/\/queijosnobrasil.com.br\/site\/#\/schema\/logo\/image\/","url":"https:\/\/queijosnobrasil.com.br\/site\/wp-content\/uploads\/2025\/04\/logo-1.webp","contentUrl":"https:\/\/queijosnobrasil.com.br\/site\/wp-content\/uploads\/2025\/04\/logo-1.webp","width":288,"height":288,"caption":"Queijos no Brasil"},"image":{"@id":"https:\/\/queijosnobrasil.com.br\/site\/#\/schema\/logo\/image\/"},"sameAs":["https:\/\/www.youtube.com\/@queijosnobrasil1698"]},{"@type":"Person","@id":"https:\/\/queijosnobrasil.com.br\/site\/#\/schema\/person\/ffd948f2dd090403c987eb626885f72c","name":"Queijos no Brasil","image":{"@type":"ImageObject","inLanguage":"pt-BR","@id":"https:\/\/secure.gravatar.com\/avatar\/670b886dc6ab5c07aeb3effa3b8646ea730b765de2cd4c96f5dd2d6a6b9867d0?s=96&d=mm&r=g","url":"https:\/\/secure.gravatar.com\/avatar\/670b886dc6ab5c07aeb3effa3b8646ea730b765de2cd4c96f5dd2d6a6b9867d0?s=96&d=mm&r=g","contentUrl":"https:\/\/secure.gravatar.com\/avatar\/670b886dc6ab5c07aeb3effa3b8646ea730b765de2cd4c96f5dd2d6a6b9867d0?s=96&d=mm&r=g","caption":"Queijos no Brasil"},"url":"https:\/\/queijosnobrasil.com.br\/site\/author\/admin\/"}]}},"_links":{"self":[{"href":"https:\/\/queijosnobrasil.com.br\/site\/wp-json\/wp\/v2\/posts\/6277","targetHints":{"allow":["GET"]}}],"collection":[{"href":"https:\/\/queijosnobrasil.com.br\/site\/wp-json\/wp\/v2\/posts"}],"about":[{"href":"https:\/\/queijosnobrasil.com.br\/site\/wp-json\/wp\/v2\/types\/post"}],"author":[{"embeddable":true,"href":"https:\/\/queijosnobrasil.com.br\/site\/wp-json\/wp\/v2\/users\/1"}],"replies":[{"embeddable":true,"href":"https:\/\/queijosnobrasil.com.br\/site\/wp-json\/wp\/v2\/comments?post=6277"}],"version-history":[{"count":9,"href":"https:\/\/queijosnobrasil.com.br\/site\/wp-json\/wp\/v2\/posts\/6277\/revisions"}],"predecessor-version":[{"id":8958,"href":"https:\/\/queijosnobrasil.com.br\/site\/wp-json\/wp\/v2\/posts\/6277\/revisions\/8958"}],"wp:attachment":[{"href":"https:\/\/queijosnobrasil.com.br\/site\/wp-json\/wp\/v2\/media?parent=6277"}],"wp:term":[{"taxonomy":"category","embeddable":true,"href":"https:\/\/queijosnobrasil.com.br\/site\/wp-json\/wp\/v2\/categories?post=6277"},{"taxonomy":"post_tag","embeddable":true,"href":"https:\/\/queijosnobrasil.com.br\/site\/wp-json\/wp\/v2\/tags?post=6277"}],"curies":[{"name":"wp","href":"https:\/\/api.w.org\/{rel}","templated":true}]}}