{"id":6273,"date":"2022-12-20T09:02:02","date_gmt":"2022-12-20T12:02:02","guid":{"rendered":"https:\/\/queijosnobrasil.com.br\/site\/?p=6273"},"modified":"2023-09-18T09:33:34","modified_gmt":"2023-09-18T12:33:34","slug":"queijo-morbier-francaise","status":"publish","type":"post","link":"https:\/\/queijosnobrasil.com.br\/site\/queijo-morbier-francaise\/","title":{"rendered":"Queijo Morbier &#8211; Fran\u00e7aise"},"content":{"rendered":"\r\n<figure class=\"wp-block-image size-full\"><img fetchpriority=\"high\" decoding=\"async\" class=\"wp-image-6274\" src=\"https:\/\/queijosnobrasil.com.br\/site\/wp-content\/uploads\/2022\/12\/morbier-france.gif\" alt=\"\" width=\"503\" height=\"335\" \/><br \/><span style=\"font-family: verdana, geneva, sans-serif;\">O queijo Morbier \u00e9 um queijo de massa lavada e prensado, origin\u00e1rio do leste da Fran\u00e7a na regi\u00e3o do Vale do Jura.<\/span><br \/><span style=\"font-family: verdana, geneva, sans-serif;\">Uma caracter\u00edstica marcante deste queijo \u00e9 a presen\u00e7a de uma linha escura (cor preta) perfazendo uma linha a qual divide o queijo em duas metades.<\/span><br \/><span style=\"font-family: verdana, geneva, sans-serif;\">Muitas pessoas imaginam ser esta linha t\u00eanue a presen\u00e7a de um fungo azul ou escuro, mas trata-se de fato de uma fina camada de carv\u00e3o.<\/span><\/figure>\r\n<p><span style=\"font-family: verdana, geneva, sans-serif;\">\r\n\r\n\r\n\r\n<\/span><\/p>\r\n<p><span style=\"font-family: verdana, geneva, sans-serif; color: #00ccff;\">Caracter\u00edsticas:<\/span><br \/><span style=\"font-family: verdana, geneva, sans-serif;\">Formato: cil\u00edndrico;<\/span><br \/><span style=\"font-family: verdana, geneva, sans-serif;\">Sabor: suave tendendo ao \u00e1cido;<\/span><br \/><span style=\"font-family: verdana, geneva, sans-serif;\">Peso: 2.5 a 2.8 quilos, inteiro ou comercializado fatiado em cunhas de 250 gramas;<\/span><br \/><span style=\"font-family: verdana, geneva, sans-serif;\">Textura: fechada com uma fina linha de carv\u00e3o horizontal;<\/span><br \/><span style=\"font-family: verdana, geneva, sans-serif;\">Cor: amarelo palha;<\/span><br \/><span style=\"font-family: verdana, geneva, sans-serif;\">Casca: tratada nos primeiros dias e finalizada com tinta natural amarelo ouro.<\/span><\/p>\r\n<p><span style=\"font-family: verdana, geneva, sans-serif;\">\r\n\r\n<\/span><\/p>\r\n<p><span style=\"font-family: verdana, geneva, sans-serif; color: #00ccff;\">Tecnologia para 50 litros<\/span><br \/><span style=\"font-family: verdana, geneva, sans-serif;\">Leite fresco: filtrado, pasteurizado (pasteuriza\u00e7\u00e3o r\u00e1pida ou lenta), acidez entre 16 a 17\u00baD.<\/span><br \/><span style=\"font-family: verdana, geneva, sans-serif;\">Gordura: m\u00ednimo de 3,4 a 3,6% ou integral.<\/span><br \/><span style=\"font-family: verdana, geneva, sans-serif;\">Cloreto de c\u00e1lcio: 25 ml.<\/span><br \/><span style=\"color: #00ccff;\"><a style=\"color: #00ccff;\" href=\"https:\/\/www.queijosnobrasil.com\/fermento-lacteos\"><span style=\"font-family: verdana, geneva, sans-serif;\">Fermento QUEIJOS ARTESANAIS DOCINA \u2013 MESOF\u00cdLICO TERMOFILICO OT.<\/span><\/a><\/span><br \/><span style=\"font-family: verdana, geneva, sans-serif;\">Nitrato de S\u00f3dio: 25 ml.<\/span><br \/><span style=\"font-family: verdana, geneva, sans-serif;\">Coagulante Quimase: 15 ml dilu\u00eddo em 100 ml de \u00e1gua isenta de cloro.<\/span><br \/><span style=\"font-family: verdana, geneva, sans-serif;\">Pr\u00e9 matura\u00e7\u00e3o por 30 minutos.<\/span><br \/><span style=\"font-family: verdana, geneva, sans-serif;\">Temperatura adi\u00e7\u00e3o do coagulante Quimase: 34 a 36\u00baC.<\/span><br \/><span style=\"font-family: verdana, geneva, sans-serif;\">Tempo de coagula\u00e7\u00e3o: 45 minutos.<\/span><br \/><span style=\"font-family: verdana, geneva, sans-serif;\">Corte: lento.<\/span><br \/><span style=\"font-family: verdana, geneva, sans-serif;\">Gr\u00e3os de ervilha, gr\u00e3o 3.<\/span><br \/><span style=\"font-family: verdana, geneva, sans-serif;\">Repouso: 3 a 5 minutos.<\/span><br \/><span style=\"font-family: verdana, geneva, sans-serif;\">1\u00aa Mexedura: mexer lentamente por um per\u00edodo de 15 minutos.<\/span><br \/><span style=\"font-family: verdana, geneva, sans-serif;\">Ap\u00f3s este tempo fazer a retirada de 35% de soro e adicionar a mesma quantidade (35%) de \u00e1gua com temperatura regulada para 65\u00baC. Atingindo a temperatura de 42\u00baC na massa.<\/span><br \/><span style=\"font-family: verdana, geneva, sans-serif;\">2\u00aa Mexedura: 50 minutos com o ponto apresentando determinada consist\u00eancia verificada na pr\u00e1tica, num tempo de aproximadamente 60 minutos contados a partir do corte da massa ou coalhada.<\/span><br \/><span style=\"font-family: verdana, geneva, sans-serif;\">Ap\u00f3s o ponto faz-se a dessoragem total e pr\u00e9 prensa-se a massa por 15 minutos e 10 quilos de peso. A massa deve ser imediatamente enformada nas formas apropriadas revestidas dos dessoradores.<\/span><br \/><span style=\"font-family: verdana, geneva, sans-serif;\">Uma vez enformados os queijos devem ser destinados para a prensa e finalmente prensados seguindo o determinado esquema:<\/span><br \/><span style=\"font-family: verdana, geneva, sans-serif;\">1\u00aa prensagem: prensagem por 30 minutos e virar os queijos;<\/span><br \/><span style=\"font-family: verdana, geneva, sans-serif;\">2\u00aa prensagem: prensar por 1 hora e virar os queijos;<\/span><br \/><span style=\"font-family: verdana, geneva, sans-serif;\">3\u00aa prensagem: prensar por mais 1 hora e 30 minutos e retirar o peso ao final do tempo.<\/span><br \/><span style=\"font-family: verdana, geneva, sans-serif;\">Os queijos uma vez prensados dever\u00e3o ser deixados para fermentar de um dia para outro, atingindo o pH de 5.2.<\/span><\/p>\r\n<p><span style=\"font-family: verdana, geneva, sans-serif;\">\r\n\r\n<\/span><\/p>\r\n<p><span style=\"font-family: verdana, geneva, sans-serif; color: #00ccff;\">Salga na salmoura:<\/span><br \/><span style=\"font-family: verdana, geneva, sans-serif;\">Os queijos dever\u00e3o ser destinados para a salga em salmoura (temperatura de 10\u00baC com 20% de sal).<\/span><br \/><span style=\"font-family: verdana, geneva, sans-serif;\">Tempo vari\u00e1vel em fun\u00e7\u00e3o do peso:<\/span><\/p>\r\n<p><span style=\"font-family: verdana, geneva, sans-serif;\">\r\n\r\n<\/span><\/p>\r\n<p><span style=\"font-family: verdana, geneva, sans-serif;\">Queijos de 500 gramas por 8 horas;<\/span><br \/><span style=\"font-family: verdana, geneva, sans-serif;\">Queijos de 2,5 quilos por 32 horas;<\/span><br \/><span style=\"font-family: verdana, geneva, sans-serif;\">Queijos de 3 quilos por 48 horas.<\/span><\/p>\r\n<p><span style=\"font-family: verdana, geneva, sans-serif;\">\r\n\r\n<\/span><\/p>\r\n<p><span style=\"font-family: verdana, geneva, sans-serif;\">Matura\u00e7\u00e3o na c\u00e2mara \u00famida ou geladeira com umidade 95% URA a 10 a 12\u00b0C.<\/span><\/p>\r\n<p><span style=\"font-family: verdana, geneva, sans-serif;\">\r\n\r\n<\/span><\/p>\r\n<p><span style=\"font-family: verdana, geneva, sans-serif; color: #00ccff;\">Observa\u00e7\u00f5es:<\/span><\/p>\r\n<p><span style=\"font-family: verdana, geneva, sans-serif;\">\r\n\r\n<\/span><\/p>\r\n<p><span style=\"font-family: verdana, geneva, sans-serif; color: #00ccff;\">Preparo do carv\u00e3o:<\/span><br \/><span style=\"font-family: verdana, geneva, sans-serif;\"><img decoding=\"async\" class=\"alignnone size-full wp-image-7626\" src=\"https:\/\/queijosnobrasil.com.br\/site\/wp-content\/uploads\/2022\/12\/morbier-frana.gif\" alt=\"\" width=\"400\" height=\"267\" \/><\/span><\/p>\r\n<p><span style=\"font-family: verdana, geneva, sans-serif;\">\r\n\r\n\r\n\r\n\r\n\r\n<\/span><\/p>\r\n<p><span style=\"font-family: verdana, geneva, sans-serif; color: #00ccff;\">Como colocar carv\u00e3o no queijo:<\/span><br \/><span style=\"font-family: verdana, geneva, sans-serif;\">Preparar um torniquete com linha fina de a\u00e7o com dist\u00e2ncia de 55 cm;<\/span><br \/><span style=\"font-family: verdana, geneva, sans-serif;\">Fazer uma guia com uma faca e cortar o queijo (usar o torniquete).<\/span><br \/><span style=\"font-family: verdana, geneva, sans-serif;\">Fa\u00e7a 2 bandas;<\/span><br \/><span style=\"font-family: verdana, geneva, sans-serif;\">Em uma das bandas, com pincel ou pano, passar o carv\u00e3o, fazendo um c\u00edrculo no meio, sem cobrir toda a banda;<\/span><br \/><span style=\"font-family: verdana, geneva, sans-serif;\">Unir as 2 bandas e cobri-las adequadamente com o tecido para queijo artesanal.<\/span><\/p>\r\n<p><span style=\"font-family: verdana, geneva, sans-serif;\">\r\n\r\n<\/span><\/p>\r\n<p><span style=\"font-family: verdana, geneva, sans-serif; color: #00ccff;\">Preparo do Morge I (preparar antes da fabrica\u00e7\u00e3o):<\/span><br \/><span style=\"font-family: verdana, geneva, sans-serif;\">250 ml de salmoura;<\/span><br \/><span style=\"font-family: verdana, geneva, sans-serif;\">250 ml de \u00e1gua;<\/span><br \/><span style=\"font-family: verdana, geneva, sans-serif;\">10 ml de corante urucum;<\/span><br \/><span style=\"font-family: verdana, geneva, sans-serif;\">1 colher de sopa de amido (opcional).<\/span><\/p>\r\n<p><span style=\"font-family: verdana, geneva, sans-serif;\">\r\n\r\n<\/span><\/p>\r\n<p><span style=\"font-family: verdana, geneva, sans-serif;\">Passar a solu\u00e7\u00e3o de Morge nos queijos usando um pano ou pincel todos os dias at\u00e9 completar uma semana.<\/span><br \/><span style=\"font-family: verdana, geneva, sans-serif;\">Passar de 2 em 2 dias por mais 6 a 8 dias.<\/span><br \/><span style=\"font-family: verdana, geneva, sans-serif;\">Ao final lavar e secar os queijos.<\/span><\/p>\r\n<p><span style=\"font-family: verdana, geneva, sans-serif;\">\r\n\r\n<\/span><\/p>\r\n<p><span style=\"font-family: verdana, geneva, sans-serif; color: #00ccff;\">Preparo do Morge II (preparar antes da fabrica\u00e7\u00e3o):<\/span><br \/><span style=\"font-family: verdana, geneva, sans-serif;\">90 ml de \u00e1lcool a 92\u00b0 GL;<\/span><br \/><span style=\"font-family: verdana, geneva, sans-serif;\">10 ml de corante urucum.<\/span><br \/><span style=\"font-family: verdana, geneva, sans-serif;\">Passar o Morge II na casca do queijo e deixar secar bem.<\/span><\/p>\r\n<p><span style=\"font-family: verdana, geneva, sans-serif;\">\r\n\r\n<\/span><\/p>\r\n<p><span style=\"font-family: verdana, geneva, sans-serif; color: #00ccff;\">Embalagem e comercializa\u00e7\u00e3o:<\/span><br \/><span style=\"font-family: verdana, geneva, sans-serif;\">A embalagem dos queijos deve ser feita a v\u00e1cuo \u2014 queijos pequenos devem ser embalados inteiros e queijos grande em 12 cunhas ou fatias.<\/span><br \/><span style=\"font-family: verdana, geneva, sans-serif;\">Deixar maturar por mais 20 dias a 10\u00b0C, sendo que o consumo ideal \u00e9 em torno de 45 a 60 dias.<\/span><br \/><span style=\"font-family: verdana, geneva, sans-serif;\">Comercializa\u00e7\u00e3o ou estocagem a 5\u00b0C.<\/span><br \/><span style=\"font-family: verdana, geneva, sans-serif;\">Validade: 90 dias para queijos pequenos e 120 dias para queijos grandes.<\/span><br \/><span style=\"font-family: verdana, geneva, sans-serif;\">Rendimento: 8,5 a 9 litros de leite para 1 quilo de queijo.<\/span><\/p>\r\n<p><span style=\"font-size: 10pt; font-family: verdana, geneva, sans-serif;\">Professor Fernando Rodrigues<\/span><\/p>\r\n<p><a href=\"https:\/\/www.queijosnobrasil.com\/\"><img decoding=\"async\" class=\" wp-image-7443 aligncenter\" src=\"https:\/\/queijosnobrasil.com.br\/site\/wp-content\/uploads\/2023\/05\/tira_loja-300x38.png\" alt=\"\" width=\"458\" height=\"58\" srcset=\"https:\/\/queijosnobrasil.com.br\/site\/wp-content\/uploads\/2023\/05\/tira_loja-300x38.png 300w, https:\/\/queijosnobrasil.com.br\/site\/wp-content\/uploads\/2023\/05\/tira_loja.png 583w\" sizes=\"(max-width: 458px) 100vw, 458px\" \/><\/a><\/p>\r\n","protected":false},"excerpt":{"rendered":"<p>Caracter\u00edsticas:Formato: cil\u00edndrico;Sabor: suave tendendo ao \u00e1cido;Peso: 2.5 a 2.8 quilos, inteiro ou comercializado fatiado em cunhas de 250 gramas;Textura: fechada com uma fina linha de carv\u00e3o horizontal;Cor: amarelo palha;Casca: tratada nos primeiros dias e finalizada com tinta natural amarelo ouro. Tecnologia para 50 litrosLeite fresco: filtrado, pasteurizado (pasteuriza\u00e7\u00e3o r\u00e1pida ou lenta), acidez entre 16 a [&hellip;]<\/p>\n","protected":false},"author":1,"featured_media":0,"comment_status":"open","ping_status":"open","sticky":false,"template":"","format":"standard","meta":{"footnotes":""},"categories":[214],"tags":[273,321,326,232,253,327,240,325,320,230,312,322,323,298,267,301,380,254,277,319,303,328,251,268,309,248,290,250,249,310,311,278,316,269,318,305,317,329,225,243,315,314,239,252,313],"class_list":["post-6273","post","type-post","status-publish","format-standard","hentry","category-tudo-sobre-queijo","tag-cheese-artisanal","tag-como-fazer-iogurte","tag-como-fazer-iogurte-em-casa","tag-como-fazer-queijo","tag-como-fazer-queijo-em-casa","tag-como-fazer-queijos-em-casa","tag-como-fazer-ricota","tag-concurso-de-queijos","tag-curso-de-iogurte","tag-curso-de-queijo","tag-curso-de-queijo-de-leite-cru","tag-doce-de-leite","tag-doce-de-leite-vicosa","tag-escola-de-queijo","tag-fazer-queijo","tag-fazer-queijo-em-casa","tag-fazer-ricota-em-casa","tag-iogurte","tag-leite-cru","tag-manteiga","tag-mestre-queijeiro","tag-planta-based","tag-queijaria","tag-queijaria-artesanal","tag-queijeiro","tag-queijo","tag-queijo-alagoa","tag-queijo-artesanal","tag-queijo-canastra","tag-queijo-colonia","tag-queijo-colonial","tag-queijo-de-leite-cru","tag-queijo-do-brasil","tag-queijo-italiano","tag-queijo-minas-artesanal","tag-queijo-mineiro","tag-queijo-no-brasil","tag-queijo-vegano","tag-requeijao","tag-requeijao-crioulo","tag-requeijao-de-marajo","tag-requeijao-mineiro","tag-ricota","tag-selo-arte","tag-selo-queijo-artesanal"],"yoast_head":"<!-- This site is optimized with the Yoast SEO plugin v27.2 - https:\/\/yoast.com\/product\/yoast-seo-wordpress\/ -->\n<title>Queijo Morbier - Fran\u00e7aise - Queijos no Brasil<\/title>\n<meta name=\"robots\" content=\"index, follow, max-snippet:-1, max-image-preview:large, max-video-preview:-1\" \/>\n<link rel=\"canonical\" href=\"https:\/\/queijosnobrasil.com.br\/site\/queijo-morbier-francaise\/\" \/>\n<meta property=\"og:locale\" content=\"pt_BR\" \/>\n<meta property=\"og:type\" content=\"article\" \/>\n<meta property=\"og:title\" content=\"Queijo Morbier - Fran\u00e7aise - Queijos no Brasil\" \/>\n<meta property=\"og:description\" content=\"Caracter\u00edsticas:Formato: cil\u00edndrico;Sabor: suave tendendo ao \u00e1cido;Peso: 2.5 a 2.8 quilos, inteiro ou comercializado fatiado em cunhas de 250 gramas;Textura: fechada com uma fina linha de carv\u00e3o horizontal;Cor: amarelo palha;Casca: tratada nos primeiros dias e finalizada com tinta natural amarelo ouro. Tecnologia para 50 litrosLeite fresco: filtrado, pasteurizado (pasteuriza\u00e7\u00e3o r\u00e1pida ou lenta), acidez entre 16 a [&hellip;]\" \/>\n<meta property=\"og:url\" content=\"https:\/\/queijosnobrasil.com.br\/site\/queijo-morbier-francaise\/\" \/>\n<meta property=\"og:site_name\" content=\"Queijos no Brasil\" \/>\n<meta property=\"article:published_time\" content=\"2022-12-20T12:02:02+00:00\" \/>\n<meta property=\"article:modified_time\" content=\"2023-09-18T12:33:34+00:00\" \/>\n<meta property=\"og:image\" content=\"https:\/\/queijosnobrasil.com.br\/site\/wp-content\/uploads\/2022\/12\/morbier-france.gif\" \/>\n\t<meta property=\"og:image:width\" content=\"300\" \/>\n\t<meta property=\"og:image:height\" content=\"200\" \/>\n\t<meta property=\"og:image:type\" content=\"image\/gif\" \/>\n<meta name=\"author\" content=\"Queijos no Brasil\" \/>\n<meta name=\"twitter:card\" content=\"summary_large_image\" \/>\n<meta name=\"twitter:label1\" content=\"Escrito por\" \/>\n\t<meta name=\"twitter:data1\" content=\"Queijos no Brasil\" \/>\n\t<meta name=\"twitter:label2\" content=\"Est. tempo de leitura\" \/>\n\t<meta name=\"twitter:data2\" content=\"4 minutos\" \/>\n<script type=\"application\/ld+json\" class=\"yoast-schema-graph\">{\"@context\":\"https:\/\/schema.org\",\"@graph\":[{\"@type\":\"Article\",\"@id\":\"https:\/\/queijosnobrasil.com.br\/site\/queijo-morbier-francaise\/#article\",\"isPartOf\":{\"@id\":\"https:\/\/queijosnobrasil.com.br\/site\/queijo-morbier-francaise\/\"},\"author\":{\"name\":\"Queijos no Brasil\",\"@id\":\"https:\/\/queijosnobrasil.com.br\/site\/#\/schema\/person\/ffd948f2dd090403c987eb626885f72c\"},\"headline\":\"Queijo Morbier &#8211; Fran\u00e7aise\",\"datePublished\":\"2022-12-20T12:02:02+00:00\",\"dateModified\":\"2023-09-18T12:33:34+00:00\",\"mainEntityOfPage\":{\"@id\":\"https:\/\/queijosnobrasil.com.br\/site\/queijo-morbier-francaise\/\"},\"wordCount\":724,\"commentCount\":0,\"publisher\":{\"@id\":\"https:\/\/queijosnobrasil.com.br\/site\/#organization\"},\"image\":{\"@id\":\"https:\/\/queijosnobrasil.com.br\/site\/queijo-morbier-francaise\/#primaryimage\"},\"thumbnailUrl\":\"https:\/\/queijosnobrasil.com.br\/site\/wp-content\/uploads\/2022\/12\/morbier-france.gif\",\"keywords\":[\"cheese artisanal\",\"como fazer iogurte\",\"como fazer iogurte em casa\",\"como fazer queijo\",\"como fazer queijo em casa\",\"como fazer queijos em casa\",\"como fazer ricota\",\"concurso de queijos\",\"curso de iogurte\",\"curso de queijo\",\"curso de queijo de leite cru\",\"doce de leite\",\"doce de leite vi\u00e7osa\",\"escola de queijo\",\"fazer queijo\",\"fazer queijo em casa\",\"fazer ricota em casa\",\"iogurte\",\"leite cru\",\"manteiga\",\"mestre queijeiro\",\"planta based\",\"queijaria\",\"queijaria artesanal\",\"queijeiro\",\"queijo\",\"queijo alagoa\",\"queijo artesanal\",\"queijo canastra\",\"queijo colonia\",\"queijo colonial\",\"queijo de leite cru\",\"queijo do brasil\",\"queijo italiano\",\"queijo minas artesanal\",\"queijo mineiro\",\"queijo no brasil\",\"queijo vegano\",\"requeij\u00e3o\",\"requeij\u00e3o crioulo\",\"requeij\u00e3o de maraj\u00f3\",\"requeij\u00e3o mineiro\",\"ricota\",\"selo arte\",\"selo queijo artesanal\"],\"articleSection\":[\"Tudo sobre Queijo\"],\"inLanguage\":\"pt-BR\",\"potentialAction\":[{\"@type\":\"CommentAction\",\"name\":\"Comment\",\"target\":[\"https:\/\/queijosnobrasil.com.br\/site\/queijo-morbier-francaise\/#respond\"]}]},{\"@type\":\"WebPage\",\"@id\":\"https:\/\/queijosnobrasil.com.br\/site\/queijo-morbier-francaise\/\",\"url\":\"https:\/\/queijosnobrasil.com.br\/site\/queijo-morbier-francaise\/\",\"name\":\"Queijo Morbier - Fran\u00e7aise - Queijos no Brasil\",\"isPartOf\":{\"@id\":\"https:\/\/queijosnobrasil.com.br\/site\/#website\"},\"primaryImageOfPage\":{\"@id\":\"https:\/\/queijosnobrasil.com.br\/site\/queijo-morbier-francaise\/#primaryimage\"},\"image\":{\"@id\":\"https:\/\/queijosnobrasil.com.br\/site\/queijo-morbier-francaise\/#primaryimage\"},\"thumbnailUrl\":\"https:\/\/queijosnobrasil.com.br\/site\/wp-content\/uploads\/2022\/12\/morbier-france.gif\",\"datePublished\":\"2022-12-20T12:02:02+00:00\",\"dateModified\":\"2023-09-18T12:33:34+00:00\",\"breadcrumb\":{\"@id\":\"https:\/\/queijosnobrasil.com.br\/site\/queijo-morbier-francaise\/#breadcrumb\"},\"inLanguage\":\"pt-BR\",\"potentialAction\":[{\"@type\":\"ReadAction\",\"target\":[\"https:\/\/queijosnobrasil.com.br\/site\/queijo-morbier-francaise\/\"]}]},{\"@type\":\"ImageObject\",\"inLanguage\":\"pt-BR\",\"@id\":\"https:\/\/queijosnobrasil.com.br\/site\/queijo-morbier-francaise\/#primaryimage\",\"url\":\"https:\/\/queijosnobrasil.com.br\/site\/wp-content\/uploads\/2022\/12\/morbier-france.gif\",\"contentUrl\":\"https:\/\/queijosnobrasil.com.br\/site\/wp-content\/uploads\/2022\/12\/morbier-france.gif\",\"width\":300,\"height\":200},{\"@type\":\"BreadcrumbList\",\"@id\":\"https:\/\/queijosnobrasil.com.br\/site\/queijo-morbier-francaise\/#breadcrumb\",\"itemListElement\":[{\"@type\":\"ListItem\",\"position\":1,\"name\":\"In\u00edcio\",\"item\":\"https:\/\/queijosnobrasil.com.br\/site\/\"},{\"@type\":\"ListItem\",\"position\":2,\"name\":\"Queijo Morbier &#8211; Fran\u00e7aise\"}]},{\"@type\":\"WebSite\",\"@id\":\"https:\/\/queijosnobrasil.com.br\/site\/#website\",\"url\":\"https:\/\/queijosnobrasil.com.br\/site\/\",\"name\":\"Queijos no Brasil\",\"description\":\"Empresa voltada a difus\u00e3o de t\u00e9cnicas de fabrica\u00e7\u00e3o e com\u00e9rcio de ingredientes para produtos l\u00e1cteos : queijo (mussarela, Minas Frescal, coalho, ricota...), iogurte, coalhada, requeij\u00e3o, doce de leite e derivados l\u00e1ticos em geral.\",\"publisher\":{\"@id\":\"https:\/\/queijosnobrasil.com.br\/site\/#organization\"},\"potentialAction\":[{\"@type\":\"SearchAction\",\"target\":{\"@type\":\"EntryPoint\",\"urlTemplate\":\"https:\/\/queijosnobrasil.com.br\/site\/?s={search_term_string}\"},\"query-input\":{\"@type\":\"PropertyValueSpecification\",\"valueRequired\":true,\"valueName\":\"search_term_string\"}}],\"inLanguage\":\"pt-BR\"},{\"@type\":\"Organization\",\"@id\":\"https:\/\/queijosnobrasil.com.br\/site\/#organization\",\"name\":\"Queijos no Brasil\",\"url\":\"https:\/\/queijosnobrasil.com.br\/site\/\",\"logo\":{\"@type\":\"ImageObject\",\"inLanguage\":\"pt-BR\",\"@id\":\"https:\/\/queijosnobrasil.com.br\/site\/#\/schema\/logo\/image\/\",\"url\":\"https:\/\/queijosnobrasil.com.br\/site\/wp-content\/uploads\/2025\/04\/logo-1.webp\",\"contentUrl\":\"https:\/\/queijosnobrasil.com.br\/site\/wp-content\/uploads\/2025\/04\/logo-1.webp\",\"width\":288,\"height\":288,\"caption\":\"Queijos no Brasil\"},\"image\":{\"@id\":\"https:\/\/queijosnobrasil.com.br\/site\/#\/schema\/logo\/image\/\"},\"sameAs\":[\"https:\/\/www.youtube.com\/@queijosnobrasil1698\"]},{\"@type\":\"Person\",\"@id\":\"https:\/\/queijosnobrasil.com.br\/site\/#\/schema\/person\/ffd948f2dd090403c987eb626885f72c\",\"name\":\"Queijos no Brasil\",\"image\":{\"@type\":\"ImageObject\",\"inLanguage\":\"pt-BR\",\"@id\":\"https:\/\/secure.gravatar.com\/avatar\/670b886dc6ab5c07aeb3effa3b8646ea730b765de2cd4c96f5dd2d6a6b9867d0?s=96&d=mm&r=g\",\"url\":\"https:\/\/secure.gravatar.com\/avatar\/670b886dc6ab5c07aeb3effa3b8646ea730b765de2cd4c96f5dd2d6a6b9867d0?s=96&d=mm&r=g\",\"contentUrl\":\"https:\/\/secure.gravatar.com\/avatar\/670b886dc6ab5c07aeb3effa3b8646ea730b765de2cd4c96f5dd2d6a6b9867d0?s=96&d=mm&r=g\",\"caption\":\"Queijos no Brasil\"},\"url\":\"https:\/\/queijosnobrasil.com.br\/site\/author\/admin\/\"}]}<\/script>\n<!-- \/ Yoast SEO plugin. -->","yoast_head_json":{"title":"Queijo Morbier - Fran\u00e7aise - Queijos no Brasil","robots":{"index":"index","follow":"follow","max-snippet":"max-snippet:-1","max-image-preview":"max-image-preview:large","max-video-preview":"max-video-preview:-1"},"canonical":"https:\/\/queijosnobrasil.com.br\/site\/queijo-morbier-francaise\/","og_locale":"pt_BR","og_type":"article","og_title":"Queijo Morbier - Fran\u00e7aise - Queijos no Brasil","og_description":"Caracter\u00edsticas:Formato: cil\u00edndrico;Sabor: suave tendendo ao \u00e1cido;Peso: 2.5 a 2.8 quilos, inteiro ou comercializado fatiado em cunhas de 250 gramas;Textura: fechada com uma fina linha de carv\u00e3o horizontal;Cor: amarelo palha;Casca: tratada nos primeiros dias e finalizada com tinta natural amarelo ouro. Tecnologia para 50 litrosLeite fresco: filtrado, pasteurizado (pasteuriza\u00e7\u00e3o r\u00e1pida ou lenta), acidez entre 16 a [&hellip;]","og_url":"https:\/\/queijosnobrasil.com.br\/site\/queijo-morbier-francaise\/","og_site_name":"Queijos no Brasil","article_published_time":"2022-12-20T12:02:02+00:00","article_modified_time":"2023-09-18T12:33:34+00:00","og_image":[{"width":300,"height":200,"url":"https:\/\/queijosnobrasil.com.br\/site\/wp-content\/uploads\/2022\/12\/morbier-france.gif","type":"image\/gif"}],"author":"Queijos no Brasil","twitter_card":"summary_large_image","twitter_misc":{"Escrito por":"Queijos no Brasil","Est. tempo de leitura":"4 minutos"},"schema":{"@context":"https:\/\/schema.org","@graph":[{"@type":"Article","@id":"https:\/\/queijosnobrasil.com.br\/site\/queijo-morbier-francaise\/#article","isPartOf":{"@id":"https:\/\/queijosnobrasil.com.br\/site\/queijo-morbier-francaise\/"},"author":{"name":"Queijos no Brasil","@id":"https:\/\/queijosnobrasil.com.br\/site\/#\/schema\/person\/ffd948f2dd090403c987eb626885f72c"},"headline":"Queijo Morbier &#8211; Fran\u00e7aise","datePublished":"2022-12-20T12:02:02+00:00","dateModified":"2023-09-18T12:33:34+00:00","mainEntityOfPage":{"@id":"https:\/\/queijosnobrasil.com.br\/site\/queijo-morbier-francaise\/"},"wordCount":724,"commentCount":0,"publisher":{"@id":"https:\/\/queijosnobrasil.com.br\/site\/#organization"},"image":{"@id":"https:\/\/queijosnobrasil.com.br\/site\/queijo-morbier-francaise\/#primaryimage"},"thumbnailUrl":"https:\/\/queijosnobrasil.com.br\/site\/wp-content\/uploads\/2022\/12\/morbier-france.gif","keywords":["cheese artisanal","como fazer iogurte","como fazer iogurte em casa","como fazer queijo","como fazer queijo em casa","como fazer queijos em casa","como fazer ricota","concurso de queijos","curso de iogurte","curso de queijo","curso de queijo de leite cru","doce de leite","doce de leite vi\u00e7osa","escola de queijo","fazer queijo","fazer queijo em casa","fazer ricota em casa","iogurte","leite cru","manteiga","mestre queijeiro","planta based","queijaria","queijaria artesanal","queijeiro","queijo","queijo alagoa","queijo artesanal","queijo canastra","queijo colonia","queijo colonial","queijo de leite cru","queijo do brasil","queijo italiano","queijo minas artesanal","queijo mineiro","queijo no brasil","queijo vegano","requeij\u00e3o","requeij\u00e3o crioulo","requeij\u00e3o de maraj\u00f3","requeij\u00e3o mineiro","ricota","selo arte","selo queijo artesanal"],"articleSection":["Tudo sobre Queijo"],"inLanguage":"pt-BR","potentialAction":[{"@type":"CommentAction","name":"Comment","target":["https:\/\/queijosnobrasil.com.br\/site\/queijo-morbier-francaise\/#respond"]}]},{"@type":"WebPage","@id":"https:\/\/queijosnobrasil.com.br\/site\/queijo-morbier-francaise\/","url":"https:\/\/queijosnobrasil.com.br\/site\/queijo-morbier-francaise\/","name":"Queijo Morbier - Fran\u00e7aise - Queijos no Brasil","isPartOf":{"@id":"https:\/\/queijosnobrasil.com.br\/site\/#website"},"primaryImageOfPage":{"@id":"https:\/\/queijosnobrasil.com.br\/site\/queijo-morbier-francaise\/#primaryimage"},"image":{"@id":"https:\/\/queijosnobrasil.com.br\/site\/queijo-morbier-francaise\/#primaryimage"},"thumbnailUrl":"https:\/\/queijosnobrasil.com.br\/site\/wp-content\/uploads\/2022\/12\/morbier-france.gif","datePublished":"2022-12-20T12:02:02+00:00","dateModified":"2023-09-18T12:33:34+00:00","breadcrumb":{"@id":"https:\/\/queijosnobrasil.com.br\/site\/queijo-morbier-francaise\/#breadcrumb"},"inLanguage":"pt-BR","potentialAction":[{"@type":"ReadAction","target":["https:\/\/queijosnobrasil.com.br\/site\/queijo-morbier-francaise\/"]}]},{"@type":"ImageObject","inLanguage":"pt-BR","@id":"https:\/\/queijosnobrasil.com.br\/site\/queijo-morbier-francaise\/#primaryimage","url":"https:\/\/queijosnobrasil.com.br\/site\/wp-content\/uploads\/2022\/12\/morbier-france.gif","contentUrl":"https:\/\/queijosnobrasil.com.br\/site\/wp-content\/uploads\/2022\/12\/morbier-france.gif","width":300,"height":200},{"@type":"BreadcrumbList","@id":"https:\/\/queijosnobrasil.com.br\/site\/queijo-morbier-francaise\/#breadcrumb","itemListElement":[{"@type":"ListItem","position":1,"name":"In\u00edcio","item":"https:\/\/queijosnobrasil.com.br\/site\/"},{"@type":"ListItem","position":2,"name":"Queijo Morbier &#8211; Fran\u00e7aise"}]},{"@type":"WebSite","@id":"https:\/\/queijosnobrasil.com.br\/site\/#website","url":"https:\/\/queijosnobrasil.com.br\/site\/","name":"Queijos no Brasil","description":"Empresa voltada a difus\u00e3o de t\u00e9cnicas de fabrica\u00e7\u00e3o e com\u00e9rcio de ingredientes para produtos l\u00e1cteos : queijo (mussarela, Minas Frescal, coalho, ricota...), iogurte, coalhada, requeij\u00e3o, doce de leite e derivados l\u00e1ticos em geral.","publisher":{"@id":"https:\/\/queijosnobrasil.com.br\/site\/#organization"},"potentialAction":[{"@type":"SearchAction","target":{"@type":"EntryPoint","urlTemplate":"https:\/\/queijosnobrasil.com.br\/site\/?s={search_term_string}"},"query-input":{"@type":"PropertyValueSpecification","valueRequired":true,"valueName":"search_term_string"}}],"inLanguage":"pt-BR"},{"@type":"Organization","@id":"https:\/\/queijosnobrasil.com.br\/site\/#organization","name":"Queijos no Brasil","url":"https:\/\/queijosnobrasil.com.br\/site\/","logo":{"@type":"ImageObject","inLanguage":"pt-BR","@id":"https:\/\/queijosnobrasil.com.br\/site\/#\/schema\/logo\/image\/","url":"https:\/\/queijosnobrasil.com.br\/site\/wp-content\/uploads\/2025\/04\/logo-1.webp","contentUrl":"https:\/\/queijosnobrasil.com.br\/site\/wp-content\/uploads\/2025\/04\/logo-1.webp","width":288,"height":288,"caption":"Queijos no Brasil"},"image":{"@id":"https:\/\/queijosnobrasil.com.br\/site\/#\/schema\/logo\/image\/"},"sameAs":["https:\/\/www.youtube.com\/@queijosnobrasil1698"]},{"@type":"Person","@id":"https:\/\/queijosnobrasil.com.br\/site\/#\/schema\/person\/ffd948f2dd090403c987eb626885f72c","name":"Queijos no Brasil","image":{"@type":"ImageObject","inLanguage":"pt-BR","@id":"https:\/\/secure.gravatar.com\/avatar\/670b886dc6ab5c07aeb3effa3b8646ea730b765de2cd4c96f5dd2d6a6b9867d0?s=96&d=mm&r=g","url":"https:\/\/secure.gravatar.com\/avatar\/670b886dc6ab5c07aeb3effa3b8646ea730b765de2cd4c96f5dd2d6a6b9867d0?s=96&d=mm&r=g","contentUrl":"https:\/\/secure.gravatar.com\/avatar\/670b886dc6ab5c07aeb3effa3b8646ea730b765de2cd4c96f5dd2d6a6b9867d0?s=96&d=mm&r=g","caption":"Queijos no Brasil"},"url":"https:\/\/queijosnobrasil.com.br\/site\/author\/admin\/"}]}},"_links":{"self":[{"href":"https:\/\/queijosnobrasil.com.br\/site\/wp-json\/wp\/v2\/posts\/6273","targetHints":{"allow":["GET"]}}],"collection":[{"href":"https:\/\/queijosnobrasil.com.br\/site\/wp-json\/wp\/v2\/posts"}],"about":[{"href":"https:\/\/queijosnobrasil.com.br\/site\/wp-json\/wp\/v2\/types\/post"}],"author":[{"embeddable":true,"href":"https:\/\/queijosnobrasil.com.br\/site\/wp-json\/wp\/v2\/users\/1"}],"replies":[{"embeddable":true,"href":"https:\/\/queijosnobrasil.com.br\/site\/wp-json\/wp\/v2\/comments?post=6273"}],"version-history":[{"count":7,"href":"https:\/\/queijosnobrasil.com.br\/site\/wp-json\/wp\/v2\/posts\/6273\/revisions"}],"predecessor-version":[{"id":8552,"href":"https:\/\/queijosnobrasil.com.br\/site\/wp-json\/wp\/v2\/posts\/6273\/revisions\/8552"}],"wp:attachment":[{"href":"https:\/\/queijosnobrasil.com.br\/site\/wp-json\/wp\/v2\/media?parent=6273"}],"wp:term":[{"taxonomy":"category","embeddable":true,"href":"https:\/\/queijosnobrasil.com.br\/site\/wp-json\/wp\/v2\/categories?post=6273"},{"taxonomy":"post_tag","embeddable":true,"href":"https:\/\/queijosnobrasil.com.br\/site\/wp-json\/wp\/v2\/tags?post=6273"}],"curies":[{"name":"wp","href":"https:\/\/api.w.org\/{rel}","templated":true}]}}